{"id":923,"date":"2020-03-20T17:59:25","date_gmt":"2020-03-20T16:59:25","guid":{"rendered":"https:\/\/www.clg-berty-albrecht.ac-nice.fr\/?p=923"},"modified":"2020-03-21T18:00:14","modified_gmt":"2020-03-21T17:00:14","slug":"allocation-de-rentree-scolaire","status":"publish","type":"post","link":"https:\/\/www.clg-berty-albrecht.ac-nice.fr\/?p=923","title":{"rendered":"ALLOCATION DE RENTR\u00c9E SCOLAIRE"},"content":{"rendered":"<p>L&rsquo;Allocation de Rentr\u00e9e Scolaire (<a href=\"http:\/\/www.caf.fr\/allocataires\/droits-et-prestations\/s-informer-sur-les-aides\/enfance-et-jeunesse\/l-allocation-de-rentree-scolaire-ars\">ARS<\/a>) est une aide financi\u00e8re de l&rsquo;\u00e9tat permettant d&rsquo;aider les familles \u00e0 financer les d\u00e9penses li\u00e9es \u00e0 la <a href=\"https:\/\/www.fournisseur-energie.com\/actualites\/rentree-scolaire-durable\/\">rentr\u00e9e scolaire<\/a>.&nbsp;<\/p>\n<p>Celle-ci est vers\u00e9e sous conditions de ressources, aux familles ayant au moins un enfant scolaris\u00e9 et \u00e2g\u00e9 de 6 \u00e0 18 ans. Son montant varie en fonction de l&rsquo;\u00e2ge de l&rsquo;enfant.&nbsp;<\/p>\n<p>En 2020, il s&rsquo;\u00e9chelonne comme suit apr\u00e8s d\u00e9compte de la contribution au remboursement de la dette sociale (CRDS) :<\/p>\n<ul>\n<li>6-10 ans : 368,84\u20ac<\/li>\n<li>11-14 ans : 389,19\u20ac<\/li>\n<li>15-18 ans : 402,67\u20ac<\/li>\n<\/ul>\n<p>L&rsquo;enfant qui est concern\u00e9 par l&rsquo;ARS doit soit \u00eatre scolaris\u00e9 \/ inscrit au CNED \u00e0 la rentr\u00e9e concern\u00e9e, soit \u00eatre en apprentissage avec une r\u00e9mun\u00e9ration inf\u00e9rieur ou \u00e9gale \u00e0 55% du SMIC.&nbsp;<\/p>\n<p>Sachez que la CAF propose d&rsquo;autres aides aux familles comme l&rsquo;aide au d\u00e9m\u00e9nagement, en effet si vous <a href=\"https:\/\/www.papernest.com\/simulation-credit-immobilier\/\">achetez un bien<\/a> ou simplement <a href=\"https:\/\/www.fournisseur-energie.com\/demenagement\/contrat-electricite\/demenagement\/\">d\u00e9m\u00e9nagez<\/a> pour un logement plus grand \u00e0 l&rsquo;arriv\u00e9e d&rsquo;un nouvel enfant, la CAF vous propose l\u00e0 aussi un soutien financier.&nbsp;<\/p>\n<p>D\u00e9couvrez <a href=\"https:\/\/www.papernest.com\/etat-des-lieux\/actualites\/allocation-rentree-scolaire\/\">ici<\/a> les d\u00e9marches \u00e0 effectuer pour obtenir l&rsquo;allocation de rentr\u00e9e scolaire<\/p>\n","protected":false},"excerpt":{"rendered":"<p>L&rsquo;Allocation de Rentr\u00e9e Scolaire (ARS) est une aide financi\u00e8re de l&rsquo;\u00e9tat permettant d&rsquo;aider les familles \u00e0 financer les d\u00e9penses li\u00e9es \u00e0 la rentr\u00e9e scolaire.&nbsp; Celle-ci est vers\u00e9e sous conditions de ressources, aux familles ayant au moins un enfant scolaris\u00e9 et \u00e2g\u00e9 de 6 \u00e0 18 ans. Son montant varie en fonction de l&rsquo;\u00e2ge de l&rsquo;enfant.&nbsp; [&hellip;]<\/p>\n","protected":false},"author":634,"featured_media":0,"comment_status":"closed","ping_status":"closed","sticky":false,"template":"","format":"standard","meta":{"ngg_post_thumbnail":0,"footnotes":""},"categories":[1],"tags":[],"class_list":["post-923","post","type-post","status-publish","format-standard","hentry","category-non-classe"],"_links":{"self":[{"href":"https:\/\/www.clg-berty-albrecht.ac-nice.fr\/index.php?rest_route=\/wp\/v2\/posts\/923","targetHints":{"allow":["GET"]}}],"collection":[{"href":"https:\/\/www.clg-berty-albrecht.ac-nice.fr\/index.php?rest_route=\/wp\/v2\/posts"}],"about":[{"href":"https:\/\/www.clg-berty-albrecht.ac-nice.fr\/index.php?rest_route=\/wp\/v2\/types\/post"}],"author":[{"embeddable":true,"href":"https:\/\/www.clg-berty-albrecht.ac-nice.fr\/index.php?rest_route=\/wp\/v2\/users\/634"}],"replies":[{"embeddable":true,"href":"https:\/\/www.clg-berty-albrecht.ac-nice.fr\/index.php?rest_route=%2Fwp%2Fv2%2Fcomments&post=923"}],"version-history":[{"count":0,"href":"https:\/\/www.clg-berty-albrecht.ac-nice.fr\/index.php?rest_route=\/wp\/v2\/posts\/923\/revisions"}],"wp:attachment":[{"href":"https:\/\/www.clg-berty-albrecht.ac-nice.fr\/index.php?rest_route=%2Fwp%2Fv2%2Fmedia&parent=923"}],"wp:term":[{"taxonomy":"category","embeddable":true,"href":"https:\/\/www.clg-berty-albrecht.ac-nice.fr\/index.php?rest_route=%2Fwp%2Fv2%2Fcategories&post=923"},{"taxonomy":"post_tag","embeddable":true,"href":"https:\/\/www.clg-berty-albrecht.ac-nice.fr\/index.php?rest_route=%2Fwp%2Fv2%2Ftags&post=923"}],"curies":[{"name":"wp","href":"https:\/\/api.w.org\/{rel}","templated":true}]}}