{"id":911,"date":"2020-03-21T17:07:47","date_gmt":"2020-03-21T16:07:47","guid":{"rendered":"https:\/\/www.clg-berty-albrecht.ac-nice.fr\/?p=911"},"modified":"2020-05-18T23:43:07","modified_gmt":"2020-05-18T21:43:07","slug":"continuite-pedagogique","status":"publish","type":"post","link":"https:\/\/www.clg-berty-albrecht.ac-nice.fr\/?p=911","title":{"rendered":"CONTINUITE PEDAGOGIQUE"},"content":{"rendered":"<p>Mesdames, messieurs,<br \/>\n&nbsp;<br \/>\nDepuis le mardi 17 mars 2020, les professeurs proposent individuellement \u00e0 leurs \u00e9l\u00e8ves des cours et des exercices en ligne sur l&rsquo;application Pronote. Les contenus seront accessibles soit dans l&rsquo;onglet \u00ab\u00a0cahier de texte\u00a0\u00bb soit \u00ab\u00a0communication\u00a0\u00bb (\u00e0 partir du compte \u00e9l\u00e8ve).<br \/>\nChaque professeur donnera ses propres consignes sur le temps de travail recommand\u00e9 pour vos enfants. Nous vous demandons de veiller \u00e0 ce qu&rsquo;ils se connectent quotidiennement et r\u00e9guli\u00e8rement.<br \/>\n<strong>Les \u00e9l\u00e8ves doivent se connecter avec leurs identifiants \u00e9l\u00e8ves.<\/strong><\/p>\n<p>Pour les familles qui ont des difficult\u00e9s pour se connecter , faites vous conna\u00eetre rapidement aupr\u00e8s du coll\u00e8ge par mail au <a href=\"mailto:ce.0830039s@ac-nice.fr\">mailto:ce.0830039s@ac-nice.fr<\/a><br \/>\nPar ailleurs, vous pouvez aller sur les sites ci-dessous pour trouver des ressources p\u00e9dagogiques compl\u00e9mentaires.<\/p>\n<p>-\u00ab\u00a0ma classe \u00e0 la maison coll\u00e8ge\u00a0\u00bb :<a href=\"https:\/\/college.cned.fr\/login\/index.php\">https:\/\/college.cned.fr\/login\/index.php<\/a><\/p>\n<p>&#8211;\u00a0\u00bb lumn\u00a0\u00bb i : <a href=\"https:\/\/www.lumni.fr\/\">https:\/\/www.lumni.fr\/<\/a>&nbsp;<br \/>\n&nbsp;<br \/>\n&#8211; Aucune r\u00e9union en pr\u00e9sentiel n&rsquo;est autoris\u00e9e. Par cons\u00e9quent, les conseils de classes n&rsquo;auront pas lieu mais les bilans seront effectu\u00e9s par les<br \/>\nprofesseurs principaux en concertation avec les \u00e9quipes p\u00e9dagogiques. Vous pourrez acc\u00e9der aux bulletins sur Pronote d\u00e8s le vendredi 27 mars<br \/>\n2020.<br \/>\n&nbsp;<br \/>\n&#8211; <strong>Le DNB blanc ainsi que les stages sont annul\u00e9s et report\u00e9s.<\/strong><br \/>\n&nbsp;<br \/>\nSuivant l&rsquo;\u00e9volution de la crise sanitaire sur le territoire et les consignes gouvernementales, nous vous informerons d&rsquo;\u00e9ventuelles nouvelles dispositions.<br \/>\n&nbsp;<br \/>\nBien cordialement,<br \/>\nLa Direction<br \/>\n&nbsp;<br \/>\nLiens :&nbsp;<br \/>\n&#8211; foire aux questions : <a href=\"https:\/\/www.education.gouv.fr\/coronavirus-covid-19\">https:\/\/www.education.gouv.fr\/coronavirus-covid-19&nbsp;<\/a><br \/>\n&#8211; TUTO Pronote&nbsp; :&nbsp;<a href=\"https:\/\/www.index-education.com\/fr\/enseignement-distance-pronote.php\">https:\/\/www.index-education.com\/fr\/enseignement-distance-pronote.php<\/a><\/p>\n","protected":false},"excerpt":{"rendered":"<p>Mesdames, messieurs, &nbsp; Depuis le mardi 17 mars 2020, les professeurs proposent individuellement \u00e0 leurs \u00e9l\u00e8ves des cours et des exercices en ligne sur l&rsquo;application Pronote. Les contenus seront accessibles soit dans l&rsquo;onglet \u00ab\u00a0cahier de texte\u00a0\u00bb soit \u00ab\u00a0communication\u00a0\u00bb (\u00e0 partir du compte \u00e9l\u00e8ve). Chaque professeur donnera ses propres consignes sur le temps de travail recommand\u00e9 [&hellip;]<\/p>\n","protected":false},"author":634,"featured_media":0,"comment_status":"closed","ping_status":"closed","sticky":false,"template":"","format":"standard","meta":{"ngg_post_thumbnail":0,"footnotes":""},"categories":[61,62],"tags":[],"class_list":["post-911","post","type-post","status-publish","format-standard","hentry","category-actualites","category-le-college-dans-la-presse"],"_links":{"self":[{"href":"https:\/\/www.clg-berty-albrecht.ac-nice.fr\/index.php?rest_route=\/wp\/v2\/posts\/911","targetHints":{"allow":["GET"]}}],"collection":[{"href":"https:\/\/www.clg-berty-albrecht.ac-nice.fr\/index.php?rest_route=\/wp\/v2\/posts"}],"about":[{"href":"https:\/\/www.clg-berty-albrecht.ac-nice.fr\/index.php?rest_route=\/wp\/v2\/types\/post"}],"author":[{"embeddable":true,"href":"https:\/\/www.clg-berty-albrecht.ac-nice.fr\/index.php?rest_route=\/wp\/v2\/users\/634"}],"replies":[{"embeddable":true,"href":"https:\/\/www.clg-berty-albrecht.ac-nice.fr\/index.php?rest_route=%2Fwp%2Fv2%2Fcomments&post=911"}],"version-history":[{"count":0,"href":"https:\/\/www.clg-berty-albrecht.ac-nice.fr\/index.php?rest_route=\/wp\/v2\/posts\/911\/revisions"}],"wp:attachment":[{"href":"https:\/\/www.clg-berty-albrecht.ac-nice.fr\/index.php?rest_route=%2Fwp%2Fv2%2Fmedia&parent=911"}],"wp:term":[{"taxonomy":"category","embeddable":true,"href":"https:\/\/www.clg-berty-albrecht.ac-nice.fr\/index.php?rest_route=%2Fwp%2Fv2%2Fcategories&post=911"},{"taxonomy":"post_tag","embeddable":true,"href":"https:\/\/www.clg-berty-albrecht.ac-nice.fr\/index.php?rest_route=%2Fwp%2Fv2%2Ftags&post=911"}],"curies":[{"name":"wp","href":"https:\/\/api.w.org\/{rel}","templated":true}]}}