{"id":83,"date":"2012-05-13T14:08:22","date_gmt":"2012-05-13T12:08:22","guid":{"rendered":"https:\/\/wmu.ac-nice.fr\/clg-albrecht\/2012\/05\/13\/les-correspondants-allemands-accueillis-a-berty\/"},"modified":"2012-05-13T14:08:22","modified_gmt":"2012-05-13T12:08:22","slug":"les-correspondants-allemands-accueillis-a-berty","status":"publish","type":"post","link":"https:\/\/www.clg-berty-albrecht.ac-nice.fr\/?p=83","title":{"rendered":"Les correspondants allemands accueillis \u00e0 Berty !"},"content":{"rendered":"<p><span style=\"color: #3366ff;\"><span style=\"font-size: large;\"><br \/><\/span><\/span><\/p>\n<p><span style=\"color: #3366ff;\"><span style=\"font-size: large;\">Accueil par M Bini des correspondants allemands de Neuenb\u00fcrg avec un petit d\u00e9jeuner.<\/span><\/span><\/p>\n<p><span style=\"color: #3366ff;\"><span style=\"font-size: large;\">Les allemands sont \u00e0 Sainte Maxime du 06 au 12 mai, participent aux cours et visitent la r\u00e9gion<\/span>.<\/span><\/p>\n<p>\u00a0<\/p>\n<p>\u00a0<\/p>\n<p><img loading=\"lazy\" decoding=\"async\" class=\" size-full wp-image-81\" src=\"http:\/\/wmu.ac-nice.fr\/clg-albrecht\/wp-content\/uploads\/sites\/120\/2012\/05\/allemands02.jpg\" border=\"0\" width=\"658\" height=\"460\" srcset=\"https:\/\/www.clg-berty-albrecht.ac-nice.fr\/wp-content\/uploads\/sites\/120\/2012\/05\/allemands02.jpg 836w, https:\/\/www.clg-berty-albrecht.ac-nice.fr\/wp-content\/uploads\/sites\/120\/2012\/05\/allemands02-300x210.jpg 300w, https:\/\/www.clg-berty-albrecht.ac-nice.fr\/wp-content\/uploads\/sites\/120\/2012\/05\/allemands02-768x537.jpg 768w\" sizes=\"auto, (max-width: 658px) 100vw, 658px\" \/><\/p>\n<p>\u00a0<\/p>\n<p>\u00a0<\/p>\n<p><img loading=\"lazy\" decoding=\"async\" class=\" alignleft size-full wp-image-82\" src=\"http:\/\/wmu.ac-nice.fr\/clg-albrecht\/wp-content\/uploads\/sites\/120\/2012\/05\/allemands01.jpg\" border=\"0\" width=\"654\" height=\"471\" style=\"float: left;\" srcset=\"https:\/\/www.clg-berty-albrecht.ac-nice.fr\/wp-content\/uploads\/sites\/120\/2012\/05\/allemands01.jpg 762w, https:\/\/www.clg-berty-albrecht.ac-nice.fr\/wp-content\/uploads\/sites\/120\/2012\/05\/allemands01-300x217.jpg 300w\" sizes=\"auto, (max-width: 654px) 100vw, 654px\" \/><\/p>\n","protected":false},"excerpt":{"rendered":"<p>Accueil par M Bini des correspondants allemands de Neuenb\u00fcrg avec un petit d\u00e9jeuner. Les allemands sont \u00e0 Sainte Maxime du 06 au 12 mai, participent aux cours et visitent la r\u00e9gion. \u00a0 \u00a0 \u00a0 \u00a0<\/p>\n","protected":false},"author":448,"featured_media":81,"comment_status":"closed","ping_status":"closed","sticky":false,"template":"","format":"standard","meta":{"ngg_post_thumbnail":0,"footnotes":""},"categories":[34],"tags":[],"class_list":["post-83","post","type-post","status-publish","format-standard","has-post-thumbnail","hentry","category-neuenbuerg"],"_links":{"self":[{"href":"https:\/\/www.clg-berty-albrecht.ac-nice.fr\/index.php?rest_route=\/wp\/v2\/posts\/83","targetHints":{"allow":["GET"]}}],"collection":[{"href":"https:\/\/www.clg-berty-albrecht.ac-nice.fr\/index.php?rest_route=\/wp\/v2\/posts"}],"about":[{"href":"https:\/\/www.clg-berty-albrecht.ac-nice.fr\/index.php?rest_route=\/wp\/v2\/types\/post"}],"author":[{"embeddable":true,"href":"https:\/\/www.clg-berty-albrecht.ac-nice.fr\/index.php?rest_route=\/wp\/v2\/users\/448"}],"replies":[{"embeddable":true,"href":"https:\/\/www.clg-berty-albrecht.ac-nice.fr\/index.php?rest_route=%2Fwp%2Fv2%2Fcomments&post=83"}],"version-history":[{"count":0,"href":"https:\/\/www.clg-berty-albrecht.ac-nice.fr\/index.php?rest_route=\/wp\/v2\/posts\/83\/revisions"}],"wp:featuredmedia":[{"embeddable":true,"href":"https:\/\/www.clg-berty-albrecht.ac-nice.fr\/index.php?rest_route=\/wp\/v2\/media\/81"}],"wp:attachment":[{"href":"https:\/\/www.clg-berty-albrecht.ac-nice.fr\/index.php?rest_route=%2Fwp%2Fv2%2Fmedia&parent=83"}],"wp:term":[{"taxonomy":"category","embeddable":true,"href":"https:\/\/www.clg-berty-albrecht.ac-nice.fr\/index.php?rest_route=%2Fwp%2Fv2%2Fcategories&post=83"},{"taxonomy":"post_tag","embeddable":true,"href":"https:\/\/www.clg-berty-albrecht.ac-nice.fr\/index.php?rest_route=%2Fwp%2Fv2%2Ftags&post=83"}],"curies":[{"name":"wp","href":"https:\/\/api.w.org\/{rel}","templated":true}]}}