{"id":75,"date":"2012-02-21T14:08:21","date_gmt":"2012-02-21T13:08:21","guid":{"rendered":"https:\/\/wmu.ac-nice.fr\/clg-albrecht\/2012\/02\/21\/travail-sur-la-resistance\/"},"modified":"2012-02-21T14:08:21","modified_gmt":"2012-02-21T13:08:21","slug":"travail-sur-la-resistance","status":"publish","type":"post","link":"https:\/\/www.clg-berty-albrecht.ac-nice.fr\/?p=75","title":{"rendered":"Travail sur la r\u00e9sistance"},"content":{"rendered":"<p style=\"text-align: left;\">21\/02\/2012<\/p>\n<p align=\"center\"><span style=\"font-size: x-large;\"><strong><span style=\"color: #ff0000;\">Des \u00e9l\u00e8ves de troisi\u00e8me rencontrent des r\u00e9sistants<\/span><\/strong><\/span><\/p>\n<p>\u00a0<\/p>\n<p style=\"text-align: center;\"><img loading=\"lazy\" decoding=\"async\" class=\" size-full wp-image-74\" src=\"http:\/\/wmu.ac-nice.fr\/clg-albrecht\/wp-content\/uploads\/sites\/120\/2012\/02\/anthony.png\" border=\"0\" width=\"463\" height=\"374\" \/><\/p>\n<p>\u00a0<\/p>\n<p>Les \u00e9l\u00e8ves de 3<sup>\u00e8me<\/sup> B, C, D et G ont eu la chance d\u2019\u00e9couter les t\u00e9moignages de quatre r\u00e9sistants au coll\u00e8ge. Chacun d\u2019entre eux s\u2019est pr\u00e9sent\u00e9 de fa\u00e7on succincte avant de laisser la parole aux \u00e9l\u00e8ves dont les questions furent nombreuses et diverses. Plus qu\u2019un cours d\u2019histoire, il s\u2019agissait avant tout d\u2019une rencontre humaine. Pour la premi\u00e8re fois, ces \u00e9l\u00e8ves \u00e9taient en contact avec des acteurs de l\u2019Histoire. Nous remercions Max DAUPHIN, Ren\u00e9 CL\u00c9RIAN, Yvonne ANFOUX et Maurice FEY de venir chaque ann\u00e9e nous aider \u00e0 expliquer cette page de l\u2019Histoire \u00e0 nos \u00e9l\u00e8ves. Voici ce qu\u2019Estelle MASQUELIER et Marie FERRERO, \u00e9l\u00e8ves de 3<sup>\u00e8me<\/sup> C, ont retenu de cette rencontre.<\/p>\n<p><strong>M. GUYON.<\/strong><\/p>\n<p>\u00a0<\/p>\n<p><em>Lors de la r\u00e9union du 13 f\u00e9vrier 2012, nous avons eu la chance de rencontrer quatre r\u00e9sistants de la Seconde Guerre mondiale\u00a0:<\/em><\/p>\n<p><em>&#8211;\u00a0\u00a0\u00a0\u00a0\u00a0\u00a0\u00a0\u00a0\u00a0 <strong>Maurice FEY<\/strong>, r\u00e9sistant parisien, travaillait dans des usines avant la guerre,<\/em><\/p>\n<p><em>&#8211;\u00a0\u00a0\u00a0\u00a0\u00a0\u00a0\u00a0\u00a0\u00a0 <strong>Max DAUPHIN,<\/strong> r\u00e9sistant dans la zone libre, apprenti charcutier avant la guerre, \u00e0 16 ans il postait des tracts dans les boites aux lettres apr\u00e8s le couvre feu puis \u00e0 18 ans il est entr\u00e9 dans la marine nationale,<\/em><\/p>\n<p><em>&#8211;\u00a0\u00a0\u00a0\u00a0\u00a0\u00a0\u00a0\u00a0\u00a0<strong> Ren\u00e9 CL\u00c9RIAN<\/strong>, r\u00e9sistant dans la zone libre,<\/em><\/p>\n<p><em>&#8211;\u00a0\u00a0\u00a0\u00a0\u00a0\u00a0\u00a0\u00a0\u00a0 <strong>Yvonne ANFOUX<\/strong>, r\u00e9sistante dans la zone libre, boulang\u00e8re avant la guerre, elle r\u00e9cup\u00e9rait le mat\u00e9riel largu\u00e9 par avion la nuit.<\/em><\/p>\n<p><em> <\/em><\/p>\n<p><em>Les premiers r\u00e9sistants et les premiers maquis du Var se sont cr\u00e9\u00e9s \u00e0 Sainte-Maxime, ils ont \u00e9t\u00e9 d\u00e9log\u00e9s par des GMR (Groupes Mobiles de R\u00e9pression). La R\u00e9sistance dans la zone occup\u00e9e \u00e9tait plus compliqu\u00e9e que dans la zone libre, et encore plus dans les grandes villes. Les r\u00e9sistants ne connaissaient que 3 autres membres de leur groupe, ce qui permettait en cas d\u2019arrestation de ne pas pouvoir d\u00e9noncer tout le r\u00e9seau. La peur de se faire prendre par les Allemands \u00e9tait permanente, si un r\u00e9sistant \u00e9tait arr\u00eat\u00e9, il pouvait \u00eatre tortur\u00e9 mais dans tous les cas il \u00e9tait obligatoirement tu\u00e9. Les r\u00e9sistants avaient pour ordre de ne pas parler pendant les premi\u00e8res 48 heures apr\u00e8s leur arrestation pour permettre aux autres de se mettre \u00e0 l\u2019abri. Lorsqu\u2019on apprenait l\u2019existence d\u2019un \u00ab\u00a0collabo\u00a0\u00bb il \u00e9tait tu\u00e9 par les r\u00e9sistants.<\/em><\/p>\n<p><em>Les Fran\u00e7ais entraient dans la R\u00e9sistance car ils n\u2019avaient pas assez de libert\u00e9 et ils refusaient le STO (Service du Travail Obligatoire, les hommes \u00e9taient envoy\u00e9s de force en Allemagne pour travailler et ce pour une dur\u00e9e ind\u00e9termin\u00e9e \u00e0 partir de 1943). La plupart du temps la famille des r\u00e9sistants n\u2019\u00e9tait pas au courant de leurs actions pour la R\u00e9sistance. Lorsqu\u2019on s\u2019engageait dans la R\u00e9sistance on ne pouvait plus la quitter. Comme les maquis les plus importants \u00e9taient rapidement pris, ils \u00e9taient \u00a0compos\u00e9s en moyenne de 6 personnes.<\/em><\/p>\n<p><em>Durant la guerre les voitures \u00e9taient interdites aux civils, les r\u00e9sistants \u00e9taient donc oblig\u00e9s de marcher des centaines de kilom\u00e8tres \u00e0 pied ou \u00a0de se d\u00e9placer \u00e0 v\u00e9lo comme Maurice Fey.<\/em><\/p>\n<p><em>Les Allemands r\u00e9quisitionnaient une grande partie de la nourriture, ce qui causait une p\u00e9nurie, alors un syst\u00e8me de tickets de rationnement distribu\u00e9s par les mairies a \u00e9t\u00e9 mis en place mais souvent il manquait quand m\u00eame de la nourriture. C\u2019est \u00e0 cause de cela que le march\u00e9 noir se d\u00e9veloppait, on y vendait de la nourriture \u00e0 des prix beaucoup plus \u00e9lev\u00e9.<\/em><\/p>\n<p><em>Les journaux \u00e9taient tous dirig\u00e9s par les Allemands, la radio \u00e9tait le seul moyen libre que les Allemands n\u2019arrivaient pas \u00e0 compl\u00e8tement stopper c\u2019est d\u2019ailleurs gr\u00e2ce \u00e0 cela que le g\u00e9n\u00e9ral de Gaulle a pu faire son discours du 18 juin 1940 sur les ondes de la BBC. Ce discours a tout de m\u00eame \u00e9t\u00e9 publi\u00e9 dans le journal \u00ab\u00a0Le petit proven\u00e7al\u00a0\u00bb.<\/em><\/p>\n<p><em> <\/em><\/p>\n<p><em>Tous les r\u00e9sistants pr\u00e9sents durant la r\u00e9union d\u00e9non\u00e7aient le fait que seulement quelques personnes faisaient des actes pour la R\u00e9sistance mais qu\u2019apr\u00e8s la guerre des centaines de personnes se revendiquaient r\u00e9sistants alors qu\u2019ils n\u2019avaient rien fait de concret pour d\u00e9livrer la France des nazis. Max Dauphin a \u00e9galement \u00a0particip\u00e9 \u00e0 la guerre en Indochine, o\u00f9 des atrocit\u00e9s ont \u00e9t\u00e9 commises comme l\u2019assassinat d\u2019infirmi\u00e8res de la Croix Rouge dont il a retrouv\u00e9 les cadavres.<\/em><\/p>\n<p>\u00a0<\/p>\n<p align=\"center\"><span style=\"text-decoration: underline;\"><strong>Estelle MASQUELIER<\/strong><\/span><\/p>\n<p>\u00a0<\/p>\n<p><em>Le lundi 13 F\u00e9vrier 2012 nous avons eu un entretien avec quatre r\u00e9sistants. Parmi eux il y avait trois hommes et une femme. Il y avait Maurice FEY, Max DAUPHIN, Ren\u00e9 CL\u00c9RIAN et une Yvonne ENFOUX. Chacun d\u2019entre eux nous a racont\u00e9 son histoire et nous a donn\u00e9 son\u00a0 avis sur la R\u00e9sistance. Tous ces anciens r\u00e9sistants sont \u00e0 peu pr\u00e8s \u00e2g\u00e9s de 90 ans.<\/em><\/p>\n<p><em>Max DAUPHIN est entr\u00e9 en\u00a0 R\u00e9sistance \u00e0 l\u2019\u00e2ge de 16 ans. Pour commencer il a distribu\u00e9 des tracts. Il mettait les tracts dans son v\u00e9lo et se baladait de villages en villages pour distribuer les papiers dans les bo\u00eetes aux lettres. Il devait sortir de chez lui apr\u00e8s le couvre-feu pour que personne ne le voie et pour que personne ne le d\u00e9nonce.<\/em><\/p>\n<p><em>Ren\u00e9 nous a dit que nous \u00e9tions dans un coll\u00e8ge qui porte le nom d\u2019une vraie et grande r\u00e9sistante qui s\u2019est bien battue \u00ab\u00a0Berty ALBRECHT\u00a0\u00bb. Il nous a dit aussi que c\u2019est \u00e0 Sainte-Maxime qu\u2019il y a eu le premier maquis.<\/em><\/p>\n<p><em>Les r\u00e9sistants que nous avons vus, travaillaient presque tous au moment de la guerre. Yvonne \u00e9tait boulang\u00e8re, Ren\u00e9 se pr\u00e9parait au m\u00e9tier de boucher. Mais lors de la R\u00e9sistance ils ont du chang\u00e9 leurs habitudes et leur mode de vie.\u00a0 Leur famille ne voulait pas qu\u2019ils fassent de la R\u00e9sistance car c\u2019\u00e9tait trop dangereux .Il arrivait que la famille du r\u00e9sistant ne soit pas au courant ou que seul un des membres de la famille le soit.<\/em><\/p>\n<p><em>Pendant les actes de R\u00e9sistance, ils avaient en permanence peur du danger, peur de se faire arr\u00eater. Mais aucun des quatre ne s\u2019est fait arr\u00eater. Quelque soit les lieux ou la situation ils se posaient toutes sortes de questions. Lorsque que l\u2019on \u00e9tait\u00a0 r\u00e9sistant si l\u2019on se faisait arr\u00eater c\u2019\u00e9tait la mort assur\u00e9e.\u00a0 Comme nous l\u2019ont expliqu\u00e9 les r\u00e9sistants il \u00e9tait possible de se faire torturer. Les tortures \u00e9taient douloureuses et horribles.<\/em><\/p>\n<p><em>Max nous a expliqu\u00e9 que la nourriture \u00e9tait rationn\u00e9e et qu\u2019il avait droit seulement \u00e0 1500 calories par jour or le nombre moyen de calories pour un \u00eatre humain est de 2700 calories par jour. Max DAUPHIN nous a fait passer un ticket de rationnement pour nous montrer comment \u00e9tait organis\u00e9 le syst\u00e8me.<\/em><\/p>\n<p><em>A l\u2019heure d\u2019aujourd\u2019hui les r\u00e9sistants pensent toujours \u00e0 cette \u00e9poque de leur vie. Ils ne pourront jamais oublier cette p\u00e9riode qui les a marqu\u00e9s. Ils nous ont dit que leur mode de vie a bien chang\u00e9 et n\u2019est plus du tout le m\u00eame.<\/em><\/p>\n<p align=\"center\"><span style=\"text-decoration: underline;\"><strong>Marie FERRERO.<\/strong><\/span><\/p>\n","protected":false},"excerpt":{"rendered":"<p>21\/02\/2012 Des \u00e9l\u00e8ves de troisi\u00e8me rencontrent des r\u00e9sistants \u00a0 \u00a0 Les \u00e9l\u00e8ves de 3\u00e8me B, C, D et G ont eu la chance d\u2019\u00e9couter les t\u00e9moignages de quatre r\u00e9sistants au coll\u00e8ge. Chacun d\u2019entre eux s\u2019est pr\u00e9sent\u00e9 de fa\u00e7on succincte avant de laisser la parole aux \u00e9l\u00e8ves dont les questions furent nombreuses et diverses. Plus qu\u2019un [&hellip;]<\/p>\n","protected":false},"author":448,"featured_media":74,"comment_status":"closed","ping_status":"closed","sticky":false,"template":"","format":"standard","meta":{"ngg_post_thumbnail":0,"footnotes":""},"categories":[8],"tags":[],"class_list":["post-75","post","type-post","status-publish","format-standard","has-post-thumbnail","hentry","category-histoire-geographie"],"_links":{"self":[{"href":"https:\/\/www.clg-berty-albrecht.ac-nice.fr\/index.php?rest_route=\/wp\/v2\/posts\/75","targetHints":{"allow":["GET"]}}],"collection":[{"href":"https:\/\/www.clg-berty-albrecht.ac-nice.fr\/index.php?rest_route=\/wp\/v2\/posts"}],"about":[{"href":"https:\/\/www.clg-berty-albrecht.ac-nice.fr\/index.php?rest_route=\/wp\/v2\/types\/post"}],"author":[{"embeddable":true,"href":"https:\/\/www.clg-berty-albrecht.ac-nice.fr\/index.php?rest_route=\/wp\/v2\/users\/448"}],"replies":[{"embeddable":true,"href":"https:\/\/www.clg-berty-albrecht.ac-nice.fr\/index.php?rest_route=%2Fwp%2Fv2%2Fcomments&post=75"}],"version-history":[{"count":0,"href":"https:\/\/www.clg-berty-albrecht.ac-nice.fr\/index.php?rest_route=\/wp\/v2\/posts\/75\/revisions"}],"wp:featuredmedia":[{"embeddable":true,"href":"https:\/\/www.clg-berty-albrecht.ac-nice.fr\/index.php?rest_route=\/wp\/v2\/media\/74"}],"wp:attachment":[{"href":"https:\/\/www.clg-berty-albrecht.ac-nice.fr\/index.php?rest_route=%2Fwp%2Fv2%2Fmedia&parent=75"}],"wp:term":[{"taxonomy":"category","embeddable":true,"href":"https:\/\/www.clg-berty-albrecht.ac-nice.fr\/index.php?rest_route=%2Fwp%2Fv2%2Fcategories&post=75"},{"taxonomy":"post_tag","embeddable":true,"href":"https:\/\/www.clg-berty-albrecht.ac-nice.fr\/index.php?rest_route=%2Fwp%2Fv2%2Ftags&post=75"}],"curies":[{"name":"wp","href":"https:\/\/api.w.org\/{rel}","templated":true}]}}