{"id":654,"date":"2019-01-07T08:41:23","date_gmt":"2019-01-07T07:41:23","guid":{"rendered":"https:\/\/wmu.ac-nice.fr\/clg-albrecht\/2019\/01\/07\/les-6-b-a-la-decouverte-du-patrimoine-archeologique\/"},"modified":"2019-01-07T08:41:23","modified_gmt":"2019-01-07T07:41:23","slug":"les-6-b-a-la-decouverte-du-patrimoine-archeologique","status":"publish","type":"post","link":"https:\/\/www.clg-berty-albrecht.ac-nice.fr\/?p=654","title":{"rendered":"Les 6\u00b0B \u00e0 la d\u00e9couverte du patrimoine arch\u00e9ologique"},"content":{"rendered":"<h1> \tVendredi 7 d&eacute;cembre, les 6&deg;B ont rencontr&eacute; l&rsquo;arch&eacute;ologue Audrey MASSIERA-BUDA.<\/h1>\n<p> \t<a href=\"http:\/\/wmu.ac-nice.fr\/clg-albrecht\/wp-content\/uploads\/sites\/120\/2019\/01\/Ateliers_archo_07_12_18.pdf\"><img loading=\"lazy\" decoding=\"async\" class=\" size-full wp-image-652\" alt=\"\" height=\"444\" src=\"http:\/\/wmu.ac-nice.fr\/clg-albrecht\/wp-content\/uploads\/sites\/120\/2019\/01\/ARCHEO_21.jpg\" width=\"695\" srcset=\"https:\/\/www.clg-berty-albrecht.ac-nice.fr\/wp-content\/uploads\/sites\/120\/2019\/01\/ARCHEO_21.jpg 946w, https:\/\/www.clg-berty-albrecht.ac-nice.fr\/wp-content\/uploads\/sites\/120\/2019\/01\/ARCHEO_21-300x192.jpg 300w, https:\/\/www.clg-berty-albrecht.ac-nice.fr\/wp-content\/uploads\/sites\/120\/2019\/01\/ARCHEO_21-768x491.jpg 768w\" sizes=\"auto, (max-width: 695px) 100vw, 695px\" \/><\/a><\/p>\n<p> \t&nbsp;<\/p>\n<p> \tCliquez sur le lien pour acc&eacute;der &agrave; l&#39;article de madame Pitra.<\/p>\n","protected":false},"excerpt":{"rendered":"<p>Vendredi 7 d&eacute;cembre, les 6&deg;B ont rencontr&eacute; l&rsquo;arch&eacute;ologue Audrey MASSIERA-BUDA. &nbsp; Cliquez sur le lien pour acc&eacute;der &agrave; l&#39;article de madame Pitra.<\/p>\n","protected":false},"author":448,"featured_media":652,"comment_status":"closed","ping_status":"closed","sticky":false,"template":"","format":"standard","meta":{"ngg_post_thumbnail":0,"footnotes":""},"categories":[8],"tags":[],"class_list":["post-654","post","type-post","status-publish","format-standard","has-post-thumbnail","hentry","category-histoire-geographie"],"_links":{"self":[{"href":"https:\/\/www.clg-berty-albrecht.ac-nice.fr\/index.php?rest_route=\/wp\/v2\/posts\/654","targetHints":{"allow":["GET"]}}],"collection":[{"href":"https:\/\/www.clg-berty-albrecht.ac-nice.fr\/index.php?rest_route=\/wp\/v2\/posts"}],"about":[{"href":"https:\/\/www.clg-berty-albrecht.ac-nice.fr\/index.php?rest_route=\/wp\/v2\/types\/post"}],"author":[{"embeddable":true,"href":"https:\/\/www.clg-berty-albrecht.ac-nice.fr\/index.php?rest_route=\/wp\/v2\/users\/448"}],"replies":[{"embeddable":true,"href":"https:\/\/www.clg-berty-albrecht.ac-nice.fr\/index.php?rest_route=%2Fwp%2Fv2%2Fcomments&post=654"}],"version-history":[{"count":0,"href":"https:\/\/www.clg-berty-albrecht.ac-nice.fr\/index.php?rest_route=\/wp\/v2\/posts\/654\/revisions"}],"wp:featuredmedia":[{"embeddable":true,"href":"https:\/\/www.clg-berty-albrecht.ac-nice.fr\/index.php?rest_route=\/wp\/v2\/media\/652"}],"wp:attachment":[{"href":"https:\/\/www.clg-berty-albrecht.ac-nice.fr\/index.php?rest_route=%2Fwp%2Fv2%2Fmedia&parent=654"}],"wp:term":[{"taxonomy":"category","embeddable":true,"href":"https:\/\/www.clg-berty-albrecht.ac-nice.fr\/index.php?rest_route=%2Fwp%2Fv2%2Fcategories&post=654"},{"taxonomy":"post_tag","embeddable":true,"href":"https:\/\/www.clg-berty-albrecht.ac-nice.fr\/index.php?rest_route=%2Fwp%2Fv2%2Ftags&post=654"}],"curies":[{"name":"wp","href":"https:\/\/api.w.org\/{rel}","templated":true}]}}