{"id":651,"date":"2018-12-19T11:11:50","date_gmt":"2018-12-19T10:11:50","guid":{"rendered":"https:\/\/wmu.ac-nice.fr\/clg-albrecht\/2018\/12\/19\/les-secretaires\/"},"modified":"2020-02-21T22:55:47","modified_gmt":"2020-02-21T21:55:47","slug":"le-secretariat","status":"publish","type":"post","link":"https:\/\/www.clg-berty-albrecht.ac-nice.fr\/?p=651","title":{"rendered":"Le secr\u00e9tariat"},"content":{"rendered":"<p><strong><span style=\"font-size: 14pt;font-family: book antiqua, palatino, serif;color: #800080\">Le secr\u00e9tariat est compos\u00e9 de :<\/span><\/strong><\/p>\n<p>&nbsp;<\/p>\n<p><strong><span style=\"font-size: 14pt;font-family: book antiqua, palatino, serif;color: #800080\">Sandrine BRETON : secr\u00e9taire p\u00e9dagogique et des \u00e9l\u00e8ves<\/span><\/strong><\/p>\n<p><strong><span style=\"font-size: 14pt;font-family: book antiqua, palatino, serif;color: #800080\">Carole NURDIN : secr\u00e9taire de direction<\/span><\/strong><\/p>\n","protected":false},"excerpt":{"rendered":"<p>Le secr\u00e9tariat est compos\u00e9 de : &nbsp; Sandrine BRETON : secr\u00e9taire p\u00e9dagogique et des \u00e9l\u00e8ves Carole NURDIN : secr\u00e9taire de direction<\/p>\n","protected":false},"author":448,"featured_media":0,"comment_status":"closed","ping_status":"closed","sticky":false,"template":"","format":"standard","meta":{"ngg_post_thumbnail":0,"footnotes":""},"categories":[37],"tags":[],"class_list":["post-651","post","type-post","status-publish","format-standard","hentry","category-ladministration"],"_links":{"self":[{"href":"https:\/\/www.clg-berty-albrecht.ac-nice.fr\/index.php?rest_route=\/wp\/v2\/posts\/651","targetHints":{"allow":["GET"]}}],"collection":[{"href":"https:\/\/www.clg-berty-albrecht.ac-nice.fr\/index.php?rest_route=\/wp\/v2\/posts"}],"about":[{"href":"https:\/\/www.clg-berty-albrecht.ac-nice.fr\/index.php?rest_route=\/wp\/v2\/types\/post"}],"author":[{"embeddable":true,"href":"https:\/\/www.clg-berty-albrecht.ac-nice.fr\/index.php?rest_route=\/wp\/v2\/users\/448"}],"replies":[{"embeddable":true,"href":"https:\/\/www.clg-berty-albrecht.ac-nice.fr\/index.php?rest_route=%2Fwp%2Fv2%2Fcomments&post=651"}],"version-history":[{"count":0,"href":"https:\/\/www.clg-berty-albrecht.ac-nice.fr\/index.php?rest_route=\/wp\/v2\/posts\/651\/revisions"}],"wp:attachment":[{"href":"https:\/\/www.clg-berty-albrecht.ac-nice.fr\/index.php?rest_route=%2Fwp%2Fv2%2Fmedia&parent=651"}],"wp:term":[{"taxonomy":"category","embeddable":true,"href":"https:\/\/www.clg-berty-albrecht.ac-nice.fr\/index.php?rest_route=%2Fwp%2Fv2%2Fcategories&post=651"},{"taxonomy":"post_tag","embeddable":true,"href":"https:\/\/www.clg-berty-albrecht.ac-nice.fr\/index.php?rest_route=%2Fwp%2Fv2%2Ftags&post=651"}],"curies":[{"name":"wp","href":"https:\/\/api.w.org\/{rel}","templated":true}]}}