{"id":637,"date":"2018-11-13T18:01:07","date_gmt":"2018-11-13T17:01:07","guid":{"rendered":"https:\/\/wmu.ac-nice.fr\/clg-albrecht\/2018\/11\/13\/journee-sportive-ela\/"},"modified":"2020-05-18T23:17:25","modified_gmt":"2020-05-18T21:17:25","slug":"journee-sportive-ela","status":"publish","type":"post","link":"https:\/\/www.clg-berty-albrecht.ac-nice.fr\/?p=637","title":{"rendered":"JOURNEE SPORTIVE \u00ab\u00a0ELA\u00a0\u00bb"},"content":{"rendered":"<p><img loading=\"lazy\" decoding=\"async\" class=\" size-full wp-image-632\" src=\"http:\/\/wmu.ac-nice.fr\/clg-albrecht\/wp-content\/uploads\/sites\/120\/2018\/11\/ELA.jpg\" alt=\"\" width=\"580\" height=\"434\" srcset=\"https:\/\/www.clg-berty-albrecht.ac-nice.fr\/wp-content\/uploads\/sites\/120\/2018\/11\/ELA.jpg 941w, https:\/\/www.clg-berty-albrecht.ac-nice.fr\/wp-content\/uploads\/sites\/120\/2018\/11\/ELA-300x225.jpg 300w, https:\/\/www.clg-berty-albrecht.ac-nice.fr\/wp-content\/uploads\/sites\/120\/2018\/11\/ELA-768x576.jpg 768w\" sizes=\"auto, (max-width: 580px) 100vw, 580px\" \/><\/p>\n<h1>&nbsp;<\/h1>\n<h1>AQUATHLON 2018<\/h1>\n<p>&nbsp;<\/p>\n<h4>Le mardi 13 novembre 2018 au matin, 103 \u00e9l\u00e8ves de 4\u00e8me ont r\u00e9alis\u00e9 leur 1er aquathlon. Apr\u00e8s avoir nag\u00e9 200 m\u00e8tres de natation<\/h4>\n<h4>nos coll\u00e8giens ont pris leurs basquettes pour parcourir 1600 m\u00e8tres de course \u00e0 pied.<\/h4>\n<h4>LORANT Julie chez les filles et VERNAZ Santi remportent cet aquathlon<\/h4>\n<h4>F\u00e9licitations \u00e0 toutes les demoiselles et gar\u00e7ons qui ne se sont pas d\u00e9courager et qui ont accept\u00e9 de relever ce d\u00e9fi.<\/h4>\n<h4>&nbsp;<\/h4>\n<h4>Les professeurs d&rsquo;\u00e9ducation physique et sportive avaient bien pr\u00e9par\u00e9 leurs \u00e9l\u00e8ves. Encadr\u00e9 par 10 parents d&rsquo;\u00e9l\u00e8ves<\/h4>\n<h4>et des membres du club de triathlon&nbsp; Ose&rsquo;s \u00a0\u00bb sport de Sainte Maxime, cette nouvelle \u00e9dition a \u00e9t\u00e9 une r\u00e9ussite.<\/h4>\n<h4>Un petit b\u00e9mol , trop d&rsquo;\u00e9l\u00e8ves dispens\u00e9s ou absents.<\/h4>\n<p>&nbsp;<\/p>\n<p>&nbsp;<\/p>\n<p><a href=\"http:\/\/wmu.ac-nice.fr\/clg-albrecht\/wp-content\/uploads\/sites\/120\/2018\/11\/aquathlon_2018.pdf\"><img loading=\"lazy\" decoding=\"async\" class=\" size-full wp-image-634\" src=\"http:\/\/wmu.ac-nice.fr\/clg-albrecht\/wp-content\/uploads\/sites\/120\/2018\/11\/PART_15421272149961.jpg\" alt=\"\" width=\"594\" height=\"445\" srcset=\"https:\/\/www.clg-berty-albrecht.ac-nice.fr\/wp-content\/uploads\/sites\/120\/2018\/11\/PART_15421272149961.jpg 941w, https:\/\/www.clg-berty-albrecht.ac-nice.fr\/wp-content\/uploads\/sites\/120\/2018\/11\/PART_15421272149961-300x225.jpg 300w, https:\/\/www.clg-berty-albrecht.ac-nice.fr\/wp-content\/uploads\/sites\/120\/2018\/11\/PART_15421272149961-768x576.jpg 768w\" sizes=\"auto, (max-width: 594px) 100vw, 594px\" \/><\/a><\/p>\n<p>&nbsp;<\/p>\n<p>Cliquez sur la photo pour acc\u00e9der au diaporama.<\/p>\n<p>&nbsp;<\/p>\n<h1>CROSS 2018<\/h1>\n<p>&nbsp;<\/p>\n<p>L&rsquo;apr\u00e8s-midi \u00e9tait consacr\u00e9 au cross Annuel. Les \u00e9l\u00e8ves des classes de 6\u00e8me ,5\u00e8me et 3\u00e8me ont chauss\u00e9 leurs<\/p>\n<p>basquettes pour se mesurer sur un parcours vari\u00e9, piste, macadam, escalier, trial&#8230;<\/p>\n<p>F\u00e9licatations \u00e0 tous les participants.<\/p>\n<p>Toujours encadr\u00e9 par les parents d&rsquo;\u00e9l\u00e8ves , leurs professeurs d&rsquo;EPS et de leur CPE comme v\u00e9lo balais.<\/p>\n<p>Les tribunes \u00e9taient bien bruyantes mais sympathiques pour les jeunes et professeurs pr\u00e9sents.<\/p>\n<p><a href=\"http:\/\/wmu.ac-nice.fr\/clg-albrecht\/wp-content\/uploads\/sites\/120\/2018\/11\/CROSS_2018.pdf\"><br \/>\n<img loading=\"lazy\" decoding=\"async\" class=\" size-full wp-image-636\" src=\"http:\/\/wmu.ac-nice.fr\/clg-albrecht\/wp-content\/uploads\/sites\/120\/2018\/11\/20181113_162139.jpg\" alt=\"\" width=\"597\" height=\"385\" srcset=\"https:\/\/www.clg-berty-albrecht.ac-nice.fr\/wp-content\/uploads\/sites\/120\/2018\/11\/20181113_162139.jpg 3315w, https:\/\/www.clg-berty-albrecht.ac-nice.fr\/wp-content\/uploads\/sites\/120\/2018\/11\/20181113_162139-300x194.jpg 300w, https:\/\/www.clg-berty-albrecht.ac-nice.fr\/wp-content\/uploads\/sites\/120\/2018\/11\/20181113_162139-1024x661.jpg 1024w, https:\/\/www.clg-berty-albrecht.ac-nice.fr\/wp-content\/uploads\/sites\/120\/2018\/11\/20181113_162139-768x496.jpg 768w, https:\/\/www.clg-berty-albrecht.ac-nice.fr\/wp-content\/uploads\/sites\/120\/2018\/11\/20181113_162139-1536x992.jpg 1536w, https:\/\/www.clg-berty-albrecht.ac-nice.fr\/wp-content\/uploads\/sites\/120\/2018\/11\/20181113_162139-2048x1323.jpg 2048w, https:\/\/www.clg-berty-albrecht.ac-nice.fr\/wp-content\/uploads\/sites\/120\/2018\/11\/20181113_162139-1200x775.jpg 1200w, https:\/\/www.clg-berty-albrecht.ac-nice.fr\/wp-content\/uploads\/sites\/120\/2018\/11\/20181113_162139-1980x1279.jpg 1980w\" sizes=\"auto, (max-width: 597px) 100vw, 597px\" \/><\/a><\/p>\n<p>&nbsp;<\/p>\n<p>Cliquez sur la photo pour acc\u00e9der au diaporama.<\/p>\n","protected":false},"excerpt":{"rendered":"<p>&nbsp; AQUATHLON 2018 &nbsp; Le mardi 13 novembre 2018 au matin, 103 \u00e9l\u00e8ves de 4\u00e8me ont r\u00e9alis\u00e9 leur 1er aquathlon. Apr\u00e8s avoir nag\u00e9 200 m\u00e8tres de natation nos coll\u00e8giens ont pris leurs basquettes pour parcourir 1600 m\u00e8tres de course \u00e0 pied. LORANT Julie chez les filles et VERNAZ Santi remportent cet aquathlon F\u00e9licitations \u00e0 toutes [&hellip;]<\/p>\n","protected":false},"author":448,"featured_media":632,"comment_status":"closed","ping_status":"closed","sticky":false,"template":"","format":"standard","meta":{"ngg_post_thumbnail":0,"footnotes":""},"categories":[9],"tags":[],"class_list":["post-637","post","type-post","status-publish","format-standard","has-post-thumbnail","hentry","category-education-physique-et-sportive"],"_links":{"self":[{"href":"https:\/\/www.clg-berty-albrecht.ac-nice.fr\/index.php?rest_route=\/wp\/v2\/posts\/637","targetHints":{"allow":["GET"]}}],"collection":[{"href":"https:\/\/www.clg-berty-albrecht.ac-nice.fr\/index.php?rest_route=\/wp\/v2\/posts"}],"about":[{"href":"https:\/\/www.clg-berty-albrecht.ac-nice.fr\/index.php?rest_route=\/wp\/v2\/types\/post"}],"author":[{"embeddable":true,"href":"https:\/\/www.clg-berty-albrecht.ac-nice.fr\/index.php?rest_route=\/wp\/v2\/users\/448"}],"replies":[{"embeddable":true,"href":"https:\/\/www.clg-berty-albrecht.ac-nice.fr\/index.php?rest_route=%2Fwp%2Fv2%2Fcomments&post=637"}],"version-history":[{"count":0,"href":"https:\/\/www.clg-berty-albrecht.ac-nice.fr\/index.php?rest_route=\/wp\/v2\/posts\/637\/revisions"}],"wp:featuredmedia":[{"embeddable":true,"href":"https:\/\/www.clg-berty-albrecht.ac-nice.fr\/index.php?rest_route=\/wp\/v2\/media\/632"}],"wp:attachment":[{"href":"https:\/\/www.clg-berty-albrecht.ac-nice.fr\/index.php?rest_route=%2Fwp%2Fv2%2Fmedia&parent=637"}],"wp:term":[{"taxonomy":"category","embeddable":true,"href":"https:\/\/www.clg-berty-albrecht.ac-nice.fr\/index.php?rest_route=%2Fwp%2Fv2%2Fcategories&post=637"},{"taxonomy":"post_tag","embeddable":true,"href":"https:\/\/www.clg-berty-albrecht.ac-nice.fr\/index.php?rest_route=%2Fwp%2Fv2%2Ftags&post=637"}],"curies":[{"name":"wp","href":"https:\/\/api.w.org\/{rel}","templated":true}]}}