{"id":601,"date":"2018-01-31T09:33:03","date_gmt":"2018-01-31T08:33:03","guid":{"rendered":"https:\/\/wmu.ac-nice.fr\/clg-albrecht\/2018\/01\/31\/des-eleves-de-3eme-au-forum-des-metiers\/"},"modified":"2020-03-22T10:59:11","modified_gmt":"2020-03-22T09:59:11","slug":"des-eleves-de-3eme-au-forum-des-metiers","status":"publish","type":"post","link":"https:\/\/www.clg-berty-albrecht.ac-nice.fr\/?p=601","title":{"rendered":"DES ELEVES DE 3EME AU FORUM DES METIERS"},"content":{"rendered":"<h1>Prendre la bonne voie&#8230;.<\/h1>\n<p>&nbsp;<\/p>\n<p><a href=\"http:\/\/wmu.ac-nice.fr\/clg-albrecht\/wp-content\/uploads\/sites\/120\/2018\/01\/FORUM.pdf\"><img loading=\"lazy\" decoding=\"async\" class=\"alignnone wp-image-599 \" src=\"https:\/\/www.clg-berty-albrecht.ac-nice.fr\/wp-content\/uploads\/sites\/120\/2018\/01\/forum_eleves.jpg\" alt=\"\" width=\"336\" height=\"201\"><\/a><\/p>\n<p>&nbsp;<\/p>\n<h2>59 \u00e9l\u00e8ves et nos professeurs principaux des classes<\/h2>\n<h2>de 3\u00e8me se sont d\u00e9plac\u00e9s au forum des m\u00e9tiers.<\/h2>\n<p>&nbsp;<\/p>\n","protected":false},"excerpt":{"rendered":"<p>Prendre la bonne voie&#8230;. &nbsp; &nbsp; 59 \u00e9l\u00e8ves et nos professeurs principaux des classes de 3\u00e8me se sont d\u00e9plac\u00e9s au forum des m\u00e9tiers. &nbsp;<\/p>\n","protected":false},"author":448,"featured_media":599,"comment_status":"closed","ping_status":"closed","sticky":false,"template":"","format":"standard","meta":{"ngg_post_thumbnail":0,"footnotes":""},"categories":[62],"tags":[],"class_list":["post-601","post","type-post","status-publish","format-standard","has-post-thumbnail","hentry","category-le-college-dans-la-presse"],"_links":{"self":[{"href":"https:\/\/www.clg-berty-albrecht.ac-nice.fr\/index.php?rest_route=\/wp\/v2\/posts\/601","targetHints":{"allow":["GET"]}}],"collection":[{"href":"https:\/\/www.clg-berty-albrecht.ac-nice.fr\/index.php?rest_route=\/wp\/v2\/posts"}],"about":[{"href":"https:\/\/www.clg-berty-albrecht.ac-nice.fr\/index.php?rest_route=\/wp\/v2\/types\/post"}],"author":[{"embeddable":true,"href":"https:\/\/www.clg-berty-albrecht.ac-nice.fr\/index.php?rest_route=\/wp\/v2\/users\/448"}],"replies":[{"embeddable":true,"href":"https:\/\/www.clg-berty-albrecht.ac-nice.fr\/index.php?rest_route=%2Fwp%2Fv2%2Fcomments&post=601"}],"version-history":[{"count":0,"href":"https:\/\/www.clg-berty-albrecht.ac-nice.fr\/index.php?rest_route=\/wp\/v2\/posts\/601\/revisions"}],"wp:featuredmedia":[{"embeddable":true,"href":"https:\/\/www.clg-berty-albrecht.ac-nice.fr\/index.php?rest_route=\/wp\/v2\/media\/599"}],"wp:attachment":[{"href":"https:\/\/www.clg-berty-albrecht.ac-nice.fr\/index.php?rest_route=%2Fwp%2Fv2%2Fmedia&parent=601"}],"wp:term":[{"taxonomy":"category","embeddable":true,"href":"https:\/\/www.clg-berty-albrecht.ac-nice.fr\/index.php?rest_route=%2Fwp%2Fv2%2Fcategories&post=601"},{"taxonomy":"post_tag","embeddable":true,"href":"https:\/\/www.clg-berty-albrecht.ac-nice.fr\/index.php?rest_route=%2Fwp%2Fv2%2Ftags&post=601"}],"curies":[{"name":"wp","href":"https:\/\/api.w.org\/{rel}","templated":true}]}}