{"id":59,"date":"2011-05-17T09:14:33","date_gmt":"2011-05-17T07:14:33","guid":{"rendered":"https:\/\/wmu.ac-nice.fr\/clg-albrecht\/2011\/05\/17\/concours-de-geometrie\/"},"modified":"2011-05-17T09:14:33","modified_gmt":"2011-05-17T07:14:33","slug":"concours-de-geometrie","status":"publish","type":"post","link":"https:\/\/www.clg-berty-albrecht.ac-nice.fr\/?p=59","title":{"rendered":"Concours de g\u00e9om\u00e8trie"},"content":{"rendered":"<p align=\"center\"><strong>Concours de g\u00e9om\u00e9trie<\/strong><\/p>\n<p>\u00a0<\/p>\n<p>Cette ann\u00e9e encore un grand concours de g\u00e9om\u00e9trie est organis\u00e9 au coll\u00e8ge. C&rsquo;est la troisi\u00e8me ann\u00e9e qu\u2019il est mis en place.<\/p>\n<p>Il est propos\u00e9 par Mme Arnaud, professeur de math\u00e9matiques. Il allie la g\u00e9om\u00e9trie aux arts plastiques. Les \u00e9l\u00e8ves d\u00e9veloppent leur cot\u00e9 artistique tout en respectant la rigueur de la g\u00e9om\u00e9trie. Mme Arnaud a import\u00e9 ce concours de son ancien \u00e9tablissement o\u00f9 l&rsquo;on f\u00eatait le printemps avec un concours de dessins g\u00e9om\u00e9triques, un concours de po\u00e9sie (sur le th\u00e8me des maths toujours&#8230;) et un tournoi de calcul mental.<\/p>\n<p>Le r\u00e8glement de ce jeu est affich\u00e9 dans le CDI et dans les salles de math\u00e9matiques.<\/p>\n<p>Mais les dessins sont \u00e0 faire sur une feuille A3 (que l\u2019on peut prendre au CDI). Sur ce concours toutes les figures g\u00e9om\u00e9triques sont accept\u00e9es, des mod\u00e8les sont affich\u00e9s au CDI, mais l&rsquo;imagination et l&rsquo;originalit\u00e9 sont recommand\u00e9s\u00a0!<\/p>\n<p>Toutes les personnes du coll\u00e8ge peuvent voter (\u00e9l\u00e8ves, direction, assistants d\u2019\u00e9ducation, agents, professeurs\u2026) Les r\u00e9alisations de ce concours sont \u00e0 rendre a la fin du mois de mai afin de laisser assez de temps pour proc\u00e9der au vote. Mme Arnaud choisira des lots comme par exemple des puzzles en 3D. Tout d\u00e9pend du budget et du nombre de candidats (de leurs \u00e2ges aussi\u00a0!).<\/p>\n","protected":false},"excerpt":{"rendered":"<p>Concours de g\u00e9om\u00e9trie \u00a0 Cette ann\u00e9e encore un grand concours de g\u00e9om\u00e9trie est organis\u00e9 au coll\u00e8ge. C&rsquo;est la troisi\u00e8me ann\u00e9e qu\u2019il est mis en place. Il est propos\u00e9 par Mme Arnaud, professeur de math\u00e9matiques. Il allie la g\u00e9om\u00e9trie aux arts plastiques. Les \u00e9l\u00e8ves d\u00e9veloppent leur cot\u00e9 artistique tout en respectant la rigueur de la g\u00e9om\u00e9trie. [&hellip;]<\/p>\n","protected":false},"author":448,"featured_media":0,"comment_status":"closed","ping_status":"closed","sticky":false,"template":"","format":"standard","meta":{"ngg_post_thumbnail":0,"footnotes":""},"categories":[82],"tags":[],"class_list":["post-59","post","type-post","status-publish","format-standard","hentry","category-mathematiques"],"_links":{"self":[{"href":"https:\/\/www.clg-berty-albrecht.ac-nice.fr\/index.php?rest_route=\/wp\/v2\/posts\/59","targetHints":{"allow":["GET"]}}],"collection":[{"href":"https:\/\/www.clg-berty-albrecht.ac-nice.fr\/index.php?rest_route=\/wp\/v2\/posts"}],"about":[{"href":"https:\/\/www.clg-berty-albrecht.ac-nice.fr\/index.php?rest_route=\/wp\/v2\/types\/post"}],"author":[{"embeddable":true,"href":"https:\/\/www.clg-berty-albrecht.ac-nice.fr\/index.php?rest_route=\/wp\/v2\/users\/448"}],"replies":[{"embeddable":true,"href":"https:\/\/www.clg-berty-albrecht.ac-nice.fr\/index.php?rest_route=%2Fwp%2Fv2%2Fcomments&post=59"}],"version-history":[{"count":0,"href":"https:\/\/www.clg-berty-albrecht.ac-nice.fr\/index.php?rest_route=\/wp\/v2\/posts\/59\/revisions"}],"wp:attachment":[{"href":"https:\/\/www.clg-berty-albrecht.ac-nice.fr\/index.php?rest_route=%2Fwp%2Fv2%2Fmedia&parent=59"}],"wp:term":[{"taxonomy":"category","embeddable":true,"href":"https:\/\/www.clg-berty-albrecht.ac-nice.fr\/index.php?rest_route=%2Fwp%2Fv2%2Fcategories&post=59"},{"taxonomy":"post_tag","embeddable":true,"href":"https:\/\/www.clg-berty-albrecht.ac-nice.fr\/index.php?rest_route=%2Fwp%2Fv2%2Ftags&post=59"}],"curies":[{"name":"wp","href":"https:\/\/api.w.org\/{rel}","templated":true}]}}