{"id":558,"date":"2017-10-06T09:48:17","date_gmt":"2017-10-06T07:48:17","guid":{"rendered":"https:\/\/wmu.ac-nice.fr\/clg-albrecht\/2017\/10\/06\/nettoyons-la-nature\/"},"modified":"2017-10-06T09:48:17","modified_gmt":"2017-10-06T07:48:17","slug":"nettoyons-la-nature","status":"publish","type":"post","link":"https:\/\/www.clg-berty-albrecht.ac-nice.fr\/?p=558","title":{"rendered":"Nettoyons la nature"},"content":{"rendered":"<p style=\"font-size: 18px; font-weight: bold; color: #009933;\">Op\u00e9ration \u00ab&nbsp;Nettoyons la Nature&nbsp;\u00bb 2017<\/p>\n<p>Le vendredi 22 septembre 2017, les \u00e9l\u00e8ves du coll\u00e8ge Berty Albrecht ont particip\u00e9, pour la 9\u00b0 fois, \u00e0 l\u2019op\u00e9ration \u00ab&nbsp;Nettoyons la Nature&nbsp;\u00bb, organis\u00e9e par les centres E.Leclerc. Cette op\u00e9ration existe depuis 20 ans.<\/p>\n<p><a href=\"http:\/\/wmu.ac-nice.fr\/clg-albrecht\/wp-content\/uploads\/sites\/120\/2017\/10\/Article_nettoyons_la_nature_2017.pdf\" target=\"_blank\" rel=\"noopener noreferrer\" style=\"font-size: 16px;\">Acc\u00e9der \u00e0 l&rsquo;article:<\/a><\/p>\n<p><a href=\"http:\/\/wmu.ac-nice.fr\/clg-albrecht\/wp-content\/uploads\/sites\/120\/2017\/10\/Article_nettoyons_la_nature_2017.pdf\" target=\"_blank\" rel=\"noopener noreferrer\"><img loading=\"lazy\" decoding=\"async\" class=\" size-full wp-image-556\" src=\"http:\/\/wmu.ac-nice.fr\/clg-albrecht\/wp-content\/uploads\/sites\/120\/2017\/10\/Screenshot-2017-10-6_Article_nettoyons_la_nature_2017_pdf.png\" alt=\"Screenshot 2017 10 6 Article nettoyons la nature 2017 pdf\" style=\"display: block; margin-left: auto; margin-right: auto;\" width=\"256\" height=\"354\" srcset=\"https:\/\/www.clg-berty-albrecht.ac-nice.fr\/wp-content\/uploads\/sites\/120\/2017\/10\/Screenshot-2017-10-6_Article_nettoyons_la_nature_2017_pdf.png 256w, https:\/\/www.clg-berty-albrecht.ac-nice.fr\/wp-content\/uploads\/sites\/120\/2017\/10\/Screenshot-2017-10-6_Article_nettoyons_la_nature_2017_pdf-217x300.png 217w\" sizes=\"auto, (max-width: 256px) 100vw, 256px\" \/><\/a><\/p>\n<p>&nbsp;<\/p>\n","protected":false},"excerpt":{"rendered":"<p>Op\u00e9ration \u00ab&nbsp;Nettoyons la Nature&nbsp;\u00bb 2017 Le vendredi 22 septembre 2017, les \u00e9l\u00e8ves du coll\u00e8ge Berty Albrecht ont particip\u00e9, pour la 9\u00b0 fois, \u00e0 l\u2019op\u00e9ration \u00ab&nbsp;Nettoyons la Nature&nbsp;\u00bb, organis\u00e9e par les centres E.Leclerc. Cette op\u00e9ration existe depuis 20 ans. Acc\u00e9der \u00e0 l&rsquo;article: &nbsp;<\/p>\n","protected":false},"author":448,"featured_media":556,"comment_status":"closed","ping_status":"closed","sticky":false,"template":"","format":"standard","meta":{"ngg_post_thumbnail":0,"footnotes":""},"categories":[21],"tags":[],"class_list":["post-558","post","type-post","status-publish","format-standard","has-post-thumbnail","hentry","category-les-classes-environnement"],"_links":{"self":[{"href":"https:\/\/www.clg-berty-albrecht.ac-nice.fr\/index.php?rest_route=\/wp\/v2\/posts\/558","targetHints":{"allow":["GET"]}}],"collection":[{"href":"https:\/\/www.clg-berty-albrecht.ac-nice.fr\/index.php?rest_route=\/wp\/v2\/posts"}],"about":[{"href":"https:\/\/www.clg-berty-albrecht.ac-nice.fr\/index.php?rest_route=\/wp\/v2\/types\/post"}],"author":[{"embeddable":true,"href":"https:\/\/www.clg-berty-albrecht.ac-nice.fr\/index.php?rest_route=\/wp\/v2\/users\/448"}],"replies":[{"embeddable":true,"href":"https:\/\/www.clg-berty-albrecht.ac-nice.fr\/index.php?rest_route=%2Fwp%2Fv2%2Fcomments&post=558"}],"version-history":[{"count":0,"href":"https:\/\/www.clg-berty-albrecht.ac-nice.fr\/index.php?rest_route=\/wp\/v2\/posts\/558\/revisions"}],"wp:featuredmedia":[{"embeddable":true,"href":"https:\/\/www.clg-berty-albrecht.ac-nice.fr\/index.php?rest_route=\/wp\/v2\/media\/556"}],"wp:attachment":[{"href":"https:\/\/www.clg-berty-albrecht.ac-nice.fr\/index.php?rest_route=%2Fwp%2Fv2%2Fmedia&parent=558"}],"wp:term":[{"taxonomy":"category","embeddable":true,"href":"https:\/\/www.clg-berty-albrecht.ac-nice.fr\/index.php?rest_route=%2Fwp%2Fv2%2Fcategories&post=558"},{"taxonomy":"post_tag","embeddable":true,"href":"https:\/\/www.clg-berty-albrecht.ac-nice.fr\/index.php?rest_route=%2Fwp%2Fv2%2Ftags&post=558"}],"curies":[{"name":"wp","href":"https:\/\/api.w.org\/{rel}","templated":true}]}}