{"id":54,"date":"2011-01-17T13:18:25","date_gmt":"2011-01-17T12:18:25","guid":{"rendered":"https:\/\/wmu.ac-nice.fr\/clg-albrecht\/2011\/01\/17\/le-cpe\/"},"modified":"2020-03-20T13:05:47","modified_gmt":"2020-03-20T12:05:47","slug":"le-cpe","status":"publish","type":"post","link":"https:\/\/www.clg-berty-albrecht.ac-nice.fr\/?p=54","title":{"rendered":"Le CPE"},"content":{"rendered":"<p>M Colin&nbsp;, Conseiller Principal d\u2019Education ( C.P.E) dirige la vie scolaire.<\/p>\n<p><strong>Ses responsabilit\u00e9s se r\u00e9partissent en trois domaines :<\/strong><\/p>\n<p><strong>&#8211; le fonctionnement de l\u2019\u00e9tablissement : <\/strong>Il organise le contr\u00f4le des effectifs, &nbsp;il veille \u00e0 l\u2019exactitude et \u00e0 l\u2019assiduit\u00e9 des \u00e9l\u00e8ves&nbsp;.Il organise le service des personnels de surveillance. Avec ses assistants d\u2019\u00e9ducation, il est responsable des \u00e9l\u00e8ves de leur arriv\u00e9e jusqu\u2019\u00e0 leur d\u00e9part.<\/p>\n<p><strong>&#8211;&nbsp; la collaboration avec le personnel enseignant : <\/strong>il \u00e9change des informations avec les professeurs sur le comportement et sur l\u2019activit\u00e9 scolaire des \u00e9l\u00e8ves.<\/p>\n<p><strong>&#8211;&nbsp; <\/strong><strong>l\u2019animation \u00e9ducative : <\/strong>Le CPE a des relations et des contacts directs avec les \u00e9l\u00e8ves sur le plan collectif (classes ou groupes) .Il a des entretiens individuels et aborde alors &nbsp;avec \u00ab&nbsp;l\u2019\u00e9l\u00e8ve&nbsp;\u00bb diff\u00e9rents sujets (comportements, travail, probl\u00e8mes personnels\u2026) Il s\u2019occupe \u00e0 travers le C.E.S.C ( Comit\u00e9 d\u2019\u00e9ducation \u00e0 la sant\u00e9 et \u00e0 la citoyennet\u00e9) \u00e9galement de l\u2019animation de projets p\u00e9riscolaires (s\u00e9curit\u00e9 routi\u00e8re, pr\u00e9vention juv\u00e9nile et d\u00e9linquance\u2026).<\/p>\n<p>Dans ces trois domaines, l\u2019action \u00e9ducative implique le dialogue avec les parents ou toutes personnes qui assument des responsabilit\u00e9s dans l\u2019\u00e9tablissement ( AED,professeurs, personnel Administratif, Technique, Ouvrier de Service, et de Sant\u00e9&nbsp;.<\/p>\n<p>Monsieur COLIN est aussi le <strong>RUPN <\/strong>(<span class=\"st\">Le r\u00e9f\u00e9rent pour les ressources et usages p\u00e9dagogiques num\u00e9riques)<\/span>.<\/p>\n<p>1- Conseiller les personnels de direction dans le pilotage de l&rsquo;\u00e9tablissement et accompagner les enseignants dans la prise en compte du num\u00e9rique au quotidien dans les classes.<\/p>\n<p>2- Assurer la disponibilit\u00e9 technique des \u00e9quipements en lien avec les collectivit\u00e9s territoriales charg\u00e9es de l&rsquo;\u00e9quipement et de la maintenance<\/p>\n<p>3- Administrer les services en ligne par d\u00e9l\u00e9gation du chef d&rsquo;\u00e9tablissement.<\/p>\n<p>A travers son travail de CPE et de RUPN, monsieur COLIN permet \u00e0 chaque \u00e9l\u00e8ve d\u2019avoir un encadrement et des outils indispensables \u00e0 sa r\u00e9ussite.<\/p>\n","protected":false},"excerpt":{"rendered":"<p>M Colin&nbsp;, Conseiller Principal d\u2019Education ( C.P.E) dirige la vie scolaire. Ses responsabilit\u00e9s se r\u00e9partissent en trois domaines : &#8211; le fonctionnement de l\u2019\u00e9tablissement : Il organise le contr\u00f4le des effectifs, &nbsp;il veille \u00e0 l\u2019exactitude et \u00e0 l\u2019assiduit\u00e9 des \u00e9l\u00e8ves&nbsp;.Il organise le service des personnels de surveillance. Avec ses assistants d\u2019\u00e9ducation, il est responsable des [&hellip;]<\/p>\n","protected":false},"author":448,"featured_media":52,"comment_status":"closed","ping_status":"closed","sticky":false,"template":"","format":"standard","meta":{"ngg_post_thumbnail":0,"footnotes":""},"categories":[5],"tags":[],"class_list":["post-54","post","type-post","status-publish","format-standard","has-post-thumbnail","hentry","category-le-cpe-conseiller-principal-deducation"],"_links":{"self":[{"href":"https:\/\/www.clg-berty-albrecht.ac-nice.fr\/index.php?rest_route=\/wp\/v2\/posts\/54","targetHints":{"allow":["GET"]}}],"collection":[{"href":"https:\/\/www.clg-berty-albrecht.ac-nice.fr\/index.php?rest_route=\/wp\/v2\/posts"}],"about":[{"href":"https:\/\/www.clg-berty-albrecht.ac-nice.fr\/index.php?rest_route=\/wp\/v2\/types\/post"}],"author":[{"embeddable":true,"href":"https:\/\/www.clg-berty-albrecht.ac-nice.fr\/index.php?rest_route=\/wp\/v2\/users\/448"}],"replies":[{"embeddable":true,"href":"https:\/\/www.clg-berty-albrecht.ac-nice.fr\/index.php?rest_route=%2Fwp%2Fv2%2Fcomments&post=54"}],"version-history":[{"count":0,"href":"https:\/\/www.clg-berty-albrecht.ac-nice.fr\/index.php?rest_route=\/wp\/v2\/posts\/54\/revisions"}],"wp:featuredmedia":[{"embeddable":true,"href":"https:\/\/www.clg-berty-albrecht.ac-nice.fr\/index.php?rest_route=\/wp\/v2\/media\/52"}],"wp:attachment":[{"href":"https:\/\/www.clg-berty-albrecht.ac-nice.fr\/index.php?rest_route=%2Fwp%2Fv2%2Fmedia&parent=54"}],"wp:term":[{"taxonomy":"category","embeddable":true,"href":"https:\/\/www.clg-berty-albrecht.ac-nice.fr\/index.php?rest_route=%2Fwp%2Fv2%2Fcategories&post=54"},{"taxonomy":"post_tag","embeddable":true,"href":"https:\/\/www.clg-berty-albrecht.ac-nice.fr\/index.php?rest_route=%2Fwp%2Fv2%2Ftags&post=54"}],"curies":[{"name":"wp","href":"https:\/\/api.w.org\/{rel}","templated":true}]}}