{"id":441,"date":"2015-06-29T19:55:21","date_gmt":"2015-06-29T17:55:21","guid":{"rendered":"https:\/\/wmu.ac-nice.fr\/clg-albrecht\/2015\/06\/29\/ceremonie-du-8-mai\/"},"modified":"2015-06-29T19:55:21","modified_gmt":"2015-06-29T17:55:21","slug":"ceremonie-du-8-mai","status":"publish","type":"post","link":"https:\/\/www.clg-berty-albrecht.ac-nice.fr\/?p=441","title":{"rendered":"C\u00e9r\u00e9monie de comm\u00e9moration du 8 mai"},"content":{"rendered":"<p> \t<img loading=\"lazy\" decoding=\"async\" class=\" size-full wp-image-437\" alt=\"\" src=\"http:\/\/wmu.ac-nice.fr\/clg-albrecht\/wp-content\/uploads\/sites\/120\/2015\/06\/20150511_113908.jpg\" style=\"width: 347px; height: 260px;\" width=\"653\" height=\"490\" srcset=\"https:\/\/www.clg-berty-albrecht.ac-nice.fr\/wp-content\/uploads\/sites\/120\/2015\/06\/20150511_113908.jpg 653w, https:\/\/www.clg-berty-albrecht.ac-nice.fr\/wp-content\/uploads\/sites\/120\/2015\/06\/20150511_113908-300x225.jpg 300w\" sizes=\"auto, (max-width: 653px) 100vw, 653px\" \/><img loading=\"lazy\" decoding=\"async\" class=\" size-full wp-image-438\" alt=\"\" src=\"http:\/\/wmu.ac-nice.fr\/clg-albrecht\/wp-content\/uploads\/sites\/120\/2015\/06\/20150511_112157.jpg\" style=\"width: 297px; height: 396px;\" width=\"490\" height=\"653\" srcset=\"https:\/\/www.clg-berty-albrecht.ac-nice.fr\/wp-content\/uploads\/sites\/120\/2015\/06\/20150511_112157.jpg 490w, https:\/\/www.clg-berty-albrecht.ac-nice.fr\/wp-content\/uploads\/sites\/120\/2015\/06\/20150511_112157-225x300.jpg 225w\" sizes=\"auto, (max-width: 490px) 100vw, 490px\" \/><img loading=\"lazy\" decoding=\"async\" class=\" size-full wp-image-439\" alt=\"\" src=\"http:\/\/wmu.ac-nice.fr\/clg-albrecht\/wp-content\/uploads\/sites\/120\/2015\/06\/20150511_113327.jpg\" style=\"width: 297px; height: 396px;\" width=\"490\" height=\"653\" srcset=\"https:\/\/www.clg-berty-albrecht.ac-nice.fr\/wp-content\/uploads\/sites\/120\/2015\/06\/20150511_113327.jpg 490w, https:\/\/www.clg-berty-albrecht.ac-nice.fr\/wp-content\/uploads\/sites\/120\/2015\/06\/20150511_113327-225x300.jpg 225w\" sizes=\"auto, (max-width: 490px) 100vw, 490px\" \/><img loading=\"lazy\" decoding=\"async\" class=\" size-full wp-image-440\" alt=\"\" src=\"http:\/\/wmu.ac-nice.fr\/clg-albrecht\/wp-content\/uploads\/sites\/120\/2015\/06\/20150511_112125.jpg\" style=\"width: 425px; height: 319px;\" width=\"653\" height=\"490\" srcset=\"https:\/\/www.clg-berty-albrecht.ac-nice.fr\/wp-content\/uploads\/sites\/120\/2015\/06\/20150511_112125.jpg 653w, https:\/\/www.clg-berty-albrecht.ac-nice.fr\/wp-content\/uploads\/sites\/120\/2015\/06\/20150511_112125-300x225.jpg 300w\" sizes=\"auto, (max-width: 653px) 100vw, 653px\" \/><img loading=\"lazy\" decoding=\"async\" class=\" size-full wp-image-437\" alt=\"\" src=\"http:\/\/wmu.ac-nice.fr\/clg-albrecht\/wp-content\/uploads\/sites\/120\/2015\/06\/20150511_113908.jpg\" style=\"width: 503px; height: 378px;\" width=\"653\" height=\"490\" srcset=\"https:\/\/www.clg-berty-albrecht.ac-nice.fr\/wp-content\/uploads\/sites\/120\/2015\/06\/20150511_113908.jpg 653w, https:\/\/www.clg-berty-albrecht.ac-nice.fr\/wp-content\/uploads\/sites\/120\/2015\/06\/20150511_113908-300x225.jpg 300w\" sizes=\"auto, (max-width: 653px) 100vw, 653px\" \/><\/p>\n<p> \t&nbsp;<\/p>\n<p> \t&nbsp;<\/p>\n<p> \t&nbsp;<\/p>\n<p> \t&nbsp;<\/p>\n","protected":false},"excerpt":{"rendered":"<p>&nbsp; &nbsp; &nbsp; &nbsp;<\/p>\n","protected":false},"author":448,"featured_media":437,"comment_status":"closed","ping_status":"closed","sticky":false,"template":"","format":"standard","meta":{"ngg_post_thumbnail":0,"footnotes":""},"categories":[23],"tags":[],"class_list":["post-441","post","type-post","status-publish","format-standard","has-post-thumbnail","hentry","category-le-devoir-de-memoire"],"_links":{"self":[{"href":"https:\/\/www.clg-berty-albrecht.ac-nice.fr\/index.php?rest_route=\/wp\/v2\/posts\/441","targetHints":{"allow":["GET"]}}],"collection":[{"href":"https:\/\/www.clg-berty-albrecht.ac-nice.fr\/index.php?rest_route=\/wp\/v2\/posts"}],"about":[{"href":"https:\/\/www.clg-berty-albrecht.ac-nice.fr\/index.php?rest_route=\/wp\/v2\/types\/post"}],"author":[{"embeddable":true,"href":"https:\/\/www.clg-berty-albrecht.ac-nice.fr\/index.php?rest_route=\/wp\/v2\/users\/448"}],"replies":[{"embeddable":true,"href":"https:\/\/www.clg-berty-albrecht.ac-nice.fr\/index.php?rest_route=%2Fwp%2Fv2%2Fcomments&post=441"}],"version-history":[{"count":0,"href":"https:\/\/www.clg-berty-albrecht.ac-nice.fr\/index.php?rest_route=\/wp\/v2\/posts\/441\/revisions"}],"wp:featuredmedia":[{"embeddable":true,"href":"https:\/\/www.clg-berty-albrecht.ac-nice.fr\/index.php?rest_route=\/wp\/v2\/media\/437"}],"wp:attachment":[{"href":"https:\/\/www.clg-berty-albrecht.ac-nice.fr\/index.php?rest_route=%2Fwp%2Fv2%2Fmedia&parent=441"}],"wp:term":[{"taxonomy":"category","embeddable":true,"href":"https:\/\/www.clg-berty-albrecht.ac-nice.fr\/index.php?rest_route=%2Fwp%2Fv2%2Fcategories&post=441"},{"taxonomy":"post_tag","embeddable":true,"href":"https:\/\/www.clg-berty-albrecht.ac-nice.fr\/index.php?rest_route=%2Fwp%2Fv2%2Ftags&post=441"}],"curies":[{"name":"wp","href":"https:\/\/api.w.org\/{rel}","templated":true}]}}