{"id":43,"date":"2010-11-15T17:29:53","date_gmt":"2010-11-15T16:29:53","guid":{"rendered":"https:\/\/wmu.ac-nice.fr\/clg-albrecht\/2010\/11\/15\/classe-europeenne-anglais\/"},"modified":"2010-11-15T17:29:53","modified_gmt":"2010-11-15T16:29:53","slug":"classe-europeenne-anglais","status":"publish","type":"post","link":"https:\/\/www.clg-berty-albrecht.ac-nice.fr\/?p=43","title":{"rendered":"Classe europ\u00e9enne anglais"},"content":{"rendered":"<p><!-- \t\t@page { margin: 2cm } \t\tP { margin-bottom: 0.21cm } --> <\/p>\n<p style=\"text-indent: 1.25cm; margin-bottom: 0cm;\" align=\"JUSTIFY\"><span style=\"font-family: Garamond,serif;\"><span style=\"font-size: medium;\">Cette classe a \u00e9t\u00e9 cr\u00e9\u00e9e en 2007-2008 pour am\u00e9liorer le niveau d&rsquo;anglais des \u00e9l\u00e8ves et les sensibiliser \u00e0 la culture anglo-saxonne. L&rsquo;id\u00e9e est venue des professeurs et du principal.<\/span><\/span><\/p>\n<p style=\"margin-bottom: 0cm;\" align=\"JUSTIFY\"><span style=\"font-family: Garamond,serif;\"><span style=\"font-size: medium;\">La section europ\u00e9enne anglais compte entre 25 et 30 \u00e9l\u00e8ves qui ont \u00e9t\u00e9 s\u00e9lectionn\u00e9s gr\u00e2ce \u00e0 un entretien. <\/span><\/span><\/p>\n<p style=\"margin-bottom: 0cm;\" align=\"JUSTIFY\"><span style=\"font-family: Garamond,serif;\">&nbsp;<\/span><span style=\"font-family: Garamond,serif;\"><span style=\"font-size: medium;\">Cette classe a la particularit\u00e9 d\u2019avoir 2 heures d&rsquo;anglais suppl\u00e9mentaires, le jumelage \u00e9lectronique avec l&rsquo;Angleterre et une assistante pour l&rsquo;oral.<\/span><\/span><\/p>\n<p style=\"margin-bottom: 0cm;\" align=\"JUSTIFY\"><span style=\"font-family: Garamond,serif;\"><span style=\"font-size: medium;\">De plus, un voyage va avoir au lieu pour les \u00e9l\u00e8ves de cette classe mi-mai \u00e0 Londres. Ce voyage \u00e0 pour but de d\u00e9couvrir la capitale anglaise. <\/span><\/span><\/p>\n<p style=\"margin-bottom: 0cm;\" align=\"JUSTIFY\"><span style=\"font-family: Garamond,serif;\"><span style=\"font-size: medium;\">Les \u00e9l\u00e8ves qui le souhaitent, pourront continuer la classe au lyc\u00e9e, une mati\u00e8re leur sera faite en anglais.<\/span><\/span><\/p>\n<p style=\"margin-bottom: 0cm;\" align=\"JUSTIFY\"><span style=\"font-family: Garamond,serif;\"><span style=\"font-size: medium;\">Une classe europ\u00e9enne italien existe \u00e9galement.<\/span><\/span><\/p>\n","protected":false},"excerpt":{"rendered":"<p>Cette classe a \u00e9t\u00e9 cr\u00e9\u00e9e en 2007-2008 pour am\u00e9liorer le niveau d&rsquo;anglais des \u00e9l\u00e8ves et les sensibiliser \u00e0 la culture anglo-saxonne. L&rsquo;id\u00e9e est venue des professeurs et du principal. La section europ\u00e9enne anglais compte entre 25 et 30 \u00e9l\u00e8ves qui ont \u00e9t\u00e9 s\u00e9lectionn\u00e9s gr\u00e2ce \u00e0 un entretien. &nbsp;Cette classe a la particularit\u00e9 d\u2019avoir 2 heures [&hellip;]<\/p>\n","protected":false},"author":448,"featured_media":0,"comment_status":"closed","ping_status":"closed","sticky":false,"template":"","format":"standard","meta":{"ngg_post_thumbnail":0,"footnotes":""},"categories":[19],"tags":[],"class_list":["post-43","post","type-post","status-publish","format-standard","hentry","category-les-sections-europeennes"],"_links":{"self":[{"href":"https:\/\/www.clg-berty-albrecht.ac-nice.fr\/index.php?rest_route=\/wp\/v2\/posts\/43","targetHints":{"allow":["GET"]}}],"collection":[{"href":"https:\/\/www.clg-berty-albrecht.ac-nice.fr\/index.php?rest_route=\/wp\/v2\/posts"}],"about":[{"href":"https:\/\/www.clg-berty-albrecht.ac-nice.fr\/index.php?rest_route=\/wp\/v2\/types\/post"}],"author":[{"embeddable":true,"href":"https:\/\/www.clg-berty-albrecht.ac-nice.fr\/index.php?rest_route=\/wp\/v2\/users\/448"}],"replies":[{"embeddable":true,"href":"https:\/\/www.clg-berty-albrecht.ac-nice.fr\/index.php?rest_route=%2Fwp%2Fv2%2Fcomments&post=43"}],"version-history":[{"count":0,"href":"https:\/\/www.clg-berty-albrecht.ac-nice.fr\/index.php?rest_route=\/wp\/v2\/posts\/43\/revisions"}],"wp:attachment":[{"href":"https:\/\/www.clg-berty-albrecht.ac-nice.fr\/index.php?rest_route=%2Fwp%2Fv2%2Fmedia&parent=43"}],"wp:term":[{"taxonomy":"category","embeddable":true,"href":"https:\/\/www.clg-berty-albrecht.ac-nice.fr\/index.php?rest_route=%2Fwp%2Fv2%2Fcategories&post=43"},{"taxonomy":"post_tag","embeddable":true,"href":"https:\/\/www.clg-berty-albrecht.ac-nice.fr\/index.php?rest_route=%2Fwp%2Fv2%2Ftags&post=43"}],"curies":[{"name":"wp","href":"https:\/\/api.w.org\/{rel}","templated":true}]}}