{"id":398,"date":"2015-02-16T17:17:52","date_gmt":"2015-02-16T16:17:52","guid":{"rendered":"https:\/\/wmu.ac-nice.fr\/clg-albrecht\/2015\/02\/16\/voyage-scientifique-a-paris-2015\/"},"modified":"2015-02-16T17:17:52","modified_gmt":"2015-02-16T16:17:52","slug":"voyage-scientifique-a-paris-2015","status":"publish","type":"post","link":"https:\/\/www.clg-berty-albrecht.ac-nice.fr\/?p=398","title":{"rendered":"Voyage Scientifique \u00e0 Paris 2015"},"content":{"rendered":"<p class=\"Stylepardfaut\" style=\"text-indent: 35.4pt; text-align: left;\"><span style=\"font-size: 12pt;\"><span style=\"line-height: 115%; color: #00000a;\"><img loading=\"lazy\" decoding=\"async\" class=\" alignleft size-full wp-image-396\" style=\"margin-right: 10px; float: left;\" src=\"http:\/\/wmu.ac-nice.fr\/clg-albrecht\/wp-content\/uploads\/sites\/120\/2015\/02\/Image.jpg\" alt=\"Image\" width=\"287\" height=\"400\" srcset=\"https:\/\/www.clg-berty-albrecht.ac-nice.fr\/wp-content\/uploads\/sites\/120\/2015\/02\/Image.jpg 397w, https:\/\/www.clg-berty-albrecht.ac-nice.fr\/wp-content\/uploads\/sites\/120\/2015\/02\/Image-215x300.jpg 215w\" sizes=\"auto, (max-width: 287px) 100vw, 287px\" \/><\/span><\/span><\/p>\n<p class=\"Stylepardfaut\" style=\"text-indent: 35.4pt;\"><span style=\"font-size: 12pt;\"><span style=\"line-height: 115%; color: #00000a;\">Au sein des principaux sites scientifiques de Paris, les \u00e9l\u00e8ves aborderont divers th\u00e8mes, comme la biologie, l&rsquo;astronomie, l&rsquo;\u00e9cologie &#8230; Ils d\u00e9couvriront par le biais de films, d&rsquo;ateliers et de d\u00e9bats, des sujets qui ne sont pas toujours trait\u00e9s dans les programmes scolaires, mais qui leur permettront une compr\u00e9hension et une ouverture sur le monde.&nbsp;<\/span><\/span><\/p>\n<p class=\"Stylepardfaut\" style=\"text-indent: 35.4pt;\"><strong><span style=\"font-size: 12pt;\"><span style=\"line-height: 115%; color: #00000a;\">&nbsp;<\/span><\/span><span style=\"font-size: 12pt;\"><span style=\"line-height: 115%; color: #00000a;\">Le voyage a pour objectifs de d\u00e9velopper chez les \u00e9l\u00e8ves :<\/span><\/span><\/strong><\/p>\n<p class=\"Stylepardfaut\" style=\"text-indent: 35.4pt;\"><span style=\"font-size: 12pt; color: #000080;\"><span style=\"line-height: 115%;\">&nbsp;<strong>L<\/strong><\/span><\/span><span style=\"color: #00000a; line-height: 115%; font-size: 12pt; text-indent: 35.4pt;\"><span style=\"color: #000080;\"><strong>a curiosit\u00e9 et l&rsquo;int\u00e9r\u00eat pour les sciences<\/strong><\/span> : Sortis du cadre scolaire, les \u00e9l\u00e8ves participeront \u00e0 des ateliers et des visites au sein des mus\u00e9es les plus embl\u00e9matiques de la capitale encadr\u00e9s par des animateurs sp\u00e9cialistes de leurs disciplines, parfois chercheurs et docteurs. Ces derniers sauront transmettre leur passion par des activit\u00e9s ludiques et adapt\u00e9es au niveau scolaire des \u00e9l\u00e8ves,<\/span><\/p>\n<p class=\"Stylepardfaut\" style=\"text-indent: 35.4pt;\"><span style=\"font-size: 12pt; color: #000080;\"><span style=\"line-height: 115%;\">&nbsp;<strong>L<\/strong><\/span><\/span><span style=\"font-size: 12pt;\"><span style=\"line-height: 115%; color: #00000a;\"><span style=\"color: #000080;\"><strong>&lsquo;autonomie<\/strong><\/span>&nbsp;: Extraits de leur famille, les \u00e9l\u00e8ves vivront en communaut\u00e9 au sein d\u2019un groupe de 39 personnes, dont 3 adultes, pendant 5 jours. Le respect des r\u00e8gles de vie en communaut\u00e9 devra \u00eatre le ma\u00eetre mot pour que le voyage se d\u00e9roule parfaitement&nbsp;; respect des lieux de vie (h\u00f4tel, bus, restaurant \u2026), des consignes de travail et investissement personnel dans les activit\u00e9s tout au long du s\u00e9jour,<\/span><\/span><\/p>\n<p class=\"Stylepardfaut\" style=\"text-indent: 35.4pt;\"><span style=\"font-size: 12pt; color: #000080;\"><span style=\"line-height: 115%;\">&nbsp;<strong>L<\/strong><\/span><\/span><span style=\"font-size: 12pt;\"><span style=\"line-height: 115%; color: #00000a;\"><span style=\"color: #000080;\"><strong>es connaissances<\/strong><\/span>&nbsp;: les th\u00e8mes abord\u00e9s lors des ateliers et visites pourront \u00eatre diff\u00e9rents de ceux vus en classe. Dans la continuit\u00e9 ou en compl\u00e9ment des notions impos\u00e9es par les programmes, les \u00e9l\u00e8ves pourront \u00e9largir et approfondir leurs connaissances.<\/span><\/span><\/p>\n<h2><strong><span style=\"text-decoration: underline; color: #993366; font-size: 14pt;\"><span style=\"line-height: 115%;\">D\u00e9roulement du voyage<\/span><\/span><\/strong><\/h2>\n<p class=\"Stylepardfaut\" style=\"text-indent: 35.4pt;\"><span style=\"font-size: 12pt;\"><span style=\"line-height: 115%; color: #00000a;\">Les \u00e9l\u00e8ves partiront le lundi 28 septembre 2015 au soir, en bus et voyageront de nuit. Ils seront log\u00e9s en pension compl\u00e8te au CREPS de Ch\u00e2tenay-Malabry pendant 4 jours. Le retour se fera de nuit, d\u00e9part le vendredi soir, arriv\u00e9e le samedi 3 octobre 2015 au matin. Tous les repas seront chauds, en restaurant ou caf\u00e9t\u00e9rias.<\/span><\/span><\/p>\n<p class=\"Stylepardfaut\" style=\"text-indent: 35.4pt;\"><span style=\"font-size: 12pt;\"><span style=\"line-height: 115%; color: #00000a;\">Les mus\u00e9es visit\u00e9s seront :<\/span><\/span><\/p>\n<p class=\"Stylepardfaut\" style=\"text-indent: 35.4pt;\"><a href=\"http:\/\/www.palais-decouverte.fr\/fr\/accueil\/\" target=\"_blank\" rel=\"noopener noreferrer\"><img loading=\"lazy\" decoding=\"async\" class=\" size-full wp-image-134\" style=\"margin-right: 6px; vertical-align: middle;\" src=\"http:\/\/wmu.ac-nice.fr\/clg-albrecht\/wp-content\/uploads\/sites\/120\/2012\/12\/palais-de-la-decouverte.jpg\" alt=\"palais-de-la-decouverte\" width=\"150\" height=\"99\" \/><\/a><span style=\"text-indent: 35.4pt; color: #00000a; line-height: 115%; font-size: 12pt;\">Le Palais de la d\u00e9couverte,<\/span><\/p>\n<p class=\"Stylepardfaut\" style=\"text-indent: 35.4pt;\"><span style=\"text-indent: 35.4pt; color: #00000a; line-height: 115%; font-size: 12pt;\"><a href=\"http:\/\/www.cite-sciences.fr\/fr\/accueil\/\" target=\"_blank\" rel=\"noopener noreferrer\"><img loading=\"lazy\" decoding=\"async\" class=\" size-full wp-image-136\" style=\"margin-right: 6px; vertical-align: middle;\" src=\"http:\/\/wmu.ac-nice.fr\/clg-albrecht\/wp-content\/uploads\/sites\/120\/2012\/12\/geode.jpg\" alt=\"geode\" width=\"150\" height=\"113\" \/><\/a>La Cit\u00e9 des Sciences,<\/span><\/p>\n<p class=\"Stylepardfaut\" style=\"text-indent: 35.4pt;\"><span style=\"text-indent: 35.4pt; color: #00000a; line-height: 115%; font-size: 12pt;\"><a href=\"http:\/\/www.mnhn.fr\/fr\" target=\"_blank\" rel=\"noopener noreferrer\"><img loading=\"lazy\" decoding=\"async\" class=\" size-full wp-image-219\" style=\"margin-right: 6px; vertical-align: middle;\" src=\"http:\/\/wmu.ac-nice.fr\/clg-albrecht\/wp-content\/uploads\/sites\/120\/2013\/10\/dsc02141.jpg\" alt=\"dsc02141\" width=\"150\" height=\"84\" \/><\/a>Le Mus\u00e9um d&rsquo;Histoire Naturelle,<\/span><\/p>\n<p class=\"Stylepardfaut\" style=\"text-indent: 35.4pt;\"><span style=\"text-indent: 35.4pt; color: #00000a; line-height: 115%; font-size: 12pt;\"><a href=\"http:\/\/www.pariscience.fr\/fr\/festival\/\" target=\"_blank\" rel=\"noopener noreferrer\"><img loading=\"lazy\" decoding=\"async\" class=\" size-full wp-image-397\" style=\"margin-right: 6px; vertical-align: middle;\" src=\"http:\/\/wmu.ac-nice.fr\/clg-albrecht\/wp-content\/uploads\/sites\/120\/2015\/02\/pariscience_2014.png\" alt=\"pariscience 2014\" width=\"150\" height=\"54\" srcset=\"https:\/\/www.clg-berty-albrecht.ac-nice.fr\/wp-content\/uploads\/sites\/120\/2015\/02\/pariscience_2014.png 725w, https:\/\/www.clg-berty-albrecht.ac-nice.fr\/wp-content\/uploads\/sites\/120\/2015\/02\/pariscience_2014-300x108.png 300w\" sizes=\"auto, (max-width: 150px) 100vw, 150px\" \/><\/a>Le Festival Pariscience.<\/span><\/p>\n<p class=\"Stylepardfaut\" style=\"text-indent: 35.4pt;\"><span style=\"text-indent: 35.4pt; color: #00000a; line-height: 115%; font-size: 12pt;\">D\u00e9couvrez les voyages pr\u00e9c\u00e9dents plus bas.<\/span><\/p>\n<h2><span style=\"font-size: 14pt;\"><strong><span style=\"text-decoration: underline; color: #993366;\"><span style=\"line-height: 115%;\">Inscriptions<\/span><\/span><\/strong><\/span><\/h2>\n<p class=\"Stylepardfaut\" style=\"text-indent: 35.4pt;\"><span style=\"font-size: 12pt; color: #000000;\"><span style=\"line-height: 115%;\">Les inscriptions se font d\u00e8s aujourd&rsquo;hui aupr\u00e8s de Mme Combet.<\/span><\/span><\/p>\n<p class=\"Stylepardfaut\" style=\"text-indent: 35.4pt;\"><span style=\"font-size: 12pt; color: #000000;\"><span style=\"line-height: 115%;\">Deux documents enti\u00e8rement remplis sont indispensables et devront \u00eatre accompagn\u00e9s du r\u00e8glement de la totalit\u00e9 du voyage et de la photocopie de la carte vitale du tuteur :<\/span><\/span><\/p>\n<p class=\"Stylepardfaut\" style=\"text-indent: 35.4pt;\"><span style=\"font-size: 12pt; color: #000000;\"><span style=\"line-height: 115%;\"><a href=\"https:\/\/dl.dropboxusercontent.com\/u\/91812033\/Formulaire%20d'engagement.pdf\" target=\"_blank\" rel=\"noopener noreferrer\">Le formulaire d&rsquo;engagement<\/a>,<\/span><\/span><\/p>\n<p class=\"Stylepardfaut\" style=\"text-indent: 35.4pt;\"><span style=\"font-size: 12pt; color: #000000;\"><span style=\"line-height: 115%;\"><a href=\"https:\/\/dl.dropboxusercontent.com\/u\/91812033\/Fiche%20de%20renseignements.pdf\" target=\"_blank\" rel=\"noopener noreferrer\">La fiche de renseignements<\/a>.<\/span><\/span><\/p>\n<p class=\"Stylepardfaut\" style=\"text-indent: 35.4pt;\"><span style=\"font-size: 12pt; color: #000000;\"><span style=\"line-height: 115%;\">Les ch\u00e8ques de paiement seront d\u00e9bit\u00e9s le 10 mai 2015 et le 15 juin 2015 et sont \u00e0 mettre \u00e0 l&rsquo;ordre du \u00ab\u00a0coll\u00e8ge Berty Albrecht\u00a0\u00bb.<\/span><\/span><\/p>\n","protected":false},"excerpt":{"rendered":"<p>Au sein des principaux sites scientifiques de Paris, les \u00e9l\u00e8ves aborderont divers th\u00e8mes, comme la biologie, l&rsquo;astronomie, l&rsquo;\u00e9cologie &#8230; Ils d\u00e9couvriront par le biais de films, d&rsquo;ateliers et de d\u00e9bats, des sujets qui ne sont pas toujours trait\u00e9s dans les programmes scolaires, mais qui leur permettront une compr\u00e9hension et une ouverture sur le monde.&nbsp; &nbsp;Le [&hellip;]<\/p>\n","protected":false},"author":448,"featured_media":396,"comment_status":"closed","ping_status":"closed","sticky":false,"template":"","format":"standard","meta":{"ngg_post_thumbnail":0,"footnotes":""},"categories":[72],"tags":[],"class_list":["post-398","post","type-post","status-publish","format-standard","has-post-thumbnail","hentry","category-voyage-scientifique-a-paris"],"_links":{"self":[{"href":"https:\/\/www.clg-berty-albrecht.ac-nice.fr\/index.php?rest_route=\/wp\/v2\/posts\/398","targetHints":{"allow":["GET"]}}],"collection":[{"href":"https:\/\/www.clg-berty-albrecht.ac-nice.fr\/index.php?rest_route=\/wp\/v2\/posts"}],"about":[{"href":"https:\/\/www.clg-berty-albrecht.ac-nice.fr\/index.php?rest_route=\/wp\/v2\/types\/post"}],"author":[{"embeddable":true,"href":"https:\/\/www.clg-berty-albrecht.ac-nice.fr\/index.php?rest_route=\/wp\/v2\/users\/448"}],"replies":[{"embeddable":true,"href":"https:\/\/www.clg-berty-albrecht.ac-nice.fr\/index.php?rest_route=%2Fwp%2Fv2%2Fcomments&post=398"}],"version-history":[{"count":0,"href":"https:\/\/www.clg-berty-albrecht.ac-nice.fr\/index.php?rest_route=\/wp\/v2\/posts\/398\/revisions"}],"wp:featuredmedia":[{"embeddable":true,"href":"https:\/\/www.clg-berty-albrecht.ac-nice.fr\/index.php?rest_route=\/wp\/v2\/media\/396"}],"wp:attachment":[{"href":"https:\/\/www.clg-berty-albrecht.ac-nice.fr\/index.php?rest_route=%2Fwp%2Fv2%2Fmedia&parent=398"}],"wp:term":[{"taxonomy":"category","embeddable":true,"href":"https:\/\/www.clg-berty-albrecht.ac-nice.fr\/index.php?rest_route=%2Fwp%2Fv2%2Fcategories&post=398"},{"taxonomy":"post_tag","embeddable":true,"href":"https:\/\/www.clg-berty-albrecht.ac-nice.fr\/index.php?rest_route=%2Fwp%2Fv2%2Ftags&post=398"}],"curies":[{"name":"wp","href":"https:\/\/api.w.org\/{rel}","templated":true}]}}