{"id":385,"date":"2015-02-14T18:35:45","date_gmt":"2015-02-14T17:35:45","guid":{"rendered":"https:\/\/wmu.ac-nice.fr\/clg-albrecht\/2015\/02\/14\/premiere-plantation-des-5ef-2\/"},"modified":"2015-02-14T18:35:45","modified_gmt":"2015-02-14T17:35:45","slug":"premiere-plantation-des-5ef-2","status":"publish","type":"post","link":"https:\/\/www.clg-berty-albrecht.ac-nice.fr\/?p=385","title":{"rendered":"Premi\u00e8re plantation des 5eF"},"content":{"rendered":"<p><span style=\"color: #000000; font-size: 12pt;\">Deux \u00e9l\u00e8ves de 5eF ont plant\u00e9 temporairement quelques herbes fournies par une copine de classe, malgr\u00e9 les intemp\u00e9ries, et ont d\u00e9couvert le nouveau visage du potager, labour\u00e9 et entretenu par M.R\u00e9veillon.<\/span><\/p>\n<p><img loading=\"lazy\" decoding=\"async\" class=\" size-full wp-image-15\" src=\"http:\/\/wmu.ac-nice.fr\/clg-albrecht\/wp-content\/uploads\/sites\/120\/2015\/02\/20150213_155440.jpg\" alt=\"20150213 155440\" width=\"400\" height=\"300\" srcset=\"https:\/\/www.clg-berty-albrecht.ac-nice.fr\/wp-content\/uploads\/sites\/120\/2015\/02\/20150213_155440.jpg 979w, https:\/\/www.clg-berty-albrecht.ac-nice.fr\/wp-content\/uploads\/sites\/120\/2015\/02\/20150213_155440-300x225.jpg 300w, https:\/\/www.clg-berty-albrecht.ac-nice.fr\/wp-content\/uploads\/sites\/120\/2015\/02\/20150213_155440-768x576.jpg 768w\" sizes=\"auto, (max-width: 400px) 100vw, 400px\" \/><img loading=\"lazy\" decoding=\"async\" class=\" size-full wp-image-16\" src=\"http:\/\/wmu.ac-nice.fr\/clg-albrecht\/wp-content\/uploads\/sites\/120\/2015\/02\/20150213_161130.jpg\" alt=\"20150213 161130\" width=\"300\" height=\"225\" srcset=\"https:\/\/www.clg-berty-albrecht.ac-nice.fr\/wp-content\/uploads\/sites\/120\/2015\/02\/20150213_161130.jpg 653w, https:\/\/www.clg-berty-albrecht.ac-nice.fr\/wp-content\/uploads\/sites\/120\/2015\/02\/20150213_161130-300x225.jpg 300w\" sizes=\"auto, (max-width: 300px) 100vw, 300px\" \/><img loading=\"lazy\" decoding=\"async\" class=\" size-full wp-image-17\" src=\"http:\/\/wmu.ac-nice.fr\/clg-albrecht\/wp-content\/uploads\/sites\/120\/2015\/02\/20150213_161135.jpg\" alt=\"20150213 161135\" width=\"300\" height=\"225\" srcset=\"https:\/\/www.clg-berty-albrecht.ac-nice.fr\/wp-content\/uploads\/sites\/120\/2015\/02\/20150213_161135.jpg 653w, https:\/\/www.clg-berty-albrecht.ac-nice.fr\/wp-content\/uploads\/sites\/120\/2015\/02\/20150213_161135-300x225.jpg 300w\" sizes=\"auto, (max-width: 300px) 100vw, 300px\" \/><\/p>\n","protected":false},"excerpt":{"rendered":"<p>Deux \u00e9l\u00e8ves de 5eF ont plant\u00e9 temporairement quelques herbes fournies par une copine de classe, malgr\u00e9 les intemp\u00e9ries, et ont d\u00e9couvert le nouveau visage du potager, labour\u00e9 et entretenu par M.R\u00e9veillon.<\/p>\n","protected":false},"author":448,"featured_media":15,"comment_status":"closed","ping_status":"closed","sticky":false,"template":"","format":"standard","meta":{"ngg_post_thumbnail":0,"footnotes":""},"categories":[106],"tags":[],"class_list":["post-385","post","type-post","status-publish","format-standard","has-post-thumbnail","hentry","category-potager-partage"],"_links":{"self":[{"href":"https:\/\/www.clg-berty-albrecht.ac-nice.fr\/index.php?rest_route=\/wp\/v2\/posts\/385","targetHints":{"allow":["GET"]}}],"collection":[{"href":"https:\/\/www.clg-berty-albrecht.ac-nice.fr\/index.php?rest_route=\/wp\/v2\/posts"}],"about":[{"href":"https:\/\/www.clg-berty-albrecht.ac-nice.fr\/index.php?rest_route=\/wp\/v2\/types\/post"}],"author":[{"embeddable":true,"href":"https:\/\/www.clg-berty-albrecht.ac-nice.fr\/index.php?rest_route=\/wp\/v2\/users\/448"}],"replies":[{"embeddable":true,"href":"https:\/\/www.clg-berty-albrecht.ac-nice.fr\/index.php?rest_route=%2Fwp%2Fv2%2Fcomments&post=385"}],"version-history":[{"count":0,"href":"https:\/\/www.clg-berty-albrecht.ac-nice.fr\/index.php?rest_route=\/wp\/v2\/posts\/385\/revisions"}],"wp:featuredmedia":[{"embeddable":true,"href":"https:\/\/www.clg-berty-albrecht.ac-nice.fr\/index.php?rest_route=\/wp\/v2\/media\/15"}],"wp:attachment":[{"href":"https:\/\/www.clg-berty-albrecht.ac-nice.fr\/index.php?rest_route=%2Fwp%2Fv2%2Fmedia&parent=385"}],"wp:term":[{"taxonomy":"category","embeddable":true,"href":"https:\/\/www.clg-berty-albrecht.ac-nice.fr\/index.php?rest_route=%2Fwp%2Fv2%2Fcategories&post=385"},{"taxonomy":"post_tag","embeddable":true,"href":"https:\/\/www.clg-berty-albrecht.ac-nice.fr\/index.php?rest_route=%2Fwp%2Fv2%2Ftags&post=385"}],"curies":[{"name":"wp","href":"https:\/\/api.w.org\/{rel}","templated":true}]}}