{"id":383,"date":"2015-01-16T21:26:39","date_gmt":"2015-01-16T20:26:39","guid":{"rendered":"https:\/\/wmu.ac-nice.fr\/clg-albrecht\/2015\/01\/16\/hommage-aux-victimes-de-l-attentat-de-charlie-hebdo\/"},"modified":"2015-01-16T21:26:39","modified_gmt":"2015-01-16T20:26:39","slug":"hommage-aux-victimes-de-l-attentat-de-charlie-hebdo","status":"publish","type":"post","link":"https:\/\/www.clg-berty-albrecht.ac-nice.fr\/?p=383","title":{"rendered":"Hommage aux victimes de l&rsquo;attentat de Charlie Hebdo"},"content":{"rendered":"<p style=\"text-align: justify;\"><span style=\"font-size: 12pt; line-height: 115%; font-family: Arial, sans-serif; color: #000000;\">Sous l\u2019impulsion d\u2019un groupe de professeurs, dont Mme Delongeas, et dans le cadre du CESC (Comit\u00e9 d\u2019Education \u00e0 la Sant\u00e9 et \u00e0 la Citoyennet\u00e9), les \u00e9l\u00e8ves et le personnel du coll\u00e8ge Berty Albrecht ont r\u00e9alis\u00e9 une performance artistique le&nbsp;vendredi 16 janvier \u00e0 10h30, en m\u00e9moire des attentats de la semaine pr\u00e9c\u00e9dente.<\/span><\/p>\n<p style=\"text-align: justify;\"><span style=\"font-size: 12pt; line-height: 115%; font-family: Arial, sans-serif; color: #000000;\">Les \u00e9l\u00e8ves se sont r\u00e9unis en silence dans la cours et ont brandi au-dessus de leur t\u00eate un message ou un dessin personnel exprimant leurs sentiments.&nbsp;<\/span><span style=\"font-size: 12pt; line-height: 115%; font-family: Arial, sans-serif; color: #000000;\"><span style=\"color: #000000; font-family: Arial, sans-serif; font-size: 16px; line-height: 18.3999996185303px; text-align: justify;\">Ils ont ainsi rendu hommage aux victimes et aux Valeurs de la R\u00e9publique : Libert\u00e9, Egalit\u00e9, Fraternit\u00e9 et La\u00efcit\u00e9.<\/span><\/span><\/p>\n<p><span style=\"font-size: 12pt; line-height: 115%; font-family: Arial, sans-serif; color: #000000;\"><span style=\"color: #000000; font-family: Arial, sans-serif; font-size: 16px; line-height: 18.3999996185303px; text-align: justify;\"><img loading=\"lazy\" decoding=\"async\" class=\" size-full wp-image-372\" style=\"display: block; margin-left: auto; margin-right: auto;\" src=\"http:\/\/wmu.ac-nice.fr\/clg-albrecht\/wp-content\/uploads\/sites\/120\/2015\/01\/20150116_103826.jpg\" alt=\"20150116 103826\" width=\"750\" height=\"563\" srcset=\"https:\/\/www.clg-berty-albrecht.ac-nice.fr\/wp-content\/uploads\/sites\/120\/2015\/01\/20150116_103826.jpg 653w, https:\/\/www.clg-berty-albrecht.ac-nice.fr\/wp-content\/uploads\/sites\/120\/2015\/01\/20150116_103826-300x225.jpg 300w\" sizes=\"auto, (max-width: 750px) 100vw, 750px\" \/>&nbsp;<img loading=\"lazy\" decoding=\"async\" class=\" size-full wp-image-373\" src=\"http:\/\/wmu.ac-nice.fr\/clg-albrecht\/wp-content\/uploads\/sites\/120\/2015\/01\/DSC03700.jpg\" alt=\"DSC03700\" width=\"375\" height=\"500\" srcset=\"https:\/\/www.clg-berty-albrecht.ac-nice.fr\/wp-content\/uploads\/sites\/120\/2015\/01\/DSC03700.jpg 734w, https:\/\/www.clg-berty-albrecht.ac-nice.fr\/wp-content\/uploads\/sites\/120\/2015\/01\/DSC03700-225x300.jpg 225w\" sizes=\"auto, (max-width: 375px) 100vw, 375px\" \/><img loading=\"lazy\" decoding=\"async\" class=\" size-full wp-image-374\" src=\"http:\/\/wmu.ac-nice.fr\/clg-albrecht\/wp-content\/uploads\/sites\/120\/2015\/01\/DSC03704.jpg\" alt=\"DSC03704\" width=\"350\" height=\"262\" srcset=\"https:\/\/www.clg-berty-albrecht.ac-nice.fr\/wp-content\/uploads\/sites\/120\/2015\/01\/DSC03704.jpg 979w, https:\/\/www.clg-berty-albrecht.ac-nice.fr\/wp-content\/uploads\/sites\/120\/2015\/01\/DSC03704-300x225.jpg 300w, https:\/\/www.clg-berty-albrecht.ac-nice.fr\/wp-content\/uploads\/sites\/120\/2015\/01\/DSC03704-768x576.jpg 768w\" sizes=\"auto, (max-width: 350px) 100vw, 350px\" \/><img loading=\"lazy\" decoding=\"async\" class=\" size-full wp-image-375\" src=\"http:\/\/wmu.ac-nice.fr\/clg-albrecht\/wp-content\/uploads\/sites\/120\/2015\/01\/DSC03696.jpg\" alt=\"DSC03696\" width=\"240\" height=\"320\" srcset=\"https:\/\/www.clg-berty-albrecht.ac-nice.fr\/wp-content\/uploads\/sites\/120\/2015\/01\/DSC03696.jpg 734w, https:\/\/www.clg-berty-albrecht.ac-nice.fr\/wp-content\/uploads\/sites\/120\/2015\/01\/DSC03696-225x300.jpg 225w\" sizes=\"auto, (max-width: 240px) 100vw, 240px\" \/><img loading=\"lazy\" decoding=\"async\" class=\" size-full wp-image-376\" src=\"http:\/\/wmu.ac-nice.fr\/clg-albrecht\/wp-content\/uploads\/sites\/120\/2015\/01\/Madison_6DR.jpg\" alt=\"Madison 6DR\" width=\"300\" height=\"225\" srcset=\"https:\/\/www.clg-berty-albrecht.ac-nice.fr\/wp-content\/uploads\/sites\/120\/2015\/01\/Madison_6DR.jpg 720w, https:\/\/www.clg-berty-albrecht.ac-nice.fr\/wp-content\/uploads\/sites\/120\/2015\/01\/Madison_6DR-300x225.jpg 300w\" sizes=\"auto, (max-width: 300px) 100vw, 300px\" \/><\/span><\/span><\/p>\n<p><span style=\"font-size: 12pt; line-height: 115%; font-family: Arial, sans-serif; color: #000000;\"><span style=\"color: #000000; font-family: Arial, sans-serif; font-size: 16px; line-height: 18.3999996185303px; text-align: justify;\"><img loading=\"lazy\" decoding=\"async\" class=\" alignleft size-full wp-image-377\" style=\"float: left;\" src=\"http:\/\/wmu.ac-nice.fr\/clg-albrecht\/wp-content\/uploads\/sites\/120\/2015\/01\/20150116_103829.jpg\" alt=\"20150116 103829\" width=\"320\" height=\"240\" srcset=\"https:\/\/www.clg-berty-albrecht.ac-nice.fr\/wp-content\/uploads\/sites\/120\/2015\/01\/20150116_103829.jpg 653w, https:\/\/www.clg-berty-albrecht.ac-nice.fr\/wp-content\/uploads\/sites\/120\/2015\/01\/20150116_103829-300x225.jpg 300w\" sizes=\"auto, (max-width: 320px) 100vw, 320px\" \/><img loading=\"lazy\" decoding=\"async\" class=\" size-full wp-image-378\" src=\"http:\/\/wmu.ac-nice.fr\/clg-albrecht\/wp-content\/uploads\/sites\/120\/2015\/01\/Lisa-Lou_6D.jpg\" alt=\"Lisa-Lou 6D\" width=\"225\" height=\"300\" srcset=\"https:\/\/www.clg-berty-albrecht.ac-nice.fr\/wp-content\/uploads\/sites\/120\/2015\/01\/Lisa-Lou_6D.jpg 1800w, https:\/\/www.clg-berty-albrecht.ac-nice.fr\/wp-content\/uploads\/sites\/120\/2015\/01\/Lisa-Lou_6D-225x300.jpg 225w, https:\/\/www.clg-berty-albrecht.ac-nice.fr\/wp-content\/uploads\/sites\/120\/2015\/01\/Lisa-Lou_6D-768x1024.jpg 768w, https:\/\/www.clg-berty-albrecht.ac-nice.fr\/wp-content\/uploads\/sites\/120\/2015\/01\/Lisa-Lou_6D-1152x1536.jpg 1152w, https:\/\/www.clg-berty-albrecht.ac-nice.fr\/wp-content\/uploads\/sites\/120\/2015\/01\/Lisa-Lou_6D-1536x2048.jpg 1536w, https:\/\/www.clg-berty-albrecht.ac-nice.fr\/wp-content\/uploads\/sites\/120\/2015\/01\/Lisa-Lou_6D-1200x1600.jpg 1200w\" sizes=\"auto, (max-width: 225px) 100vw, 225px\" \/><\/span><\/span><\/p>\n<p><span style=\"font-size: 12pt; line-height: 115%; font-family: Arial, sans-serif; color: #000000;\"><span style=\"color: #000000; font-family: Arial, sans-serif; font-size: 16px; line-height: 18.3999996185303px; text-align: justify;\"><img loading=\"lazy\" decoding=\"async\" class=\" alignleft size-full wp-image-379\" style=\"float: left;\" src=\"http:\/\/wmu.ac-nice.fr\/clg-albrecht\/wp-content\/uploads\/sites\/120\/2015\/01\/20150116_103845.jpg\" alt=\"20150116 103845\" width=\"332\" height=\"250\" srcset=\"https:\/\/www.clg-berty-albrecht.ac-nice.fr\/wp-content\/uploads\/sites\/120\/2015\/01\/20150116_103845.jpg 653w, https:\/\/www.clg-berty-albrecht.ac-nice.fr\/wp-content\/uploads\/sites\/120\/2015\/01\/20150116_103845-300x225.jpg 300w\" sizes=\"auto, (max-width: 332px) 100vw, 332px\" \/><img loading=\"lazy\" decoding=\"async\" class=\" size-full wp-image-380\" src=\"http:\/\/wmu.ac-nice.fr\/clg-albrecht\/wp-content\/uploads\/sites\/120\/2015\/01\/Maxence_6D_R.jpg\" alt=\"Maxence 6D R\" width=\"225\" height=\"300\" srcset=\"https:\/\/www.clg-berty-albrecht.ac-nice.fr\/wp-content\/uploads\/sites\/120\/2015\/01\/Maxence_6D_R.jpg 720w, https:\/\/www.clg-berty-albrecht.ac-nice.fr\/wp-content\/uploads\/sites\/120\/2015\/01\/Maxence_6D_R-225x300.jpg 225w\" sizes=\"auto, (max-width: 225px) 100vw, 225px\" \/><img loading=\"lazy\" decoding=\"async\" class=\" size-full wp-image-381\" src=\"http:\/\/wmu.ac-nice.fr\/clg-albrecht\/wp-content\/uploads\/sites\/120\/2015\/01\/20150116_103915.jpg\" alt=\"20150116 103915\" width=\"400\" height=\"300\" srcset=\"https:\/\/www.clg-berty-albrecht.ac-nice.fr\/wp-content\/uploads\/sites\/120\/2015\/01\/20150116_103915.jpg 653w, https:\/\/www.clg-berty-albrecht.ac-nice.fr\/wp-content\/uploads\/sites\/120\/2015\/01\/20150116_103915-300x225.jpg 300w\" sizes=\"auto, (max-width: 400px) 100vw, 400px\" \/><img loading=\"lazy\" decoding=\"async\" class=\" size-full wp-image-382\" src=\"http:\/\/wmu.ac-nice.fr\/clg-albrecht\/wp-content\/uploads\/sites\/120\/2015\/01\/Sathyne_6D_R.jpg\" alt=\"Sathyne 6D R\" width=\"300\" height=\"225\" srcset=\"https:\/\/www.clg-berty-albrecht.ac-nice.fr\/wp-content\/uploads\/sites\/120\/2015\/01\/Sathyne_6D_R.jpg 720w, https:\/\/www.clg-berty-albrecht.ac-nice.fr\/wp-content\/uploads\/sites\/120\/2015\/01\/Sathyne_6D_R-300x225.jpg 300w\" sizes=\"auto, (max-width: 300px) 100vw, 300px\" \/><\/span><\/span><\/p>\n<p style=\"text-align: justify;\"><span style=\"font-size: 12pt; line-height: 115%; font-family: Arial, sans-serif; color: #000000;\"><span style=\"color: #000000; font-family: Arial, sans-serif; font-size: 16px; line-height: 18.3999996185303px; text-align: justify;\">&nbsp;<\/span><\/span><\/p>\n<p style=\"text-align: justify;\"><span style=\"font-size: 12pt; line-height: 115%; font-family: Arial, sans-serif; color: #000000;\"><span style=\"color: #000000; font-family: Arial, sans-serif; font-size: 16px; line-height: 18.3999996185303px; text-align: justify;\">&nbsp;<\/span><\/span><\/p>\n","protected":false},"excerpt":{"rendered":"<p>Sous l\u2019impulsion d\u2019un groupe de professeurs, dont Mme Delongeas, et dans le cadre du CESC (Comit\u00e9 d\u2019Education \u00e0 la Sant\u00e9 et \u00e0 la Citoyennet\u00e9), les \u00e9l\u00e8ves et le personnel du coll\u00e8ge Berty Albrecht ont r\u00e9alis\u00e9 une performance artistique le&nbsp;vendredi 16 janvier \u00e0 10h30, en m\u00e9moire des attentats de la semaine pr\u00e9c\u00e9dente. Les \u00e9l\u00e8ves se sont [&hellip;]<\/p>\n","protected":false},"author":448,"featured_media":372,"comment_status":"closed","ping_status":"closed","sticky":false,"template":"","format":"standard","meta":{"ngg_post_thumbnail":0,"footnotes":""},"categories":[23],"tags":[],"class_list":["post-383","post","type-post","status-publish","format-standard","has-post-thumbnail","hentry","category-le-devoir-de-memoire"],"_links":{"self":[{"href":"https:\/\/www.clg-berty-albrecht.ac-nice.fr\/index.php?rest_route=\/wp\/v2\/posts\/383","targetHints":{"allow":["GET"]}}],"collection":[{"href":"https:\/\/www.clg-berty-albrecht.ac-nice.fr\/index.php?rest_route=\/wp\/v2\/posts"}],"about":[{"href":"https:\/\/www.clg-berty-albrecht.ac-nice.fr\/index.php?rest_route=\/wp\/v2\/types\/post"}],"author":[{"embeddable":true,"href":"https:\/\/www.clg-berty-albrecht.ac-nice.fr\/index.php?rest_route=\/wp\/v2\/users\/448"}],"replies":[{"embeddable":true,"href":"https:\/\/www.clg-berty-albrecht.ac-nice.fr\/index.php?rest_route=%2Fwp%2Fv2%2Fcomments&post=383"}],"version-history":[{"count":0,"href":"https:\/\/www.clg-berty-albrecht.ac-nice.fr\/index.php?rest_route=\/wp\/v2\/posts\/383\/revisions"}],"wp:featuredmedia":[{"embeddable":true,"href":"https:\/\/www.clg-berty-albrecht.ac-nice.fr\/index.php?rest_route=\/wp\/v2\/media\/372"}],"wp:attachment":[{"href":"https:\/\/www.clg-berty-albrecht.ac-nice.fr\/index.php?rest_route=%2Fwp%2Fv2%2Fmedia&parent=383"}],"wp:term":[{"taxonomy":"category","embeddable":true,"href":"https:\/\/www.clg-berty-albrecht.ac-nice.fr\/index.php?rest_route=%2Fwp%2Fv2%2Fcategories&post=383"},{"taxonomy":"post_tag","embeddable":true,"href":"https:\/\/www.clg-berty-albrecht.ac-nice.fr\/index.php?rest_route=%2Fwp%2Fv2%2Ftags&post=383"}],"curies":[{"name":"wp","href":"https:\/\/api.w.org\/{rel}","templated":true}]}}