{"id":355,"date":"2014-12-13T12:55:48","date_gmt":"2014-12-13T11:55:48","guid":{"rendered":"https:\/\/wmu.ac-nice.fr\/clg-albrecht\/2014\/12\/13\/echange-franco-allemand-2014\/"},"modified":"2014-12-13T12:55:48","modified_gmt":"2014-12-13T11:55:48","slug":"echange-franco-allemand-2014","status":"publish","type":"post","link":"https:\/\/www.clg-berty-albrecht.ac-nice.fr\/?p=355","title":{"rendered":"Echange Franco-Allemand 2014"},"content":{"rendered":"<p><span style=\"color: #000000; font-family: Tahoma; font-size: 16px;\">Les \u00e9l\u00e8ves de la 4\u00e8me bi-langue sont partis, du 2 au 8 d\u00e9cembre, \u00e0 Neuenb\u00fcrg chez leurs correspondants allemands qu&rsquo;ils avaient accueillis en mai dernier. Au programme : visite de Strasbourg, patinoire \u00e0 Karlsruhe, march\u00e9s de No\u00ebl de Stuttgart et Karlsruhe, visite de l&rsquo;usine Ritter Sport et du mus\u00e9e Porsche, mais surtout int\u00e9gration dans les cours au lyc\u00e9e, vie quotidienne dans les familles, St Nicolas en direct, petits g\u00e2teaux typiques etc.<\/span><\/p>\n<p><img loading=\"lazy\" decoding=\"async\" class=\" size-full wp-image-352\" src=\"http:\/\/wmu.ac-nice.fr\/clg-albrecht\/wp-content\/uploads\/sites\/120\/2014\/12\/2-12_Strasbourg.jpg\" alt=\"2-12 Strasbourg\" width=\"500\" height=\"667\" srcset=\"https:\/\/www.clg-berty-albrecht.ac-nice.fr\/wp-content\/uploads\/sites\/120\/2014\/12\/2-12_Strasbourg.jpg 821w, https:\/\/www.clg-berty-albrecht.ac-nice.fr\/wp-content\/uploads\/sites\/120\/2014\/12\/2-12_Strasbourg-225x300.jpg 225w, https:\/\/www.clg-berty-albrecht.ac-nice.fr\/wp-content\/uploads\/sites\/120\/2014\/12\/2-12_Strasbourg-768x1024.jpg 768w\" sizes=\"auto, (max-width: 500px) 100vw, 500px\" \/>&nbsp;<img loading=\"lazy\" decoding=\"async\" class=\" size-full wp-image-353\" src=\"http:\/\/wmu.ac-nice.fr\/clg-albrecht\/wp-content\/uploads\/sites\/120\/2014\/12\/Lyce.jpg\" alt=\"Lyce\" width=\"350\" height=\"234\" srcset=\"https:\/\/www.clg-berty-albrecht.ac-nice.fr\/wp-content\/uploads\/sites\/120\/2014\/12\/Lyce.jpg 1167w, https:\/\/www.clg-berty-albrecht.ac-nice.fr\/wp-content\/uploads\/sites\/120\/2014\/12\/Lyce-300x200.jpg 300w, https:\/\/www.clg-berty-albrecht.ac-nice.fr\/wp-content\/uploads\/sites\/120\/2014\/12\/Lyce-1024x683.jpg 1024w, https:\/\/www.clg-berty-albrecht.ac-nice.fr\/wp-content\/uploads\/sites\/120\/2014\/12\/Lyce-768x512.jpg 768w\" sizes=\"auto, (max-width: 350px) 100vw, 350px\" \/><img loading=\"lazy\" decoding=\"async\" class=\" size-full wp-image-354\" src=\"http:\/\/wmu.ac-nice.fr\/clg-albrecht\/wp-content\/uploads\/sites\/120\/2014\/12\/Patinoire.jpg\" alt=\"Patinoire\" width=\"350\" height=\"234\" srcset=\"https:\/\/www.clg-berty-albrecht.ac-nice.fr\/wp-content\/uploads\/sites\/120\/2014\/12\/Patinoire.jpg 1165w, https:\/\/www.clg-berty-albrecht.ac-nice.fr\/wp-content\/uploads\/sites\/120\/2014\/12\/Patinoire-300x200.jpg 300w, https:\/\/www.clg-berty-albrecht.ac-nice.fr\/wp-content\/uploads\/sites\/120\/2014\/12\/Patinoire-1024x683.jpg 1024w, https:\/\/www.clg-berty-albrecht.ac-nice.fr\/wp-content\/uploads\/sites\/120\/2014\/12\/Patinoire-768x512.jpg 768w\" sizes=\"auto, (max-width: 350px) 100vw, 350px\" \/><\/p>\n","protected":false},"excerpt":{"rendered":"<p>Les \u00e9l\u00e8ves de la 4\u00e8me bi-langue sont partis, du 2 au 8 d\u00e9cembre, \u00e0 Neuenb\u00fcrg chez leurs correspondants allemands qu&rsquo;ils avaient accueillis en mai dernier. Au programme : visite de Strasbourg, patinoire \u00e0 Karlsruhe, march\u00e9s de No\u00ebl de Stuttgart et Karlsruhe, visite de l&rsquo;usine Ritter Sport et du mus\u00e9e Porsche, mais surtout int\u00e9gration dans les [&hellip;]<\/p>\n","protected":false},"author":448,"featured_media":352,"comment_status":"closed","ping_status":"closed","sticky":false,"template":"","format":"standard","meta":{"ngg_post_thumbnail":0,"footnotes":""},"categories":[34],"tags":[],"class_list":["post-355","post","type-post","status-publish","format-standard","has-post-thumbnail","hentry","category-neuenbuerg"],"_links":{"self":[{"href":"https:\/\/www.clg-berty-albrecht.ac-nice.fr\/index.php?rest_route=\/wp\/v2\/posts\/355","targetHints":{"allow":["GET"]}}],"collection":[{"href":"https:\/\/www.clg-berty-albrecht.ac-nice.fr\/index.php?rest_route=\/wp\/v2\/posts"}],"about":[{"href":"https:\/\/www.clg-berty-albrecht.ac-nice.fr\/index.php?rest_route=\/wp\/v2\/types\/post"}],"author":[{"embeddable":true,"href":"https:\/\/www.clg-berty-albrecht.ac-nice.fr\/index.php?rest_route=\/wp\/v2\/users\/448"}],"replies":[{"embeddable":true,"href":"https:\/\/www.clg-berty-albrecht.ac-nice.fr\/index.php?rest_route=%2Fwp%2Fv2%2Fcomments&post=355"}],"version-history":[{"count":0,"href":"https:\/\/www.clg-berty-albrecht.ac-nice.fr\/index.php?rest_route=\/wp\/v2\/posts\/355\/revisions"}],"wp:featuredmedia":[{"embeddable":true,"href":"https:\/\/www.clg-berty-albrecht.ac-nice.fr\/index.php?rest_route=\/wp\/v2\/media\/352"}],"wp:attachment":[{"href":"https:\/\/www.clg-berty-albrecht.ac-nice.fr\/index.php?rest_route=%2Fwp%2Fv2%2Fmedia&parent=355"}],"wp:term":[{"taxonomy":"category","embeddable":true,"href":"https:\/\/www.clg-berty-albrecht.ac-nice.fr\/index.php?rest_route=%2Fwp%2Fv2%2Fcategories&post=355"},{"taxonomy":"post_tag","embeddable":true,"href":"https:\/\/www.clg-berty-albrecht.ac-nice.fr\/index.php?rest_route=%2Fwp%2Fv2%2Ftags&post=355"}],"curies":[{"name":"wp","href":"https:\/\/api.w.org\/{rel}","templated":true}]}}