{"id":35,"date":"2010-11-03T16:50:01","date_gmt":"2010-11-03T15:50:01","guid":{"rendered":"https:\/\/wmu.ac-nice.fr\/clg-albrecht\/2010\/11\/03\/la-copsy\/"},"modified":"2010-11-03T16:50:01","modified_gmt":"2010-11-03T15:50:01","slug":"la-copsy","status":"publish","type":"post","link":"https:\/\/www.clg-berty-albrecht.ac-nice.fr\/?p=35","title":{"rendered":"La Copsy"},"content":{"rendered":"<p><!-- \t\t@page { margin: 2cm } \t\tP { margin-bottom: 0.21cm } --> <\/p>\n<p style=\"margin-top: 0.49cm; margin-bottom: 0.49cm;\" align=\"JUSTIFY\"><span style=\"font-family: Garamond,serif;\"><span style=\"font-size: medium;\"><strong>Mme CANCE <\/strong><\/span><\/span><span style=\"font-family: Garamond,serif;\"><span style=\"font-size: medium;\">est notre Conseill\u00e8re d\u2019Orientation psychologue. Elle informe les \u00e9l\u00e8ves sur les \u00e9tudes et les m\u00e9tiers, elle aide et \u00e9coute ceux qui ont des probl\u00e8mes ou des doutes quant \u00e0 leur orientation scolaire et leur permet de formuler un projet pour l\u2019avenir. Elle collabore avec les professeurs principaux. Elle intervient en classe de 3<\/span><\/span><sup><span style=\"font-family: Garamond,serif;\"><span style=\"font-size: medium;\">\u00e8me<\/span><\/span><\/sup><span style=\"font-family: Garamond,serif;\"><span style=\"font-size: medium;\"> pour pr\u00e9senter son r\u00f4le aux \u00e9l\u00e8ves.<\/span><\/span><\/p>\n<p style=\"margin-top: 0.49cm; margin-bottom: 0.49cm;\" align=\"JUSTIFY\"><span style=\"font-family: Garamond,serif;\"><span style=\"font-size: medium;\">Pr\u00e9sente au coll\u00e8ge Berty ALBRECHT le mardi, elle re\u00e7oit sur rendez-vous (\u00e0 prendre \u00e0 la Vie Scolaire) de 9h30 \u00e0 12h et de 13h00 \u00e0 16h30.<\/span><\/span><\/p>\n<p style=\"margin-top: 0.49cm; margin-bottom: 0.49cm;\" align=\"JUSTIFY\"><span style=\"font-family: Garamond,serif;\"><span style=\"font-size: medium;\">Elle est joignable le lundi au CIO de Fr\u00e8jus au 04 94 19 52 40<\/span><\/span><\/p>\n<p style=\"margin-top: 0.49cm; margin-bottom: 0.49cm;\" align=\"JUSTIFY\"><span style=\"font-family: Garamond,serif;\"><span style=\"font-size: medium;\"> .&nbsp;&nbsp;&nbsp;&nbsp;&nbsp;&nbsp;&nbsp;&nbsp;&nbsp;&nbsp;&nbsp;&nbsp;&nbsp;&nbsp;&nbsp;&nbsp;&nbsp;&nbsp;&nbsp;&nbsp;&nbsp;&nbsp;&nbsp;&nbsp;&nbsp;&nbsp; le jeudi au coll\u00e8ge des Ch\u00eanes au 04 94 51 52 43<br \/><\/span><\/span><\/p>\n<p style=\"margin-top: 0.49cm; margin-bottom: 0.49cm;\" align=\"JUSTIFY\"><span style=\"font-family: Garamond,serif;\"><span style=\"font-size: medium;\">Elle est pr\u00e9sente au coll\u00e8ge le mardi de 9h30 \u00e0 16h30. Les \u00e9l\u00e8ves doivent prendre rendez-vous \u00e0 la vie scolaire.<\/span><\/span><\/p>\n<p style=\"margin-top: 0.49cm; margin-bottom: 0.49cm;\" align=\"JUSTIFY\">&nbsp;<\/p>\n","protected":false},"excerpt":{"rendered":"<p>Mme CANCE est notre Conseill\u00e8re d\u2019Orientation psychologue. Elle informe les \u00e9l\u00e8ves sur les \u00e9tudes et les m\u00e9tiers, elle aide et \u00e9coute ceux qui ont des probl\u00e8mes ou des doutes quant \u00e0 leur orientation scolaire et leur permet de formuler un projet pour l\u2019avenir. Elle collabore avec les professeurs principaux. Elle intervient en classe de 3\u00e8me [&hellip;]<\/p>\n","protected":false},"author":448,"featured_media":0,"comment_status":"closed","ping_status":"closed","sticky":false,"template":"","format":"standard","meta":{"ngg_post_thumbnail":0,"footnotes":""},"categories":[41],"tags":[],"class_list":["post-35","post","type-post","status-publish","format-standard","hentry","category-la-copsy"],"_links":{"self":[{"href":"https:\/\/www.clg-berty-albrecht.ac-nice.fr\/index.php?rest_route=\/wp\/v2\/posts\/35","targetHints":{"allow":["GET"]}}],"collection":[{"href":"https:\/\/www.clg-berty-albrecht.ac-nice.fr\/index.php?rest_route=\/wp\/v2\/posts"}],"about":[{"href":"https:\/\/www.clg-berty-albrecht.ac-nice.fr\/index.php?rest_route=\/wp\/v2\/types\/post"}],"author":[{"embeddable":true,"href":"https:\/\/www.clg-berty-albrecht.ac-nice.fr\/index.php?rest_route=\/wp\/v2\/users\/448"}],"replies":[{"embeddable":true,"href":"https:\/\/www.clg-berty-albrecht.ac-nice.fr\/index.php?rest_route=%2Fwp%2Fv2%2Fcomments&post=35"}],"version-history":[{"count":0,"href":"https:\/\/www.clg-berty-albrecht.ac-nice.fr\/index.php?rest_route=\/wp\/v2\/posts\/35\/revisions"}],"wp:attachment":[{"href":"https:\/\/www.clg-berty-albrecht.ac-nice.fr\/index.php?rest_route=%2Fwp%2Fv2%2Fmedia&parent=35"}],"wp:term":[{"taxonomy":"category","embeddable":true,"href":"https:\/\/www.clg-berty-albrecht.ac-nice.fr\/index.php?rest_route=%2Fwp%2Fv2%2Fcategories&post=35"},{"taxonomy":"post_tag","embeddable":true,"href":"https:\/\/www.clg-berty-albrecht.ac-nice.fr\/index.php?rest_route=%2Fwp%2Fv2%2Ftags&post=35"}],"curies":[{"name":"wp","href":"https:\/\/api.w.org\/{rel}","templated":true}]}}