{"id":346,"date":"2014-12-13T12:16:48","date_gmt":"2014-12-13T11:16:48","guid":{"rendered":"https:\/\/wmu.ac-nice.fr\/clg-albrecht\/2014\/12\/13\/ceremonie-du-11-novembre-travail-de-memoire\/"},"modified":"2014-12-13T12:16:48","modified_gmt":"2014-12-13T11:16:48","slug":"ceremonie-du-11-novembre-travail-de-memoire","status":"publish","type":"post","link":"https:\/\/www.clg-berty-albrecht.ac-nice.fr\/?p=346","title":{"rendered":"C\u00e9r\u00e9monie du 11 novembre : travail de m\u00e9moire"},"content":{"rendered":"<p><img loading=\"lazy\" decoding=\"async\" class=\" alignleft size-full wp-image-343\" style=\"margin-right: 6px; float: left;\" src=\"http:\/\/wmu.ac-nice.fr\/clg-albrecht\/wp-content\/uploads\/sites\/120\/2014\/12\/IMG_7566.jpg\" alt=\"IMG 7566\" width=\"375\" height=\"500\" srcset=\"https:\/\/www.clg-berty-albrecht.ac-nice.fr\/wp-content\/uploads\/sites\/120\/2014\/12\/IMG_7566.jpg 2448w, https:\/\/www.clg-berty-albrecht.ac-nice.fr\/wp-content\/uploads\/sites\/120\/2014\/12\/IMG_7566-225x300.jpg 225w, https:\/\/www.clg-berty-albrecht.ac-nice.fr\/wp-content\/uploads\/sites\/120\/2014\/12\/IMG_7566-768x1024.jpg 768w, https:\/\/www.clg-berty-albrecht.ac-nice.fr\/wp-content\/uploads\/sites\/120\/2014\/12\/IMG_7566-1152x1536.jpg 1152w, https:\/\/www.clg-berty-albrecht.ac-nice.fr\/wp-content\/uploads\/sites\/120\/2014\/12\/IMG_7566-1536x2048.jpg 1536w, https:\/\/www.clg-berty-albrecht.ac-nice.fr\/wp-content\/uploads\/sites\/120\/2014\/12\/IMG_7566-1200x1600.jpg 1200w, https:\/\/www.clg-berty-albrecht.ac-nice.fr\/wp-content\/uploads\/sites\/120\/2014\/12\/IMG_7566-1980x2640.jpg 1980w\" sizes=\"auto, (max-width: 375px) 100vw, 375px\" \/><\/p>\n<p>&nbsp;<\/p>\n<p class=\"CorpsA\"><span style=\"font-family: helvetica; font-size: 12pt;\">&nbsp;<\/span><\/p>\n<p class=\"CorpsA\"><span style=\"font-family: helvetica; font-size: 12pt;\">Premi\u00e8re comm\u00e9moration du 11 novembre au sein du coll\u00e8ge Berty Albrecht, devant l\u2019auditorium SERGE SCHNEIDER. (Mme CARLE, Principale, Mr PRATO, enseignant d\u2019Histoire \u00e0la retraite).<\/span><\/p>\n<p class=\"CorpsA\">&nbsp;<\/p>\n<p class=\"CorpsA\">&nbsp;<\/p>\n<p class=\"CorpsA\">&nbsp;<\/p>\n<p class=\"CorpsA\">&nbsp;<\/p>\n<p class=\"CorpsA\">&nbsp;<\/p>\n<p class=\"CorpsA\">&nbsp;<\/p>\n<p class=\"CorpsA\">&nbsp;<\/p>\n<p class=\"CorpsA\">&nbsp;<\/p>\n<p class=\"CorpsA\">&nbsp;<\/p>\n<p class=\"CorpsA\">&nbsp;<\/p>\n<p class=\"CorpsA\"><span style=\"font-family: helvetica; font-size: 12pt;\">Puis le lendemain, le 11 novembre, lors de la c\u00e9r\u00e9monie organis\u00e9e par la mairie de Sainte-Maxime.<\/span><\/p>\n<p class=\"CorpsA\"><span style=\"font-family: helvetica; font-size: 12pt;\">Julia CHAILLET, Maxime DI MASCIO et In\u00e8s HARSCH (3A) puis Tom BORING, TINELLI Carla et Kiarra VALENTE (3D) ont lu des textes sur la Premi\u00e8re guerre mondiale, qu\u2019ils avaient r\u00e9dig\u00e9s eux-m\u00eames, sous la direction de leur professeur d\u2019Histoire, Mr CHAABANI.<\/span><\/p>\n<p class=\"CorpsA\"><span style=\"font-family: helvetica; font-size: 12pt;\">Ce travail de m\u00e9moire s\u2019inscrit depuis plus de 25 ans dans le patrimoine de notre \u00e9tablissement. Il avait \u00e9t\u00e9lanc\u00e9par Mr Alain PRATO, qui a transmis le flambeau \u00e0Mr CHAABANI en 2008.<\/span><\/p>\n<p class=\"CorpsA\"><span style=\"font-family: helvetica; font-size: 12pt;\">Nous f\u00e9licitons tous les \u00e9l\u00e8ves qui ont \u00e9crit ou lu les textes sur la Grande Guerre.<\/span><\/p>\n<p class=\"CorpsA\"><span style=\"font-family: helvetica; font-size: 12pt;\">Prochaine \u00e9tape: le 8 mai 2015 pour la comm\u00e9moration de la capitulation allemande (70\u00b0anniversaire)\u2026<\/span><\/p>\n<p class=\"CorpsA\"><span style=\"font-family: helvetica; font-size: 12pt;\"><img loading=\"lazy\" decoding=\"async\" class=\" alignleft size-full wp-image-344\" style=\"margin-right: 6px; float: left;\" src=\"http:\/\/wmu.ac-nice.fr\/clg-albrecht\/wp-content\/uploads\/sites\/120\/2014\/12\/IMG_7729.jpg\" alt=\"IMG 7729\" width=\"500\" height=\"333\" srcset=\"https:\/\/www.clg-berty-albrecht.ac-nice.fr\/wp-content\/uploads\/sites\/120\/2014\/12\/IMG_7729.jpg 5184w, https:\/\/www.clg-berty-albrecht.ac-nice.fr\/wp-content\/uploads\/sites\/120\/2014\/12\/IMG_7729-300x200.jpg 300w, https:\/\/www.clg-berty-albrecht.ac-nice.fr\/wp-content\/uploads\/sites\/120\/2014\/12\/IMG_7729-1024x683.jpg 1024w, https:\/\/www.clg-berty-albrecht.ac-nice.fr\/wp-content\/uploads\/sites\/120\/2014\/12\/IMG_7729-768x512.jpg 768w, https:\/\/www.clg-berty-albrecht.ac-nice.fr\/wp-content\/uploads\/sites\/120\/2014\/12\/IMG_7729-1536x1024.jpg 1536w, https:\/\/www.clg-berty-albrecht.ac-nice.fr\/wp-content\/uploads\/sites\/120\/2014\/12\/IMG_7729-2048x1365.jpg 2048w, https:\/\/www.clg-berty-albrecht.ac-nice.fr\/wp-content\/uploads\/sites\/120\/2014\/12\/IMG_7729-1200x800.jpg 1200w, https:\/\/www.clg-berty-albrecht.ac-nice.fr\/wp-content\/uploads\/sites\/120\/2014\/12\/IMG_7729-1980x1320.jpg 1980w\" sizes=\"auto, (max-width: 500px) 100vw, 500px\" \/><\/span><\/p>\n<p class=\"CorpsA\">&nbsp;<\/p>\n<p class=\"CorpsA\"><span style=\"font-family: helvetica; font-size: 12pt;\">Carla TINELLI (3D) lit son texte, entour\u00e9e des porte-drapeaux, lors de la c\u00e9r\u00e9monie comm\u00e9morative organis\u00e9e par la municipalit\u00e9de Sainte-Maxime, devant le Monument aux Morts.<\/span><\/p>\n<p class=\"CorpsA\">&nbsp;<\/p>\n<p class=\"CorpsA\">&nbsp;<\/p>\n<p class=\"CorpsA\">&nbsp;<\/p>\n<p class=\"CorpsA\">&nbsp;<\/p>\n<p class=\"CorpsA\">&nbsp;<\/p>\n<p class=\"CorpsA\">&nbsp;<\/p>\n<p class=\"CorpsA\">&nbsp;<\/p>\n<p class=\"CorpsA\"><span style=\"font-family: helvetica; font-size: 12pt;\"><img loading=\"lazy\" decoding=\"async\" class=\" alignleft size-full wp-image-345\" style=\"margin-right: 6px; float: left;\" src=\"http:\/\/wmu.ac-nice.fr\/clg-albrecht\/wp-content\/uploads\/sites\/120\/2014\/12\/IMG_7730.jpg\" alt=\"IMG 7730\" width=\"500\" height=\"333\" srcset=\"https:\/\/www.clg-berty-albrecht.ac-nice.fr\/wp-content\/uploads\/sites\/120\/2014\/12\/IMG_7730.jpg 5184w, https:\/\/www.clg-berty-albrecht.ac-nice.fr\/wp-content\/uploads\/sites\/120\/2014\/12\/IMG_7730-300x200.jpg 300w, https:\/\/www.clg-berty-albrecht.ac-nice.fr\/wp-content\/uploads\/sites\/120\/2014\/12\/IMG_7730-1024x683.jpg 1024w, https:\/\/www.clg-berty-albrecht.ac-nice.fr\/wp-content\/uploads\/sites\/120\/2014\/12\/IMG_7730-768x512.jpg 768w, https:\/\/www.clg-berty-albrecht.ac-nice.fr\/wp-content\/uploads\/sites\/120\/2014\/12\/IMG_7730-1536x1024.jpg 1536w, https:\/\/www.clg-berty-albrecht.ac-nice.fr\/wp-content\/uploads\/sites\/120\/2014\/12\/IMG_7730-2048x1365.jpg 2048w, https:\/\/www.clg-berty-albrecht.ac-nice.fr\/wp-content\/uploads\/sites\/120\/2014\/12\/IMG_7730-1200x800.jpg 1200w, https:\/\/www.clg-berty-albrecht.ac-nice.fr\/wp-content\/uploads\/sites\/120\/2014\/12\/IMG_7730-1980x1320.jpg 1980w\" sizes=\"auto, (max-width: 500px) 100vw, 500px\" \/><\/span><\/p>\n<p class=\"CorpsA\">&nbsp;<\/p>\n<p class=\"CorpsA\"><span style=\"font-family: helvetica; font-size: 12pt;\">Mme CARLE, Principale du Coll\u00e8ge, les \u00e9l\u00e8ves de 3\u00b0qui ont lu leurs discours, Mr CHAABANI, professeur d\u2019Histoire r\u00e9f\u00e9rent Citoyennet\u00e9et M\u00e9moire, CASU Sathyne, \u00e9l\u00e8ve de 6\u00b0, membre du Conseil Municipal des Enfants, qui a particip\u00e9au d\u00e9p\u00f4t de gerbes, devant le Monument aux Morts de la commune de Sainte-Maxime.<\/span><\/p>\n<p class=\"CorpsA\">&nbsp;<\/p>\n<p class=\"CorpsA\">&nbsp;<\/p>\n<p class=\"CorpsA\">&nbsp;<\/p>\n<p class=\"CorpsA\" style=\"text-align: right;\"><span style=\"font-family: helvetica; font-size: 12pt;\">M.Chaabani<\/span><\/p>\n<p class=\"CorpsA\">&nbsp;<\/p>\n","protected":false},"excerpt":{"rendered":"<p>&nbsp; &nbsp; Premi\u00e8re comm\u00e9moration du 11 novembre au sein du coll\u00e8ge Berty Albrecht, devant l\u2019auditorium SERGE SCHNEIDER. (Mme CARLE, Principale, Mr PRATO, enseignant d\u2019Histoire \u00e0la retraite). &nbsp; &nbsp; &nbsp; &nbsp; &nbsp; &nbsp; &nbsp; &nbsp; &nbsp; &nbsp; Puis le lendemain, le 11 novembre, lors de la c\u00e9r\u00e9monie organis\u00e9e par la mairie de Sainte-Maxime. Julia CHAILLET, Maxime [&hellip;]<\/p>\n","protected":false},"author":448,"featured_media":343,"comment_status":"closed","ping_status":"closed","sticky":false,"template":"","format":"standard","meta":{"ngg_post_thumbnail":0,"footnotes":""},"categories":[23],"tags":[],"class_list":["post-346","post","type-post","status-publish","format-standard","has-post-thumbnail","hentry","category-le-devoir-de-memoire"],"_links":{"self":[{"href":"https:\/\/www.clg-berty-albrecht.ac-nice.fr\/index.php?rest_route=\/wp\/v2\/posts\/346","targetHints":{"allow":["GET"]}}],"collection":[{"href":"https:\/\/www.clg-berty-albrecht.ac-nice.fr\/index.php?rest_route=\/wp\/v2\/posts"}],"about":[{"href":"https:\/\/www.clg-berty-albrecht.ac-nice.fr\/index.php?rest_route=\/wp\/v2\/types\/post"}],"author":[{"embeddable":true,"href":"https:\/\/www.clg-berty-albrecht.ac-nice.fr\/index.php?rest_route=\/wp\/v2\/users\/448"}],"replies":[{"embeddable":true,"href":"https:\/\/www.clg-berty-albrecht.ac-nice.fr\/index.php?rest_route=%2Fwp%2Fv2%2Fcomments&post=346"}],"version-history":[{"count":0,"href":"https:\/\/www.clg-berty-albrecht.ac-nice.fr\/index.php?rest_route=\/wp\/v2\/posts\/346\/revisions"}],"wp:featuredmedia":[{"embeddable":true,"href":"https:\/\/www.clg-berty-albrecht.ac-nice.fr\/index.php?rest_route=\/wp\/v2\/media\/343"}],"wp:attachment":[{"href":"https:\/\/www.clg-berty-albrecht.ac-nice.fr\/index.php?rest_route=%2Fwp%2Fv2%2Fmedia&parent=346"}],"wp:term":[{"taxonomy":"category","embeddable":true,"href":"https:\/\/www.clg-berty-albrecht.ac-nice.fr\/index.php?rest_route=%2Fwp%2Fv2%2Fcategories&post=346"},{"taxonomy":"post_tag","embeddable":true,"href":"https:\/\/www.clg-berty-albrecht.ac-nice.fr\/index.php?rest_route=%2Fwp%2Fv2%2Ftags&post=346"}],"curies":[{"name":"wp","href":"https:\/\/api.w.org\/{rel}","templated":true}]}}