{"id":339,"date":"2014-12-03T10:54:11","date_gmt":"2014-12-03T09:54:11","guid":{"rendered":"https:\/\/wmu.ac-nice.fr\/clg-albrecht\/2014\/12\/03\/telethon-2014\/"},"modified":"2014-12-03T10:54:11","modified_gmt":"2014-12-03T09:54:11","slug":"telethon-2014","status":"publish","type":"post","link":"https:\/\/www.clg-berty-albrecht.ac-nice.fr\/?p=339","title":{"rendered":"Telethon 2014"},"content":{"rendered":"<ul>\n<li style=\"text-align: center;\"><span style=\"color: #ff6699; font-size: 14pt;\"><strong><span style=\"font-family: andale mono, times;\"><img loading=\"lazy\" decoding=\"async\" class=\" alignleft size-full wp-image-338\" style=\"float: left;\" src=\"http:\/\/wmu.ac-nice.fr\/clg-albrecht\/wp-content\/uploads\/sites\/120\/2014\/12\/telethon.jpg\" alt=\"telethon\" width=\"150\" height=\"133\" srcset=\"https:\/\/www.clg-berty-albrecht.ac-nice.fr\/wp-content\/uploads\/sites\/120\/2014\/12\/telethon.jpg 400w, https:\/\/www.clg-berty-albrecht.ac-nice.fr\/wp-content\/uploads\/sites\/120\/2014\/12\/telethon-300x265.jpg 300w\" sizes=\"auto, (max-width: 150px) 100vw, 150px\" \/><\/span><\/strong><\/span><\/li>\n<\/ul>\n<p style=\"text-align: center;\"><span style=\"color: #ff6699; font-size: 14pt;\"><strong><span style=\"font-family: andale mono, times;\">Ouverture au public<\/span><\/strong><\/span><\/p>\n<p style=\"text-align: center;\"><span style=\"color: #ff6699; font-size: 14pt;\"><strong><span style=\"font-family: andale mono, times;\">Vendredi 5 d\u00e9cembre<\/span><\/strong><\/span><\/p>\n<p style=\"text-align: center;\"><span style=\"color: #ff6699; font-size: 14pt;\"><strong><span style=\"font-family: andale mono, times;\">de 15h30 \u00e0 18h30<\/span><\/strong><\/span><\/p>\n<p style=\"text-align: justify;\"><span style=\"color: #ff00ff;\"><strong><span style=\"font-family: andale mono, times; font-size: 14pt;\">&nbsp;<\/span><\/strong><\/span>&nbsp;<\/p>\n<p style=\"text-align: justify;\"><span style=\"font-family: tahoma, arial, helvetica, sans-serif; color: #333399; font-size: 12pt;\">&#8211; Spectacle des \u00e9l\u00e8ves,<\/span><\/p>\n<p style=\"text-align: justify;\"><span style=\"font-family: tahoma, arial, helvetica, sans-serif; color: #333399; font-size: 12pt;\">&#8211; Petite vente de gateaux maison et d&rsquo;objets r\u00e9alis\u00e9s par les \u00e9l\u00e8ves de 6eE, 5eE et autres,<\/span><\/p>\n<p style=\"text-align: justify;\"><span style=\"font-family: tahoma, arial, helvetica, sans-serif; color: #333399; font-size: 12pt;\">&#8211; Tombola de gri-gri fabriqu\u00e9s par les \u00e9l\u00e8ves.<\/span><\/p>\n","protected":false},"excerpt":{"rendered":"<p>Ouverture au public Vendredi 5 d\u00e9cembre de 15h30 \u00e0 18h30 &nbsp;&nbsp; &#8211; Spectacle des \u00e9l\u00e8ves, &#8211; Petite vente de gateaux maison et d&rsquo;objets r\u00e9alis\u00e9s par les \u00e9l\u00e8ves de 6eE, 5eE et autres, &#8211; Tombola de gri-gri fabriqu\u00e9s par les \u00e9l\u00e8ves.<\/p>\n","protected":false},"author":448,"featured_media":338,"comment_status":"closed","ping_status":"closed","sticky":false,"template":"","format":"standard","meta":{"ngg_post_thumbnail":0,"footnotes":""},"categories":[30],"tags":[],"class_list":["post-339","post","type-post","status-publish","format-standard","has-post-thumbnail","hentry","category-les-actions-de-solidarite"],"_links":{"self":[{"href":"https:\/\/www.clg-berty-albrecht.ac-nice.fr\/index.php?rest_route=\/wp\/v2\/posts\/339","targetHints":{"allow":["GET"]}}],"collection":[{"href":"https:\/\/www.clg-berty-albrecht.ac-nice.fr\/index.php?rest_route=\/wp\/v2\/posts"}],"about":[{"href":"https:\/\/www.clg-berty-albrecht.ac-nice.fr\/index.php?rest_route=\/wp\/v2\/types\/post"}],"author":[{"embeddable":true,"href":"https:\/\/www.clg-berty-albrecht.ac-nice.fr\/index.php?rest_route=\/wp\/v2\/users\/448"}],"replies":[{"embeddable":true,"href":"https:\/\/www.clg-berty-albrecht.ac-nice.fr\/index.php?rest_route=%2Fwp%2Fv2%2Fcomments&post=339"}],"version-history":[{"count":0,"href":"https:\/\/www.clg-berty-albrecht.ac-nice.fr\/index.php?rest_route=\/wp\/v2\/posts\/339\/revisions"}],"wp:featuredmedia":[{"embeddable":true,"href":"https:\/\/www.clg-berty-albrecht.ac-nice.fr\/index.php?rest_route=\/wp\/v2\/media\/338"}],"wp:attachment":[{"href":"https:\/\/www.clg-berty-albrecht.ac-nice.fr\/index.php?rest_route=%2Fwp%2Fv2%2Fmedia&parent=339"}],"wp:term":[{"taxonomy":"category","embeddable":true,"href":"https:\/\/www.clg-berty-albrecht.ac-nice.fr\/index.php?rest_route=%2Fwp%2Fv2%2Fcategories&post=339"},{"taxonomy":"post_tag","embeddable":true,"href":"https:\/\/www.clg-berty-albrecht.ac-nice.fr\/index.php?rest_route=%2Fwp%2Fv2%2Ftags&post=339"}],"curies":[{"name":"wp","href":"https:\/\/api.w.org\/{rel}","templated":true}]}}