{"id":298,"date":"2014-06-11T07:03:00","date_gmt":"2014-06-11T05:03:00","guid":{"rendered":"https:\/\/wmu.ac-nice.fr\/clg-albrecht\/2014\/06\/11\/accueil-des-correspondants-allemands\/"},"modified":"2014-06-11T07:03:00","modified_gmt":"2014-06-11T05:03:00","slug":"accueil-des-correspondants-allemands","status":"publish","type":"post","link":"https:\/\/www.clg-berty-albrecht.ac-nice.fr\/?p=298","title":{"rendered":"Accueil des correspondants allemands : Echange et amiti\u00e9 franco-allemands"},"content":{"rendered":"<h5><span style=\"color: #000000; font-family: Tahoma; font-size: 16px;\">&nbsp;<\/span><span style=\"color: #000000; font-family: Tahoma; font-size: 16px;\">&nbsp; <img loading=\"lazy\" decoding=\"async\" class=\" size-full wp-image-295\" src=\"http:\/\/wmu.ac-nice.fr\/clg-albrecht\/wp-content\/uploads\/sites\/120\/2014\/06\/P1010046Rbis.jpg\" alt=\"\" width=\"600\" height=\"416\" srcset=\"https:\/\/www.clg-berty-albrecht.ac-nice.fr\/wp-content\/uploads\/sites\/120\/2014\/06\/P1010046Rbis.jpg 600w, https:\/\/www.clg-berty-albrecht.ac-nice.fr\/wp-content\/uploads\/sites\/120\/2014\/06\/P1010046Rbis-300x208.jpg 300w\" sizes=\"auto, (max-width: 600px) 100vw, 600px\" \/>&nbsp;<\/span><\/h5>\n<h5><span style=\"color: #000000; font-family: Tahoma; font-size: 16px;\">&nbsp; &nbsp;<\/span><span style=\"color: #000000; font-family: Tahoma; font-size: 16px;\">Nous accueillons du 18 au 24 mai 19 \u00e9l\u00e8ves du Gymnasium Neuenb\u00fcrg.&nbsp;<\/span><\/h5>\n<h5><span style=\"color: #000000; font-family: Tahoma; font-size: 16px;\">&nbsp; &nbsp;Ce matin, les \u00e9l\u00e8ves et leurs professeurs ont \u00e9t\u00e9 accueillis au Coll\u00e8ge par un petit d\u00e9jeuner avant de suivre quelques cours avec leurs correspondants de 5\u00e8me et de manger ensuite avec eux \u00e0 la cantine.&nbsp;<\/span><br style=\"color: #000000; font-family: Tahoma; font-size: 16px;\" \/><span style=\"color: #000000; font-family: Tahoma; font-size: 16px;\">&nbsp; &nbsp;Programme \u00e0 suivre : visite de Ste Maxime, promenade en bateau \u00e0 St Tropez, Kayak, randonn\u00e9e, parcours arbres et aventure. Mais le plus important : d\u00e9velopper des affinit\u00e9s entre les correspondants, communiquer et conna\u00eetre le quotidien d&rsquo;un jeune Fran\u00e7ais.&nbsp;<\/span><\/h5>\n<p><span style=\"color: #000000; font-family: Tahoma; font-size: 16px;\"><img loading=\"lazy\" decoding=\"async\" class=\" size-full wp-image-296\" src=\"http:\/\/wmu.ac-nice.fr\/clg-albrecht\/wp-content\/uploads\/sites\/120\/2014\/06\/P1010043Rbis.jpg\" alt=\"\" width=\"425\" height=\"318\" srcset=\"https:\/\/www.clg-berty-albrecht.ac-nice.fr\/wp-content\/uploads\/sites\/120\/2014\/06\/P1010043Rbis.jpg 425w, https:\/\/www.clg-berty-albrecht.ac-nice.fr\/wp-content\/uploads\/sites\/120\/2014\/06\/P1010043Rbis-300x224.jpg 300w\" sizes=\"auto, (max-width: 425px) 100vw, 425px\" \/><img loading=\"lazy\" decoding=\"async\" class=\" size-full wp-image-297\" src=\"http:\/\/wmu.ac-nice.fr\/clg-albrecht\/wp-content\/uploads\/sites\/120\/2014\/06\/P1010044R.jpg\" alt=\"\" width=\"425\" height=\"318\" srcset=\"https:\/\/www.clg-berty-albrecht.ac-nice.fr\/wp-content\/uploads\/sites\/120\/2014\/06\/P1010044R.jpg 425w, https:\/\/www.clg-berty-albrecht.ac-nice.fr\/wp-content\/uploads\/sites\/120\/2014\/06\/P1010044R-300x224.jpg 300w\" sizes=\"auto, (max-width: 425px) 100vw, 425px\" \/><\/span><\/p>\n","protected":false},"excerpt":{"rendered":"<p>&nbsp;&nbsp; &nbsp; &nbsp; &nbsp;Nous accueillons du 18 au 24 mai 19 \u00e9l\u00e8ves du Gymnasium Neuenb\u00fcrg.&nbsp; &nbsp; &nbsp;Ce matin, les \u00e9l\u00e8ves et leurs professeurs ont \u00e9t\u00e9 accueillis au Coll\u00e8ge par un petit d\u00e9jeuner avant de suivre quelques cours avec leurs correspondants de 5\u00e8me et de manger ensuite avec eux \u00e0 la cantine.&nbsp;&nbsp; &nbsp;Programme \u00e0 suivre : [&hellip;]<\/p>\n","protected":false},"author":448,"featured_media":295,"comment_status":"closed","ping_status":"closed","sticky":false,"template":"","format":"standard","meta":{"ngg_post_thumbnail":0,"footnotes":""},"categories":[74],"tags":[],"class_list":["post-298","post","type-post","status-publish","format-standard","has-post-thumbnail","hentry","category-allemand"],"_links":{"self":[{"href":"https:\/\/www.clg-berty-albrecht.ac-nice.fr\/index.php?rest_route=\/wp\/v2\/posts\/298","targetHints":{"allow":["GET"]}}],"collection":[{"href":"https:\/\/www.clg-berty-albrecht.ac-nice.fr\/index.php?rest_route=\/wp\/v2\/posts"}],"about":[{"href":"https:\/\/www.clg-berty-albrecht.ac-nice.fr\/index.php?rest_route=\/wp\/v2\/types\/post"}],"author":[{"embeddable":true,"href":"https:\/\/www.clg-berty-albrecht.ac-nice.fr\/index.php?rest_route=\/wp\/v2\/users\/448"}],"replies":[{"embeddable":true,"href":"https:\/\/www.clg-berty-albrecht.ac-nice.fr\/index.php?rest_route=%2Fwp%2Fv2%2Fcomments&post=298"}],"version-history":[{"count":0,"href":"https:\/\/www.clg-berty-albrecht.ac-nice.fr\/index.php?rest_route=\/wp\/v2\/posts\/298\/revisions"}],"wp:featuredmedia":[{"embeddable":true,"href":"https:\/\/www.clg-berty-albrecht.ac-nice.fr\/index.php?rest_route=\/wp\/v2\/media\/295"}],"wp:attachment":[{"href":"https:\/\/www.clg-berty-albrecht.ac-nice.fr\/index.php?rest_route=%2Fwp%2Fv2%2Fmedia&parent=298"}],"wp:term":[{"taxonomy":"category","embeddable":true,"href":"https:\/\/www.clg-berty-albrecht.ac-nice.fr\/index.php?rest_route=%2Fwp%2Fv2%2Fcategories&post=298"},{"taxonomy":"post_tag","embeddable":true,"href":"https:\/\/www.clg-berty-albrecht.ac-nice.fr\/index.php?rest_route=%2Fwp%2Fv2%2Ftags&post=298"}],"curies":[{"name":"wp","href":"https:\/\/api.w.org\/{rel}","templated":true}]}}