{"id":290,"date":"2014-04-26T08:13:10","date_gmt":"2014-04-26T06:13:10","guid":{"rendered":"https:\/\/wmu.ac-nice.fr\/clg-albrecht\/2014\/04\/26\/championnat-departemental-volley-ball\/"},"modified":"2014-04-26T08:13:10","modified_gmt":"2014-04-26T06:13:10","slug":"championnat-departemental-volley-ball","status":"publish","type":"post","link":"https:\/\/www.clg-berty-albrecht.ac-nice.fr\/?p=290","title":{"rendered":"Championnat d\u00e9partemental Volley Ball"},"content":{"rendered":"<p>Les benjamines ont remport\u00e9 le championnat UNSS d\u00e9partemantal en Volley ball.<\/p>\n<p>Elles ont gagn\u00e9 haut la main les quatre \u00e9quipes adverses.<\/p>\n<p>Nous pouvons les f\u00e9liciter de leur nouveau titre \u00a0\u00bb Championnes du VAR UNSS VB \u00ab\u00a0<\/p>\n<p>Bravo \u00e0 ANDREA, CARLA, DEMY, OLIVIA, SANDRA, LEA, MEGANE et \u00e0 leur jeune officiel NOEMIE !!!<\/p>\n<pre><img loading=\"lazy\" decoding=\"async\" class=\" size-full wp-image-289\" src=\"http:\/\/wmu.ac-nice.fr\/clg-albrecht\/wp-content\/uploads\/sites\/120\/2014\/04\/bf.jpg\" border=\"0\" width=\"461\" height=\"615\" srcset=\"https:\/\/www.clg-berty-albrecht.ac-nice.fr\/wp-content\/uploads\/sites\/120\/2014\/04\/bf.jpg 461w, https:\/\/www.clg-berty-albrecht.ac-nice.fr\/wp-content\/uploads\/sites\/120\/2014\/04\/bf-225x300.jpg 225w\" sizes=\"auto, (max-width: 461px) 100vw, 461px\" \/><br \/><\/pre>\n","protected":false},"excerpt":{"rendered":"<p>Les benjamines ont remport\u00e9 le championnat UNSS d\u00e9partemantal en Volley ball. Elles ont gagn\u00e9 haut la main les quatre \u00e9quipes adverses. Nous pouvons les f\u00e9liciter de leur nouveau titre \u00a0\u00bb Championnes du VAR UNSS VB \u00ab\u00a0 Bravo \u00e0 ANDREA, CARLA, DEMY, OLIVIA, SANDRA, LEA, MEGANE et \u00e0 leur jeune officiel NOEMIE !!!<\/p>\n","protected":false},"author":448,"featured_media":289,"comment_status":"closed","ping_status":"closed","sticky":false,"template":"","format":"standard","meta":{"ngg_post_thumbnail":0,"footnotes":""},"categories":[57],"tags":[],"class_list":["post-290","post","type-post","status-publish","format-standard","has-post-thumbnail","hentry","category-lactualite-de-lunss"],"_links":{"self":[{"href":"https:\/\/www.clg-berty-albrecht.ac-nice.fr\/index.php?rest_route=\/wp\/v2\/posts\/290","targetHints":{"allow":["GET"]}}],"collection":[{"href":"https:\/\/www.clg-berty-albrecht.ac-nice.fr\/index.php?rest_route=\/wp\/v2\/posts"}],"about":[{"href":"https:\/\/www.clg-berty-albrecht.ac-nice.fr\/index.php?rest_route=\/wp\/v2\/types\/post"}],"author":[{"embeddable":true,"href":"https:\/\/www.clg-berty-albrecht.ac-nice.fr\/index.php?rest_route=\/wp\/v2\/users\/448"}],"replies":[{"embeddable":true,"href":"https:\/\/www.clg-berty-albrecht.ac-nice.fr\/index.php?rest_route=%2Fwp%2Fv2%2Fcomments&post=290"}],"version-history":[{"count":0,"href":"https:\/\/www.clg-berty-albrecht.ac-nice.fr\/index.php?rest_route=\/wp\/v2\/posts\/290\/revisions"}],"wp:featuredmedia":[{"embeddable":true,"href":"https:\/\/www.clg-berty-albrecht.ac-nice.fr\/index.php?rest_route=\/wp\/v2\/media\/289"}],"wp:attachment":[{"href":"https:\/\/www.clg-berty-albrecht.ac-nice.fr\/index.php?rest_route=%2Fwp%2Fv2%2Fmedia&parent=290"}],"wp:term":[{"taxonomy":"category","embeddable":true,"href":"https:\/\/www.clg-berty-albrecht.ac-nice.fr\/index.php?rest_route=%2Fwp%2Fv2%2Fcategories&post=290"},{"taxonomy":"post_tag","embeddable":true,"href":"https:\/\/www.clg-berty-albrecht.ac-nice.fr\/index.php?rest_route=%2Fwp%2Fv2%2Ftags&post=290"}],"curies":[{"name":"wp","href":"https:\/\/api.w.org\/{rel}","templated":true}]}}