{"id":29,"date":"2010-10-03T11:16:49","date_gmt":"2010-10-03T09:16:49","guid":{"rendered":"https:\/\/wmu.ac-nice.fr\/clg-albrecht\/2010\/10\/03\/projet-mathematiques\/"},"modified":"2010-10-03T11:16:49","modified_gmt":"2010-10-03T09:16:49","slug":"projet-mathematiques","status":"publish","type":"post","link":"https:\/\/www.clg-berty-albrecht.ac-nice.fr\/?p=29","title":{"rendered":"Les Projets en math\u00e9matiques"},"content":{"rendered":"<p>&#8211; <strong>Concours kangourou<\/strong> (Mme Fito).<\/p>\n<p>&#8211; <strong>Rallye des maths<\/strong> (M.Coutarel).<\/p>\n<p>&#8211; <strong>Travail sur la cryptographie en 3\u00e8meTICE<\/strong>, intervention d&rsquo;un cryptographe (Mlle Arnaud et M.Coutarel).<\/p>\n<p>&#8211; <strong>Concours de dessins g\u00e9om\u00e9triques <\/strong>pour tous les niveaux (Mlle Arnaud).<\/p>\n<p>&#8211; <strong>Expos\u00e9s math\u00e9maticiens<\/strong> (Mlle Arnaud, Mlle Levrel CDI).<\/p>\n<p>&#8211; <strong>Projet interdisciplinaire\u00a0en 6<sup>\u00e8me<\/sup> E<\/strong> ; Il s&rsquo;agit de<strong> l\u2019association Chachapoya, le peuple des nuages.<\/strong><br \/>L&rsquo;id\u00e9e du projet est d&rsquo;une part de sensibiliser les \u00e9l\u00e8ves au recyclage, \u00e0 l&rsquo;environnement en r\u00e9alisant des <strong>cerfs-volants<\/strong> \u00e0 partir de mat\u00e9riaux r\u00e9cup\u00e9r\u00e9s\u00a0: sacs plastiques.. (<strong>SVT, Mme Kerhoas)<\/strong> et d&rsquo;autre part\u00a0 d&rsquo;appliquer leur connaissance sur la sym\u00e9trie axiale travaill\u00e9e en <strong>Math\u00e9matiques, Mlle Arnaud<\/strong>. Ce projet concerne plus les 6<sup>\u00e8me<\/sup>E et peut-\u00eatre les 6<sup>\u00e8me<\/sup>B<strong>.<\/strong><\/p>\n","protected":false},"excerpt":{"rendered":"<p>&#8211; Concours kangourou (Mme Fito). &#8211; Rallye des maths (M.Coutarel). &#8211; Travail sur la cryptographie en 3\u00e8meTICE, intervention d&rsquo;un cryptographe (Mlle Arnaud et M.Coutarel). &#8211; Concours de dessins g\u00e9om\u00e9triques pour tous les niveaux (Mlle Arnaud). &#8211; Expos\u00e9s math\u00e9maticiens (Mlle Arnaud, Mlle Levrel CDI). &#8211; Projet interdisciplinaire\u00a0en 6\u00e8me E ; Il s&rsquo;agit de l\u2019association Chachapoya, le [&hellip;]<\/p>\n","protected":false},"author":448,"featured_media":0,"comment_status":"closed","ping_status":"closed","sticky":false,"template":"","format":"standard","meta":{"ngg_post_thumbnail":0,"footnotes":""},"categories":[82],"tags":[],"class_list":["post-29","post","type-post","status-publish","format-standard","hentry","category-mathematiques"],"_links":{"self":[{"href":"https:\/\/www.clg-berty-albrecht.ac-nice.fr\/index.php?rest_route=\/wp\/v2\/posts\/29","targetHints":{"allow":["GET"]}}],"collection":[{"href":"https:\/\/www.clg-berty-albrecht.ac-nice.fr\/index.php?rest_route=\/wp\/v2\/posts"}],"about":[{"href":"https:\/\/www.clg-berty-albrecht.ac-nice.fr\/index.php?rest_route=\/wp\/v2\/types\/post"}],"author":[{"embeddable":true,"href":"https:\/\/www.clg-berty-albrecht.ac-nice.fr\/index.php?rest_route=\/wp\/v2\/users\/448"}],"replies":[{"embeddable":true,"href":"https:\/\/www.clg-berty-albrecht.ac-nice.fr\/index.php?rest_route=%2Fwp%2Fv2%2Fcomments&post=29"}],"version-history":[{"count":0,"href":"https:\/\/www.clg-berty-albrecht.ac-nice.fr\/index.php?rest_route=\/wp\/v2\/posts\/29\/revisions"}],"wp:attachment":[{"href":"https:\/\/www.clg-berty-albrecht.ac-nice.fr\/index.php?rest_route=%2Fwp%2Fv2%2Fmedia&parent=29"}],"wp:term":[{"taxonomy":"category","embeddable":true,"href":"https:\/\/www.clg-berty-albrecht.ac-nice.fr\/index.php?rest_route=%2Fwp%2Fv2%2Fcategories&post=29"},{"taxonomy":"post_tag","embeddable":true,"href":"https:\/\/www.clg-berty-albrecht.ac-nice.fr\/index.php?rest_route=%2Fwp%2Fv2%2Ftags&post=29"}],"curies":[{"name":"wp","href":"https:\/\/api.w.org\/{rel}","templated":true}]}}