{"id":288,"date":"2014-03-31T09:32:29","date_gmt":"2014-03-31T07:32:29","guid":{"rendered":"https:\/\/wmu.ac-nice.fr\/clg-albrecht\/2014\/03\/31\/exposition-sur-la-deportation-au-cdi\/"},"modified":"2014-03-31T09:32:29","modified_gmt":"2014-03-31T07:32:29","slug":"exposition-sur-la-deportation-au-cdi","status":"publish","type":"post","link":"https:\/\/www.clg-berty-albrecht.ac-nice.fr\/?p=288","title":{"rendered":"Exposition  sur la D\u00e9portation au CDI"},"content":{"rendered":"<p style=\"text-align: center;\"><span style=\"font-size: large;\">Le CDI accueille jusqu&rsquo;\u00e0 mercredi 2 avril une expostion sur la D\u00e9portation r\u00e9alis\u00e9e par la <a href=\"http:\/\/www.fmd.asso.fr\" target=\"_blank\" title=\"Site de la Fondation pour la M\u00e9moire de la D\u00e9portation\" rel=\"noopener noreferrer\">Fondation pour la M\u00e9moire de la D\u00e9portation (FMD)<\/a>.<\/span><\/p>\n<p><span style=\"font-size: large;\"> <\/span><\/p>\n<p style=\"text-align: center;\"><span style=\"font-size: large;\">Pour accompagner l&rsquo;exposition, nous vous proposons \u00e9galement de d\u00e9couvrir une s\u00e9lection de livres \u00a0documentaires\u00a0et de fictions sur le sujet.<\/span><\/p>\n","protected":false},"excerpt":{"rendered":"<p>Le CDI accueille jusqu&rsquo;\u00e0 mercredi 2 avril une expostion sur la D\u00e9portation r\u00e9alis\u00e9e par la Fondation pour la M\u00e9moire de la D\u00e9portation (FMD). Pour accompagner l&rsquo;exposition, nous vous proposons \u00e9galement de d\u00e9couvrir une s\u00e9lection de livres \u00a0documentaires\u00a0et de fictions sur le sujet.<\/p>\n","protected":false},"author":448,"featured_media":0,"comment_status":"closed","ping_status":"closed","sticky":false,"template":"","format":"standard","meta":{"ngg_post_thumbnail":0,"footnotes":""},"categories":[14],"tags":[],"class_list":["post-288","post","type-post","status-publish","format-standard","hentry","category-projets-documentaires"],"_links":{"self":[{"href":"https:\/\/www.clg-berty-albrecht.ac-nice.fr\/index.php?rest_route=\/wp\/v2\/posts\/288","targetHints":{"allow":["GET"]}}],"collection":[{"href":"https:\/\/www.clg-berty-albrecht.ac-nice.fr\/index.php?rest_route=\/wp\/v2\/posts"}],"about":[{"href":"https:\/\/www.clg-berty-albrecht.ac-nice.fr\/index.php?rest_route=\/wp\/v2\/types\/post"}],"author":[{"embeddable":true,"href":"https:\/\/www.clg-berty-albrecht.ac-nice.fr\/index.php?rest_route=\/wp\/v2\/users\/448"}],"replies":[{"embeddable":true,"href":"https:\/\/www.clg-berty-albrecht.ac-nice.fr\/index.php?rest_route=%2Fwp%2Fv2%2Fcomments&post=288"}],"version-history":[{"count":0,"href":"https:\/\/www.clg-berty-albrecht.ac-nice.fr\/index.php?rest_route=\/wp\/v2\/posts\/288\/revisions"}],"wp:attachment":[{"href":"https:\/\/www.clg-berty-albrecht.ac-nice.fr\/index.php?rest_route=%2Fwp%2Fv2%2Fmedia&parent=288"}],"wp:term":[{"taxonomy":"category","embeddable":true,"href":"https:\/\/www.clg-berty-albrecht.ac-nice.fr\/index.php?rest_route=%2Fwp%2Fv2%2Fcategories&post=288"},{"taxonomy":"post_tag","embeddable":true,"href":"https:\/\/www.clg-berty-albrecht.ac-nice.fr\/index.php?rest_route=%2Fwp%2Fv2%2Ftags&post=288"}],"curies":[{"name":"wp","href":"https:\/\/api.w.org\/{rel}","templated":true}]}}