{"id":278,"date":"2014-03-18T09:58:25","date_gmt":"2014-03-18T08:58:25","guid":{"rendered":"https:\/\/wmu.ac-nice.fr\/clg-albrecht\/2014\/03\/18\/du-17-au-22-mars-cest-la-semaine-des-maths-au-college\/"},"modified":"2014-03-18T09:58:25","modified_gmt":"2014-03-18T08:58:25","slug":"du-17-au-22-mars-cest-la-semaine-des-maths-au-college","status":"publish","type":"post","link":"https:\/\/www.clg-berty-albrecht.ac-nice.fr\/?p=278","title":{"rendered":"Du 17 au 22 mars, c&rsquo;est la semaine des Maths au coll\u00e8ge !"},"content":{"rendered":"<p style=\"text-align: center;\"><span style=\"font-size: large;\">A cette occasion, les \u00e9l\u00e8ves de 6eE ont r\u00e9alis\u00e9 une exposition sur l&rsquo;histoire des nombres, \u00e0 decouvrir au CDI toute la semaine.<\/span><\/p>\n<p style=\"text-align: center;\"><span style=\"font-size: large;\"><img loading=\"lazy\" decoding=\"async\" class=\"caption size-full wp-image-277\" src=\"http:\/\/wmu.ac-nice.fr\/clg-albrecht\/wp-content\/uploads\/sites\/120\/2014\/03\/2014_semaine_maths_ban300x250_304058.jpg\" border=\"0\" alt=\"Semaine des Maths du 17 au 22 mars\" title=\"Semaine des Maths du 17 au 22 mars\" width=\"300\" height=\"250\" \/><\/span><\/p>\n<p style=\"text-align: center;\"><span style=\"font-size: large;\">Un petit concours est organis\u00e9 : venez y participer\u00a0en trouvant les bonnes r\u00e9ponses au quizz !<\/span><\/p>\n","protected":false},"excerpt":{"rendered":"<p>A cette occasion, les \u00e9l\u00e8ves de 6eE ont r\u00e9alis\u00e9 une exposition sur l&rsquo;histoire des nombres, \u00e0 decouvrir au CDI toute la semaine. Un petit concours est organis\u00e9 : venez y participer\u00a0en trouvant les bonnes r\u00e9ponses au quizz !<\/p>\n","protected":false},"author":448,"featured_media":277,"comment_status":"closed","ping_status":"closed","sticky":false,"template":"","format":"standard","meta":{"ngg_post_thumbnail":0,"footnotes":""},"categories":[14],"tags":[],"class_list":["post-278","post","type-post","status-publish","format-standard","has-post-thumbnail","hentry","category-projets-documentaires"],"_links":{"self":[{"href":"https:\/\/www.clg-berty-albrecht.ac-nice.fr\/index.php?rest_route=\/wp\/v2\/posts\/278","targetHints":{"allow":["GET"]}}],"collection":[{"href":"https:\/\/www.clg-berty-albrecht.ac-nice.fr\/index.php?rest_route=\/wp\/v2\/posts"}],"about":[{"href":"https:\/\/www.clg-berty-albrecht.ac-nice.fr\/index.php?rest_route=\/wp\/v2\/types\/post"}],"author":[{"embeddable":true,"href":"https:\/\/www.clg-berty-albrecht.ac-nice.fr\/index.php?rest_route=\/wp\/v2\/users\/448"}],"replies":[{"embeddable":true,"href":"https:\/\/www.clg-berty-albrecht.ac-nice.fr\/index.php?rest_route=%2Fwp%2Fv2%2Fcomments&post=278"}],"version-history":[{"count":0,"href":"https:\/\/www.clg-berty-albrecht.ac-nice.fr\/index.php?rest_route=\/wp\/v2\/posts\/278\/revisions"}],"wp:featuredmedia":[{"embeddable":true,"href":"https:\/\/www.clg-berty-albrecht.ac-nice.fr\/index.php?rest_route=\/wp\/v2\/media\/277"}],"wp:attachment":[{"href":"https:\/\/www.clg-berty-albrecht.ac-nice.fr\/index.php?rest_route=%2Fwp%2Fv2%2Fmedia&parent=278"}],"wp:term":[{"taxonomy":"category","embeddable":true,"href":"https:\/\/www.clg-berty-albrecht.ac-nice.fr\/index.php?rest_route=%2Fwp%2Fv2%2Fcategories&post=278"},{"taxonomy":"post_tag","embeddable":true,"href":"https:\/\/www.clg-berty-albrecht.ac-nice.fr\/index.php?rest_route=%2Fwp%2Fv2%2Ftags&post=278"}],"curies":[{"name":"wp","href":"https:\/\/api.w.org\/{rel}","templated":true}]}}