{"id":272,"date":"2014-03-13T19:04:33","date_gmt":"2014-03-13T18:04:33","guid":{"rendered":"https:\/\/wmu.ac-nice.fr\/clg-albrecht\/2014\/03\/13\/finale-departementale-minimes-filles-volley-ball\/"},"modified":"2014-03-13T19:04:33","modified_gmt":"2014-03-13T18:04:33","slug":"finale-departementale-minimes-filles-volley-ball","status":"publish","type":"post","link":"https:\/\/www.clg-berty-albrecht.ac-nice.fr\/?p=272","title":{"rendered":"FINALE DEPARTEMENTALE MINIMES FILLES VOLLEY BALL"},"content":{"rendered":"<p>Apr\u00e8s deux victoires contre les \u00e9quipes de Brignoles et La Garde, les minimes filles du coll\u00e8ge Berty Albrecht se sont qualifi\u00e9es pour les phases acad\u00e9miques du championnat UNSS Volley Ball.<\/p>\n<p>Elles sont \u00e0 ce jour \u00ab\u00a0championnes d\u00e9partementales UNSS Volley Ball\u00a0\u00bb, nous pouvons les f\u00e9liciter !!!!<\/p>\n<p>Bravo \u00e0 toutes : )<\/p>\n<p>SANCHEZ LOUANE, BARRA NOEMIE, GUESNIER CORALIE, LAFENETRE MELANIE, PAIN AMELIA et PIZZA MARINE.<\/p>\n<p><img loading=\"lazy\" decoding=\"async\" class=\" size-full wp-image-270\" src=\"http:\/\/wmu.ac-nice.fr\/clg-albrecht\/wp-content\/uploads\/sites\/120\/2014\/03\/20140312_161010.jpg\" border=\"0\" width=\"474\" height=\"630\" \/><\/p>\n<p><img loading=\"lazy\" decoding=\"async\" class=\" size-full wp-image-271\" src=\"http:\/\/wmu.ac-nice.fr\/clg-albrecht\/wp-content\/uploads\/sites\/120\/2014\/03\/20140312_160729.jpg\" border=\"0\" width=\"473\" height=\"354\" srcset=\"https:\/\/www.clg-berty-albrecht.ac-nice.fr\/wp-content\/uploads\/sites\/120\/2014\/03\/20140312_160729.jpg 3264w, https:\/\/www.clg-berty-albrecht.ac-nice.fr\/wp-content\/uploads\/sites\/120\/2014\/03\/20140312_160729-300x225.jpg 300w, https:\/\/www.clg-berty-albrecht.ac-nice.fr\/wp-content\/uploads\/sites\/120\/2014\/03\/20140312_160729-1024x768.jpg 1024w, https:\/\/www.clg-berty-albrecht.ac-nice.fr\/wp-content\/uploads\/sites\/120\/2014\/03\/20140312_160729-768x576.jpg 768w, https:\/\/www.clg-berty-albrecht.ac-nice.fr\/wp-content\/uploads\/sites\/120\/2014\/03\/20140312_160729-1536x1152.jpg 1536w, https:\/\/www.clg-berty-albrecht.ac-nice.fr\/wp-content\/uploads\/sites\/120\/2014\/03\/20140312_160729-2048x1536.jpg 2048w, https:\/\/www.clg-berty-albrecht.ac-nice.fr\/wp-content\/uploads\/sites\/120\/2014\/03\/20140312_160729-1200x900.jpg 1200w, https:\/\/www.clg-berty-albrecht.ac-nice.fr\/wp-content\/uploads\/sites\/120\/2014\/03\/20140312_160729-1980x1485.jpg 1980w\" sizes=\"auto, (max-width: 473px) 100vw, 473px\" \/><\/p>\n","protected":false},"excerpt":{"rendered":"<p>Apr\u00e8s deux victoires contre les \u00e9quipes de Brignoles et La Garde, les minimes filles du coll\u00e8ge Berty Albrecht se sont qualifi\u00e9es pour les phases acad\u00e9miques du championnat UNSS Volley Ball. Elles sont \u00e0 ce jour \u00ab\u00a0championnes d\u00e9partementales UNSS Volley Ball\u00a0\u00bb, nous pouvons les f\u00e9liciter !!!! Bravo \u00e0 toutes : ) SANCHEZ LOUANE, BARRA NOEMIE, GUESNIER [&hellip;]<\/p>\n","protected":false},"author":448,"featured_media":270,"comment_status":"closed","ping_status":"closed","sticky":false,"template":"","format":"standard","meta":{"ngg_post_thumbnail":0,"footnotes":""},"categories":[1],"tags":[],"class_list":["post-272","post","type-post","status-publish","format-standard","has-post-thumbnail","hentry","category-non-classe"],"_links":{"self":[{"href":"https:\/\/www.clg-berty-albrecht.ac-nice.fr\/index.php?rest_route=\/wp\/v2\/posts\/272","targetHints":{"allow":["GET"]}}],"collection":[{"href":"https:\/\/www.clg-berty-albrecht.ac-nice.fr\/index.php?rest_route=\/wp\/v2\/posts"}],"about":[{"href":"https:\/\/www.clg-berty-albrecht.ac-nice.fr\/index.php?rest_route=\/wp\/v2\/types\/post"}],"author":[{"embeddable":true,"href":"https:\/\/www.clg-berty-albrecht.ac-nice.fr\/index.php?rest_route=\/wp\/v2\/users\/448"}],"replies":[{"embeddable":true,"href":"https:\/\/www.clg-berty-albrecht.ac-nice.fr\/index.php?rest_route=%2Fwp%2Fv2%2Fcomments&post=272"}],"version-history":[{"count":0,"href":"https:\/\/www.clg-berty-albrecht.ac-nice.fr\/index.php?rest_route=\/wp\/v2\/posts\/272\/revisions"}],"wp:featuredmedia":[{"embeddable":true,"href":"https:\/\/www.clg-berty-albrecht.ac-nice.fr\/index.php?rest_route=\/wp\/v2\/media\/270"}],"wp:attachment":[{"href":"https:\/\/www.clg-berty-albrecht.ac-nice.fr\/index.php?rest_route=%2Fwp%2Fv2%2Fmedia&parent=272"}],"wp:term":[{"taxonomy":"category","embeddable":true,"href":"https:\/\/www.clg-berty-albrecht.ac-nice.fr\/index.php?rest_route=%2Fwp%2Fv2%2Fcategories&post=272"},{"taxonomy":"post_tag","embeddable":true,"href":"https:\/\/www.clg-berty-albrecht.ac-nice.fr\/index.php?rest_route=%2Fwp%2Fv2%2Ftags&post=272"}],"curies":[{"name":"wp","href":"https:\/\/api.w.org\/{rel}","templated":true}]}}