{"id":258,"date":"2014-01-17T09:32:41","date_gmt":"2014-01-17T08:32:41","guid":{"rendered":"https:\/\/wmu.ac-nice.fr\/clg-albrecht\/2014\/01\/17\/mentions-legales\/"},"modified":"2020-02-21T23:13:50","modified_gmt":"2020-02-21T22:13:50","slug":"mentions-legales","status":"publish","type":"post","link":"https:\/\/www.clg-berty-albrecht.ac-nice.fr\/?p=258","title":{"rendered":"Mentions L\u00e9gales"},"content":{"rendered":"<h3><span style=\"font-size: 18pt\"><strong><span style=\"color: #800080\">Mentions l\u00e9gales<\/span><\/strong><\/span><\/h3>\n<ul>\n<li><span style=\"color: #800080\"><strong>Directeur de la publication :<\/strong> Mme MARIN Nathalie (Principale du Coll\u00e8ge)<\/span><\/li>\n<li><span style=\"color: #800080\"><strong>H\u00e9bergeur :<\/strong>&nbsp;Rectorat de l&rsquo;Acad\u00e9mie de Nice<\/span><\/li>\n<li><span style=\"color: #800080\"><strong>Raison sociale :<\/strong> Coll\u00e8ge Berty ALBRECHT 83120 SAINTE MAXIME<\/span><\/li>\n<li><span style=\"color: #800080\">Le site du Coll\u00e8ge est d\u00e9clar\u00e9 aupr\u00e8s de la <a style=\"color: #800080\" href=\"http:\/\/www.cnil.fr\/\" target=\"_blank\" rel=\"noopener noreferrer\">CNIL<\/a><\/span><\/li>\n<\/ul>\n<p style=\"text-align: center\"><span style=\"color: #800080\">L&rsquo;utilisation des logos institutionnels est interdite<\/span><br \/>\n<span style=\"color: #800080\">sans autorisation.<\/span><\/p>\n<p>Contacter l&rsquo;administrateur du site: <a href=\"mailto:ce.0830039s@ac-nice.fr\">contact<\/a><\/p>\n<p>&nbsp;<\/p>\n","protected":false},"excerpt":{"rendered":"<p>Mentions l\u00e9gales Directeur de la publication : Mme MARIN Nathalie (Principale du Coll\u00e8ge) H\u00e9bergeur :&nbsp;Rectorat de l&rsquo;Acad\u00e9mie de Nice Raison sociale : Coll\u00e8ge Berty ALBRECHT 83120 SAINTE MAXIME Le site du Coll\u00e8ge est d\u00e9clar\u00e9 aupr\u00e8s de la CNIL L&rsquo;utilisation des logos institutionnels est interdite sans autorisation. Contacter l&rsquo;administrateur du site: contact &nbsp;<\/p>\n","protected":false},"author":448,"featured_media":0,"comment_status":"closed","ping_status":"closed","sticky":false,"template":"","format":"standard","meta":{"ngg_post_thumbnail":0,"footnotes":""},"categories":[78],"tags":[],"class_list":["post-258","post","type-post","status-publish","format-standard","hentry","category-mentions-legales"],"_links":{"self":[{"href":"https:\/\/www.clg-berty-albrecht.ac-nice.fr\/index.php?rest_route=\/wp\/v2\/posts\/258","targetHints":{"allow":["GET"]}}],"collection":[{"href":"https:\/\/www.clg-berty-albrecht.ac-nice.fr\/index.php?rest_route=\/wp\/v2\/posts"}],"about":[{"href":"https:\/\/www.clg-berty-albrecht.ac-nice.fr\/index.php?rest_route=\/wp\/v2\/types\/post"}],"author":[{"embeddable":true,"href":"https:\/\/www.clg-berty-albrecht.ac-nice.fr\/index.php?rest_route=\/wp\/v2\/users\/448"}],"replies":[{"embeddable":true,"href":"https:\/\/www.clg-berty-albrecht.ac-nice.fr\/index.php?rest_route=%2Fwp%2Fv2%2Fcomments&post=258"}],"version-history":[{"count":0,"href":"https:\/\/www.clg-berty-albrecht.ac-nice.fr\/index.php?rest_route=\/wp\/v2\/posts\/258\/revisions"}],"wp:attachment":[{"href":"https:\/\/www.clg-berty-albrecht.ac-nice.fr\/index.php?rest_route=%2Fwp%2Fv2%2Fmedia&parent=258"}],"wp:term":[{"taxonomy":"category","embeddable":true,"href":"https:\/\/www.clg-berty-albrecht.ac-nice.fr\/index.php?rest_route=%2Fwp%2Fv2%2Fcategories&post=258"},{"taxonomy":"post_tag","embeddable":true,"href":"https:\/\/www.clg-berty-albrecht.ac-nice.fr\/index.php?rest_route=%2Fwp%2Fv2%2Ftags&post=258"}],"curies":[{"name":"wp","href":"https:\/\/api.w.org\/{rel}","templated":true}]}}