{"id":245,"date":"2013-10-13T12:38:47","date_gmt":"2013-10-13T10:38:47","guid":{"rendered":"https:\/\/wmu.ac-nice.fr\/clg-albrecht\/2013\/10\/13\/generation-rock-2013\/"},"modified":"2013-10-13T12:38:47","modified_gmt":"2013-10-13T10:38:47","slug":"generation-rock-2013","status":"publish","type":"post","link":"https:\/\/www.clg-berty-albrecht.ac-nice.fr\/?p=245","title":{"rendered":"GENERATION ROCK 2013"},"content":{"rendered":"<div><span style=\"font-size: 12pt; color: #ff00ff;\">Le Roc d\u2019Azur est un cocktail d\u00e9tonnant d\u2019\u00e9motions. En t\u00eate de course bien s\u00fbr mais pas seulement. Depuis 1984,<\/span><\/div>\n<div><span style=\"font-size: 12pt; color: #ff00ff;\">Fr\u00e9jus accueille au mois d\u2019octobre le Roc d&rsquo;Azur,<\/span><span style=\"font-size: 12pt; color: #ff00ff;\">la plus grande manifestation mondiale de V.T.T.<\/span><\/div>\n<div><span style=\"font-size: 12pt; color: #ff00ff;\">Des milliers de passionn\u00e9s se donnent ainsi rendez-vous chaque ann\u00e9e pour ce grand rassemblement sportif.<\/span><\/div>\n<div><span style=\"font-size: 12pt; color: #ff00ff;\">30 ans plus tard, ils sont plus de 19000 participants, amateurs et professionnels de tous \u00e2ges, \u00e0 s\u2019aligner aux<\/span><\/div>\n<div><span style=\"font-size: 12pt; color: #ff00ff;\">d\u00e9parts des diff\u00e9rentes courses propos\u00e9es .<\/span><\/div>\n<div><span style=\"font-size: 10pt;\"><img loading=\"lazy\" decoding=\"async\" class=\" size-full wp-image-239\" src=\"http:\/\/wmu.ac-nice.fr\/clg-albrecht\/wp-content\/uploads\/sites\/120\/2013\/10\/imgp3826.jpg\" alt=\"imgp3826\" width=\"428\" height=\"437\" \/>&nbsp;&nbsp;&nbsp;&nbsp;&nbsp; <img loading=\"lazy\" decoding=\"async\" class=\" size-full wp-image-240\" src=\"http:\/\/wmu.ac-nice.fr\/clg-albrecht\/wp-content\/uploads\/sites\/120\/2013\/10\/imgp3829.jpg\" alt=\"imgp3829\" width=\"433\" height=\"434\" srcset=\"https:\/\/www.clg-berty-albrecht.ac-nice.fr\/wp-content\/uploads\/sites\/120\/2013\/10\/imgp3829.jpg 3216w, https:\/\/www.clg-berty-albrecht.ac-nice.fr\/wp-content\/uploads\/sites\/120\/2013\/10\/imgp3829-300x300.jpg 300w, https:\/\/www.clg-berty-albrecht.ac-nice.fr\/wp-content\/uploads\/sites\/120\/2013\/10\/imgp3829-1024x1024.jpg 1024w, https:\/\/www.clg-berty-albrecht.ac-nice.fr\/wp-content\/uploads\/sites\/120\/2013\/10\/imgp3829-150x150.jpg 150w, https:\/\/www.clg-berty-albrecht.ac-nice.fr\/wp-content\/uploads\/sites\/120\/2013\/10\/imgp3829-768x768.jpg 768w, https:\/\/www.clg-berty-albrecht.ac-nice.fr\/wp-content\/uploads\/sites\/120\/2013\/10\/imgp3829-1536x1536.jpg 1536w, https:\/\/www.clg-berty-albrecht.ac-nice.fr\/wp-content\/uploads\/sites\/120\/2013\/10\/imgp3829-2048x2048.jpg 2048w, https:\/\/www.clg-berty-albrecht.ac-nice.fr\/wp-content\/uploads\/sites\/120\/2013\/10\/imgp3829-1200x1200.jpg 1200w, https:\/\/www.clg-berty-albrecht.ac-nice.fr\/wp-content\/uploads\/sites\/120\/2013\/10\/imgp3829-1980x1980.jpg 1980w\" sizes=\"auto, (max-width: 433px) 100vw, 433px\" \/><\/span><\/div>\n<p><span style=\"font-size: 10pt;\">Ce mercredi 9 octobre, nos coll\u00e9giens ont particip\u00e9 \u00e0 l&rsquo;\u00e9preuve r\u00e9serv\u00e9 au sport scolaire. 592 coll\u00e9giens, 39 \u00e9quipes ont pris le d\u00e9part du g\u00e9nartion&nbsp;rock<\/span><\/p>\n<p><span style=\"font-size: 12pt; color: #339966;\"><em><strong>G\u00e9n\u00e9ration Roc<\/strong> : \u00e9preuves gratuites organis\u00e9es en collaboration avec l\u2019UNSS, r\u00e9serv\u00e9es aux coll\u00e9giens et lyc\u00e9ens <\/em><\/span><\/p>\n<p><span style=\"font-size: 12pt; color: #339966;\"><em>de l\u2019Acad\u00e9mie de Nice, ainsi qu\u2019aux quartiers de Fr\u00e9jus et de Roquebrune-sur-Argens.<\/em><\/span><\/p>\n<p><span style=\"font-size: 12pt; color: #339966;\"><em>Bravo \u00e0 nos coll\u00e9giens<\/em><\/span><\/p>\n<p><span style=\"color: #00ff00;\"><em><img loading=\"lazy\" decoding=\"async\" class=\" size-full wp-image-241\" src=\"http:\/\/wmu.ac-nice.fr\/clg-albrecht\/wp-content\/uploads\/sites\/120\/2013\/10\/imgp3839.jpg\" alt=\"imgp3839\" width=\"200\" height=\"200\" srcset=\"https:\/\/www.clg-berty-albrecht.ac-nice.fr\/wp-content\/uploads\/sites\/120\/2013\/10\/imgp3839.jpg 3216w, https:\/\/www.clg-berty-albrecht.ac-nice.fr\/wp-content\/uploads\/sites\/120\/2013\/10\/imgp3839-300x300.jpg 300w, https:\/\/www.clg-berty-albrecht.ac-nice.fr\/wp-content\/uploads\/sites\/120\/2013\/10\/imgp3839-1024x1024.jpg 1024w, https:\/\/www.clg-berty-albrecht.ac-nice.fr\/wp-content\/uploads\/sites\/120\/2013\/10\/imgp3839-150x150.jpg 150w, https:\/\/www.clg-berty-albrecht.ac-nice.fr\/wp-content\/uploads\/sites\/120\/2013\/10\/imgp3839-768x768.jpg 768w, https:\/\/www.clg-berty-albrecht.ac-nice.fr\/wp-content\/uploads\/sites\/120\/2013\/10\/imgp3839-1536x1536.jpg 1536w, https:\/\/www.clg-berty-albrecht.ac-nice.fr\/wp-content\/uploads\/sites\/120\/2013\/10\/imgp3839-2048x2048.jpg 2048w, https:\/\/www.clg-berty-albrecht.ac-nice.fr\/wp-content\/uploads\/sites\/120\/2013\/10\/imgp3839-1200x1200.jpg 1200w, https:\/\/www.clg-berty-albrecht.ac-nice.fr\/wp-content\/uploads\/sites\/120\/2013\/10\/imgp3839-1980x1980.jpg 1980w\" sizes=\"auto, (max-width: 200px) 100vw, 200px\" \/>&nbsp;<img loading=\"lazy\" decoding=\"async\" class=\" size-full wp-image-242\" src=\"http:\/\/wmu.ac-nice.fr\/clg-albrecht\/wp-content\/uploads\/sites\/120\/2013\/10\/imgp3840.jpg\" alt=\"imgp3840\" width=\"200\" height=\"200\" srcset=\"https:\/\/www.clg-berty-albrecht.ac-nice.fr\/wp-content\/uploads\/sites\/120\/2013\/10\/imgp3840.jpg 3216w, https:\/\/www.clg-berty-albrecht.ac-nice.fr\/wp-content\/uploads\/sites\/120\/2013\/10\/imgp3840-300x300.jpg 300w, https:\/\/www.clg-berty-albrecht.ac-nice.fr\/wp-content\/uploads\/sites\/120\/2013\/10\/imgp3840-1024x1024.jpg 1024w, https:\/\/www.clg-berty-albrecht.ac-nice.fr\/wp-content\/uploads\/sites\/120\/2013\/10\/imgp3840-150x150.jpg 150w, https:\/\/www.clg-berty-albrecht.ac-nice.fr\/wp-content\/uploads\/sites\/120\/2013\/10\/imgp3840-768x768.jpg 768w, https:\/\/www.clg-berty-albrecht.ac-nice.fr\/wp-content\/uploads\/sites\/120\/2013\/10\/imgp3840-1536x1536.jpg 1536w, https:\/\/www.clg-berty-albrecht.ac-nice.fr\/wp-content\/uploads\/sites\/120\/2013\/10\/imgp3840-2048x2048.jpg 2048w, https:\/\/www.clg-berty-albrecht.ac-nice.fr\/wp-content\/uploads\/sites\/120\/2013\/10\/imgp3840-1200x1200.jpg 1200w, https:\/\/www.clg-berty-albrecht.ac-nice.fr\/wp-content\/uploads\/sites\/120\/2013\/10\/imgp3840-1980x1980.jpg 1980w\" sizes=\"auto, (max-width: 200px) 100vw, 200px\" \/>&nbsp;<img loading=\"lazy\" decoding=\"async\" class=\" size-full wp-image-243\" src=\"http:\/\/wmu.ac-nice.fr\/clg-albrecht\/wp-content\/uploads\/sites\/120\/2013\/10\/imgp3841.jpg\" alt=\"imgp3841\" width=\"200\" height=\"200\" srcset=\"https:\/\/www.clg-berty-albrecht.ac-nice.fr\/wp-content\/uploads\/sites\/120\/2013\/10\/imgp3841.jpg 3216w, https:\/\/www.clg-berty-albrecht.ac-nice.fr\/wp-content\/uploads\/sites\/120\/2013\/10\/imgp3841-300x300.jpg 300w, https:\/\/www.clg-berty-albrecht.ac-nice.fr\/wp-content\/uploads\/sites\/120\/2013\/10\/imgp3841-1024x1024.jpg 1024w, https:\/\/www.clg-berty-albrecht.ac-nice.fr\/wp-content\/uploads\/sites\/120\/2013\/10\/imgp3841-150x150.jpg 150w, https:\/\/www.clg-berty-albrecht.ac-nice.fr\/wp-content\/uploads\/sites\/120\/2013\/10\/imgp3841-768x768.jpg 768w, https:\/\/www.clg-berty-albrecht.ac-nice.fr\/wp-content\/uploads\/sites\/120\/2013\/10\/imgp3841-1536x1536.jpg 1536w, https:\/\/www.clg-berty-albrecht.ac-nice.fr\/wp-content\/uploads\/sites\/120\/2013\/10\/imgp3841-2048x2048.jpg 2048w, https:\/\/www.clg-berty-albrecht.ac-nice.fr\/wp-content\/uploads\/sites\/120\/2013\/10\/imgp3841-1200x1200.jpg 1200w, https:\/\/www.clg-berty-albrecht.ac-nice.fr\/wp-content\/uploads\/sites\/120\/2013\/10\/imgp3841-1980x1980.jpg 1980w\" sizes=\"auto, (max-width: 200px) 100vw, 200px\" \/>&nbsp;<img loading=\"lazy\" decoding=\"async\" class=\" size-full wp-image-244\" src=\"http:\/\/wmu.ac-nice.fr\/clg-albrecht\/wp-content\/uploads\/sites\/120\/2013\/10\/imgp3843.jpg\" alt=\"imgp3843\" width=\"200\" height=\"200\" srcset=\"https:\/\/www.clg-berty-albrecht.ac-nice.fr\/wp-content\/uploads\/sites\/120\/2013\/10\/imgp3843.jpg 3216w, https:\/\/www.clg-berty-albrecht.ac-nice.fr\/wp-content\/uploads\/sites\/120\/2013\/10\/imgp3843-300x300.jpg 300w, https:\/\/www.clg-berty-albrecht.ac-nice.fr\/wp-content\/uploads\/sites\/120\/2013\/10\/imgp3843-1024x1024.jpg 1024w, https:\/\/www.clg-berty-albrecht.ac-nice.fr\/wp-content\/uploads\/sites\/120\/2013\/10\/imgp3843-150x150.jpg 150w, https:\/\/www.clg-berty-albrecht.ac-nice.fr\/wp-content\/uploads\/sites\/120\/2013\/10\/imgp3843-768x768.jpg 768w, https:\/\/www.clg-berty-albrecht.ac-nice.fr\/wp-content\/uploads\/sites\/120\/2013\/10\/imgp3843-1536x1536.jpg 1536w, https:\/\/www.clg-berty-albrecht.ac-nice.fr\/wp-content\/uploads\/sites\/120\/2013\/10\/imgp3843-2048x2048.jpg 2048w, https:\/\/www.clg-berty-albrecht.ac-nice.fr\/wp-content\/uploads\/sites\/120\/2013\/10\/imgp3843-1200x1200.jpg 1200w, https:\/\/www.clg-berty-albrecht.ac-nice.fr\/wp-content\/uploads\/sites\/120\/2013\/10\/imgp3843-1980x1980.jpg 1980w\" sizes=\"auto, (max-width: 200px) 100vw, 200px\" \/><\/em><\/span><\/p>\n<p><span style=\"font-size: 12pt; color: #800080;\">Di\u00e9go Vivancos : 22\u00b0, Lois Saibi: 37\u00b0,Justin Bochatay&nbsp; : 40\u00b0,Florent Bochatay: 45\u00b0, Stan Bouquin: 59\u00b0,<\/span><\/p>\n<p><span style=\"font-size: 12pt; color: #800080;\">Swann Bize: 138\u00b0 et Tristant Bordessoule:235\u00b0 sur 592 participants, et ils finissent 15\u00b0 par \u00e9quipe sur 39.<\/span><\/p>\n<p><span style=\"font-size: 12pt; color: #800080;\">Rdv l&rsquo;an prochain..<\/span><\/p>\n","protected":false},"excerpt":{"rendered":"<p>Le Roc d\u2019Azur est un cocktail d\u00e9tonnant d\u2019\u00e9motions. En t\u00eate de course bien s\u00fbr mais pas seulement. Depuis 1984, Fr\u00e9jus accueille au mois d\u2019octobre le Roc d&rsquo;Azur,la plus grande manifestation mondiale de V.T.T. Des milliers de passionn\u00e9s se donnent ainsi rendez-vous chaque ann\u00e9e pour ce grand rassemblement sportif. 30 ans plus tard, ils sont plus [&hellip;]<\/p>\n","protected":false},"author":448,"featured_media":239,"comment_status":"closed","ping_status":"closed","sticky":false,"template":"","format":"standard","meta":{"ngg_post_thumbnail":0,"footnotes":""},"categories":[57],"tags":[],"class_list":["post-245","post","type-post","status-publish","format-standard","has-post-thumbnail","hentry","category-lactualite-de-lunss"],"_links":{"self":[{"href":"https:\/\/www.clg-berty-albrecht.ac-nice.fr\/index.php?rest_route=\/wp\/v2\/posts\/245","targetHints":{"allow":["GET"]}}],"collection":[{"href":"https:\/\/www.clg-berty-albrecht.ac-nice.fr\/index.php?rest_route=\/wp\/v2\/posts"}],"about":[{"href":"https:\/\/www.clg-berty-albrecht.ac-nice.fr\/index.php?rest_route=\/wp\/v2\/types\/post"}],"author":[{"embeddable":true,"href":"https:\/\/www.clg-berty-albrecht.ac-nice.fr\/index.php?rest_route=\/wp\/v2\/users\/448"}],"replies":[{"embeddable":true,"href":"https:\/\/www.clg-berty-albrecht.ac-nice.fr\/index.php?rest_route=%2Fwp%2Fv2%2Fcomments&post=245"}],"version-history":[{"count":0,"href":"https:\/\/www.clg-berty-albrecht.ac-nice.fr\/index.php?rest_route=\/wp\/v2\/posts\/245\/revisions"}],"wp:featuredmedia":[{"embeddable":true,"href":"https:\/\/www.clg-berty-albrecht.ac-nice.fr\/index.php?rest_route=\/wp\/v2\/media\/239"}],"wp:attachment":[{"href":"https:\/\/www.clg-berty-albrecht.ac-nice.fr\/index.php?rest_route=%2Fwp%2Fv2%2Fmedia&parent=245"}],"wp:term":[{"taxonomy":"category","embeddable":true,"href":"https:\/\/www.clg-berty-albrecht.ac-nice.fr\/index.php?rest_route=%2Fwp%2Fv2%2Fcategories&post=245"},{"taxonomy":"post_tag","embeddable":true,"href":"https:\/\/www.clg-berty-albrecht.ac-nice.fr\/index.php?rest_route=%2Fwp%2Fv2%2Ftags&post=245"}],"curies":[{"name":"wp","href":"https:\/\/api.w.org\/{rel}","templated":true}]}}