{"id":238,"date":"2013-10-01T20:37:38","date_gmt":"2013-10-01T18:37:38","guid":{"rendered":"https:\/\/wmu.ac-nice.fr\/clg-albrecht\/2013\/10\/01\/deroulement-du-voyage\/"},"modified":"2013-10-01T20:37:38","modified_gmt":"2013-10-01T18:37:38","slug":"deroulement-du-voyage","status":"publish","type":"post","link":"https:\/\/www.clg-berty-albrecht.ac-nice.fr\/?p=238","title":{"rendered":"D\u00e9roulement du voyage 2014"},"content":{"rendered":"<p><strong><span style=\"color: #800080; font-size: 12pt;\"><span style=\"text-decoration: underline;\">Vendredi 4 octobre :<\/span><\/span><\/strong><\/p>\n<h3><span style=\"color: #000000; font-size: medium;\"><span style=\"font-weight: normal;\">D\u00e9part en m\u00e9tro :<\/span><\/span><\/h3>\n<p><span style=\"color: #000000; font-size: medium;\"><span style=\"font-weight: normal;\"><img loading=\"lazy\" decoding=\"async\" class=\" size-full wp-image-190\" src=\"http:\/\/wmu.ac-nice.fr\/clg-albrecht\/wp-content\/uploads\/sites\/120\/2013\/10\/dsc02188.jpg\" alt=\"\" border=\"0\" width=\"323\" height=\"181\" srcset=\"https:\/\/www.clg-berty-albrecht.ac-nice.fr\/wp-content\/uploads\/sites\/120\/2013\/10\/dsc02188.jpg 323w, https:\/\/www.clg-berty-albrecht.ac-nice.fr\/wp-content\/uploads\/sites\/120\/2013\/10\/dsc02188-300x168.jpg 300w\" sizes=\"auto, (max-width: 323px) 100vw, 323px\" \/><br \/><\/span><\/span><\/p>\n<h3><span style=\"color: #000080;\"><span style=\"text-decoration: underline;\">Visite de la m\u00e9nagerie<\/span><\/span><\/h3>\n<div><img loading=\"lazy\" decoding=\"async\" class=\" size-full wp-image-191\" src=\"http:\/\/wmu.ac-nice.fr\/clg-albrecht\/wp-content\/uploads\/sites\/120\/2013\/10\/dsc02195.jpg\" alt=\"\" border=\"0\" width=\"265\" height=\"149\" \/> <img loading=\"lazy\" decoding=\"async\" class=\" size-full wp-image-192\" src=\"http:\/\/wmu.ac-nice.fr\/clg-albrecht\/wp-content\/uploads\/sites\/120\/2013\/10\/dsc02203.jpg\" alt=\"\" border=\"0\" width=\"323\" height=\"181\" srcset=\"https:\/\/www.clg-berty-albrecht.ac-nice.fr\/wp-content\/uploads\/sites\/120\/2013\/10\/dsc02203.jpg 323w, https:\/\/www.clg-berty-albrecht.ac-nice.fr\/wp-content\/uploads\/sites\/120\/2013\/10\/dsc02203-300x168.jpg 300w\" sizes=\"auto, (max-width: 323px) 100vw, 323px\" \/> <img loading=\"lazy\" decoding=\"async\" class=\" size-full wp-image-193\" src=\"http:\/\/wmu.ac-nice.fr\/clg-albrecht\/wp-content\/uploads\/sites\/120\/2013\/10\/dsc02211.jpg\" alt=\"\" border=\"0\" width=\"323\" height=\"181\" srcset=\"https:\/\/www.clg-berty-albrecht.ac-nice.fr\/wp-content\/uploads\/sites\/120\/2013\/10\/dsc02211.jpg 323w, https:\/\/www.clg-berty-albrecht.ac-nice.fr\/wp-content\/uploads\/sites\/120\/2013\/10\/dsc02211-300x168.jpg 300w\" sizes=\"auto, (max-width: 323px) 100vw, 323px\" \/> <img loading=\"lazy\" decoding=\"async\" class=\" size-full wp-image-194\" src=\"http:\/\/wmu.ac-nice.fr\/clg-albrecht\/wp-content\/uploads\/sites\/120\/2013\/10\/dsc02221.jpg\" alt=\"\" border=\"0\" width=\"323\" height=\"181\" srcset=\"https:\/\/www.clg-berty-albrecht.ac-nice.fr\/wp-content\/uploads\/sites\/120\/2013\/10\/dsc02221.jpg 323w, https:\/\/www.clg-berty-albrecht.ac-nice.fr\/wp-content\/uploads\/sites\/120\/2013\/10\/dsc02221-300x168.jpg 300w\" sizes=\"auto, (max-width: 323px) 100vw, 323px\" \/><\/div>\n<h3><span style=\"color: #000080;\"><span style=\"text-decoration: underline;\">Participation au festival Pariscience<\/span><\/span><\/h3>\n<p><span style=\"color: #000080;\"><span style=\"text-decoration: underline;\"><img loading=\"lazy\" decoding=\"async\" class=\" size-full wp-image-195\" src=\"http:\/\/wmu.ac-nice.fr\/clg-albrecht\/wp-content\/uploads\/sites\/120\/2013\/10\/dsc02224.jpg\" alt=\"\" border=\"0\" width=\"323\" height=\"181\" srcset=\"https:\/\/www.clg-berty-albrecht.ac-nice.fr\/wp-content\/uploads\/sites\/120\/2013\/10\/dsc02224.jpg 323w, https:\/\/www.clg-berty-albrecht.ac-nice.fr\/wp-content\/uploads\/sites\/120\/2013\/10\/dsc02224-300x168.jpg 300w\" sizes=\"auto, (max-width: 323px) 100vw, 323px\" \/><img loading=\"lazy\" decoding=\"async\" class=\" size-full wp-image-196\" src=\"http:\/\/wmu.ac-nice.fr\/clg-albrecht\/wp-content\/uploads\/sites\/120\/2013\/10\/dsc02226.jpg\" alt=\"\" border=\"0\" width=\"369\" height=\"207\" srcset=\"https:\/\/www.clg-berty-albrecht.ac-nice.fr\/wp-content\/uploads\/sites\/120\/2013\/10\/dsc02226.jpg 369w, https:\/\/www.clg-berty-albrecht.ac-nice.fr\/wp-content\/uploads\/sites\/120\/2013\/10\/dsc02226-300x168.jpg 300w\" sizes=\"auto, (max-width: 369px) 100vw, 369px\" \/><img loading=\"lazy\" decoding=\"async\" class=\" size-full wp-image-197\" src=\"http:\/\/wmu.ac-nice.fr\/clg-albrecht\/wp-content\/uploads\/sites\/120\/2013\/10\/dsc02228.jpg\" alt=\"\" border=\"0\" width=\"369\" height=\"207\" srcset=\"https:\/\/www.clg-berty-albrecht.ac-nice.fr\/wp-content\/uploads\/sites\/120\/2013\/10\/dsc02228.jpg 369w, https:\/\/www.clg-berty-albrecht.ac-nice.fr\/wp-content\/uploads\/sites\/120\/2013\/10\/dsc02228-300x168.jpg 300w\" sizes=\"auto, (max-width: 369px) 100vw, 369px\" \/><img loading=\"lazy\" decoding=\"async\" class=\" size-full wp-image-198\" src=\"http:\/\/wmu.ac-nice.fr\/clg-albrecht\/wp-content\/uploads\/sites\/120\/2013\/10\/dsc02230.jpg\" alt=\"\" border=\"0\" width=\"323\" height=\"181\" srcset=\"https:\/\/www.clg-berty-albrecht.ac-nice.fr\/wp-content\/uploads\/sites\/120\/2013\/10\/dsc02230.jpg 323w, https:\/\/www.clg-berty-albrecht.ac-nice.fr\/wp-content\/uploads\/sites\/120\/2013\/10\/dsc02230-300x168.jpg 300w\" sizes=\"auto, (max-width: 323px) 100vw, 323px\" \/> <img loading=\"lazy\" decoding=\"async\" class=\" size-full wp-image-199\" src=\"http:\/\/wmu.ac-nice.fr\/clg-albrecht\/wp-content\/uploads\/sites\/120\/2013\/10\/dsc02233.jpg\" alt=\"\" border=\"0\" width=\"323\" height=\"181\" srcset=\"https:\/\/www.clg-berty-albrecht.ac-nice.fr\/wp-content\/uploads\/sites\/120\/2013\/10\/dsc02233.jpg 323w, https:\/\/www.clg-berty-albrecht.ac-nice.fr\/wp-content\/uploads\/sites\/120\/2013\/10\/dsc02233-300x168.jpg 300w\" sizes=\"auto, (max-width: 323px) 100vw, 323px\" \/> <\/span><\/span><\/p>\n<p><span style=\"font-size: medium; color: #000000;\"><span style=\"font-weight: normal;\">Une derni\u00e8re restauration au Mc Donald&rsquo;s :<\/span><\/span><\/p>\n<p><span style=\"font-size: medium; color: #000000;\"><span style=\"font-weight: normal;\"><img loading=\"lazy\" decoding=\"async\" class=\" size-full wp-image-200\" src=\"http:\/\/wmu.ac-nice.fr\/clg-albrecht\/wp-content\/uploads\/sites\/120\/2013\/10\/dsc02238.jpg\" alt=\"\" border=\"0\" width=\"323\" height=\"181\" srcset=\"https:\/\/www.clg-berty-albrecht.ac-nice.fr\/wp-content\/uploads\/sites\/120\/2013\/10\/dsc02238.jpg 323w, https:\/\/www.clg-berty-albrecht.ac-nice.fr\/wp-content\/uploads\/sites\/120\/2013\/10\/dsc02238-300x168.jpg 300w\" sizes=\"auto, (max-width: 323px) 100vw, 323px\" \/><br \/><\/span><\/span><\/p>\n<ul>\n<li><span style=\"font-size: 12pt;\"><strong><span style=\"color: #800080;\"><span style=\"text-decoration: underline;\">Jeudi 3 octobre :<\/span><\/span><\/strong><\/span><\/li>\n<\/ul>\n<div><img loading=\"lazy\" decoding=\"async\" class=\" size-full wp-image-201\" src=\"http:\/\/wmu.ac-nice.fr\/clg-albrecht\/wp-content\/uploads\/sites\/120\/2013\/10\/dsc02151.jpg\" alt=\"\" border=\"0\" width=\"323\" height=\"181\" srcset=\"https:\/\/www.clg-berty-albrecht.ac-nice.fr\/wp-content\/uploads\/sites\/120\/2013\/10\/dsc02151.jpg 323w, https:\/\/www.clg-berty-albrecht.ac-nice.fr\/wp-content\/uploads\/sites\/120\/2013\/10\/dsc02151-300x168.jpg 300w\" sizes=\"auto, (max-width: 323px) 100vw, 323px\" \/> <img loading=\"lazy\" decoding=\"async\" class=\" size-full wp-image-202\" src=\"http:\/\/wmu.ac-nice.fr\/clg-albrecht\/wp-content\/uploads\/sites\/120\/2013\/10\/dsc02178.jpg\" alt=\"\" border=\"0\" width=\"181\" height=\"323\" srcset=\"https:\/\/www.clg-berty-albrecht.ac-nice.fr\/wp-content\/uploads\/sites\/120\/2013\/10\/dsc02178.jpg 181w, https:\/\/www.clg-berty-albrecht.ac-nice.fr\/wp-content\/uploads\/sites\/120\/2013\/10\/dsc02178-168x300.jpg 168w\" sizes=\"auto, (max-width: 181px) 100vw, 181px\" \/><\/div>\n<h3><span style=\"color: #000080;\"><span style=\"text-decoration: underline;\">Atelier Math\u00e9magie<\/span><\/span><\/h3>\n<div><img loading=\"lazy\" decoding=\"async\" class=\" size-full wp-image-203\" src=\"http:\/\/wmu.ac-nice.fr\/clg-albrecht\/wp-content\/uploads\/sites\/120\/2013\/10\/dsc02154.jpg\" alt=\"\" border=\"0\" width=\"323\" height=\"181\" srcset=\"https:\/\/www.clg-berty-albrecht.ac-nice.fr\/wp-content\/uploads\/sites\/120\/2013\/10\/dsc02154.jpg 323w, https:\/\/www.clg-berty-albrecht.ac-nice.fr\/wp-content\/uploads\/sites\/120\/2013\/10\/dsc02154-300x168.jpg 300w\" sizes=\"auto, (max-width: 323px) 100vw, 323px\" \/> <img loading=\"lazy\" decoding=\"async\" class=\" size-full wp-image-204\" src=\"http:\/\/wmu.ac-nice.fr\/clg-albrecht\/wp-content\/uploads\/sites\/120\/2013\/10\/dsc02157.jpg\" alt=\"\" border=\"0\" width=\"323\" height=\"181\" srcset=\"https:\/\/www.clg-berty-albrecht.ac-nice.fr\/wp-content\/uploads\/sites\/120\/2013\/10\/dsc02157.jpg 323w, https:\/\/www.clg-berty-albrecht.ac-nice.fr\/wp-content\/uploads\/sites\/120\/2013\/10\/dsc02157-300x168.jpg 300w\" sizes=\"auto, (max-width: 323px) 100vw, 323px\" \/><img loading=\"lazy\" decoding=\"async\" class=\" size-full wp-image-205\" src=\"http:\/\/wmu.ac-nice.fr\/clg-albrecht\/wp-content\/uploads\/sites\/120\/2013\/10\/dsc02161.jpg\" alt=\"\" border=\"0\" width=\"323\" height=\"181\" srcset=\"https:\/\/www.clg-berty-albrecht.ac-nice.fr\/wp-content\/uploads\/sites\/120\/2013\/10\/dsc02161.jpg 323w, https:\/\/www.clg-berty-albrecht.ac-nice.fr\/wp-content\/uploads\/sites\/120\/2013\/10\/dsc02161-300x168.jpg 300w\" sizes=\"auto, (max-width: 323px) 100vw, 323px\" \/><\/div>\n<h3><span style=\"color: #000080;\"><span style=\"text-decoration: underline;\">Exposition \u00ab\u00a0Le Grand R\u00e9cit de l&rsquo;Univers\u00a0\u00bb<\/span><\/span><\/h3>\n<p><img loading=\"lazy\" decoding=\"async\" class=\" size-full wp-image-206\" src=\"http:\/\/wmu.ac-nice.fr\/clg-albrecht\/wp-content\/uploads\/sites\/120\/2013\/10\/dsc02162.jpg\" alt=\"\" border=\"0\" width=\"323\" height=\"181\" srcset=\"https:\/\/www.clg-berty-albrecht.ac-nice.fr\/wp-content\/uploads\/sites\/120\/2013\/10\/dsc02162.jpg 323w, https:\/\/www.clg-berty-albrecht.ac-nice.fr\/wp-content\/uploads\/sites\/120\/2013\/10\/dsc02162-300x168.jpg 300w\" sizes=\"auto, (max-width: 323px) 100vw, 323px\" \/> <img loading=\"lazy\" decoding=\"async\" class=\" size-full wp-image-207\" src=\"http:\/\/wmu.ac-nice.fr\/clg-albrecht\/wp-content\/uploads\/sites\/120\/2013\/10\/dsc02164.jpg\" alt=\"\" border=\"0\" width=\"323\" height=\"181\" srcset=\"https:\/\/www.clg-berty-albrecht.ac-nice.fr\/wp-content\/uploads\/sites\/120\/2013\/10\/dsc02164.jpg 323w, https:\/\/www.clg-berty-albrecht.ac-nice.fr\/wp-content\/uploads\/sites\/120\/2013\/10\/dsc02164-300x168.jpg 300w\" sizes=\"auto, (max-width: 323px) 100vw, 323px\" \/> <img loading=\"lazy\" decoding=\"async\" class=\" size-full wp-image-208\" src=\"http:\/\/wmu.ac-nice.fr\/clg-albrecht\/wp-content\/uploads\/sites\/120\/2013\/10\/photo-2.jpg\" alt=\"\" border=\"0\" width=\"311\" height=\"232\" \/> <img loading=\"lazy\" decoding=\"async\" class=\" size-full wp-image-209\" src=\"http:\/\/wmu.ac-nice.fr\/clg-albrecht\/wp-content\/uploads\/sites\/120\/2013\/10\/photo-1.jpg\" alt=\"\" border=\"0\" width=\"259\" height=\"194\" \/> <img loading=\"lazy\" decoding=\"async\" class=\" size-full wp-image-210\" src=\"http:\/\/wmu.ac-nice.fr\/clg-albrecht\/wp-content\/uploads\/sites\/120\/2013\/10\/photo-3.jpg\" alt=\"\" border=\"0\" width=\"259\" height=\"194\" \/> <img loading=\"lazy\" decoding=\"async\" class=\" size-full wp-image-211\" src=\"http:\/\/wmu.ac-nice.fr\/clg-albrecht\/wp-content\/uploads\/sites\/120\/2013\/10\/photo-5.jpg\" alt=\"\" border=\"0\" width=\"285\" height=\"213\" \/> <img loading=\"lazy\" decoding=\"async\" class=\" size-full wp-image-212\" src=\"http:\/\/wmu.ac-nice.fr\/clg-albrecht\/wp-content\/uploads\/sites\/120\/2013\/10\/photo-4.jpg\" alt=\"\" border=\"0\" width=\"285\" height=\"213\" \/><\/p>\n<h3><span style=\"color: #000080;\"><span style=\"text-decoration: underline;\">D\u00e9jeuner au Quick<\/span><\/span><\/h3>\n<p><img loading=\"lazy\" decoding=\"async\" class=\" size-full wp-image-213\" src=\"http:\/\/wmu.ac-nice.fr\/clg-albrecht\/wp-content\/uploads\/sites\/120\/2013\/10\/dsc02166.jpg\" alt=\"\" border=\"0\" width=\"323\" height=\"181\" srcset=\"https:\/\/www.clg-berty-albrecht.ac-nice.fr\/wp-content\/uploads\/sites\/120\/2013\/10\/dsc02166.jpg 323w, https:\/\/www.clg-berty-albrecht.ac-nice.fr\/wp-content\/uploads\/sites\/120\/2013\/10\/dsc02166-300x168.jpg 300w\" sizes=\"auto, (max-width: 323px) 100vw, 323px\" \/><\/p>\n<h3><span style=\"color: #000080;\"><span style=\"text-decoration: underline;\">La G\u00e9ode<\/span><\/span><\/h3>\n<p><img loading=\"lazy\" decoding=\"async\" class=\" size-full wp-image-214\" src=\"http:\/\/wmu.ac-nice.fr\/clg-albrecht\/wp-content\/uploads\/sites\/120\/2013\/10\/dsc02173.jpg\" alt=\"\" border=\"0\" width=\"323\" height=\"181\" srcset=\"https:\/\/www.clg-berty-albrecht.ac-nice.fr\/wp-content\/uploads\/sites\/120\/2013\/10\/dsc02173.jpg 323w, https:\/\/www.clg-berty-albrecht.ac-nice.fr\/wp-content\/uploads\/sites\/120\/2013\/10\/dsc02173-300x168.jpg 300w\" sizes=\"auto, (max-width: 323px) 100vw, 323px\" \/><\/p>\n<p><img loading=\"lazy\" decoding=\"async\" class=\" size-full wp-image-215\" src=\"http:\/\/wmu.ac-nice.fr\/clg-albrecht\/wp-content\/uploads\/sites\/120\/2013\/10\/dsc02186.jpg\" alt=\"\" border=\"0\" width=\"207\" height=\"369\" srcset=\"https:\/\/www.clg-berty-albrecht.ac-nice.fr\/wp-content\/uploads\/sites\/120\/2013\/10\/dsc02186.jpg 207w, https:\/\/www.clg-berty-albrecht.ac-nice.fr\/wp-content\/uploads\/sites\/120\/2013\/10\/dsc02186-168x300.jpg 168w\" sizes=\"auto, (max-width: 207px) 100vw, 207px\" \/><\/p>\n<ul>\n<li><span style=\"font-size: 12pt;\"><strong><span style=\"color: #800080; text-decoration: underline;\">Mercredi 2 octobre :<\/span><\/strong><\/span><\/li>\n<\/ul>\n<h3><span style=\"color: #333399;\"><span style=\"text-decoration: underline;\"><span style=\"color: #000080;\">Visite de la Grande Galerie de l&rsquo;Evolution<\/span><\/span><\/span><\/h3>\n<p><span style=\"color: #333399;\"><span style=\"color: #000080;\"><span style=\"font-size: medium;\"><span style=\"color: #000000;\">Un conf\u00e9rencier nous a fait visiter la Grande Galerie sur le th\u00e8me \u00ab\u00a0esp\u00e8ces menac\u00e9es, esp\u00e8ces disparues\u00a0\u00bb. Pour diverses esp\u00e8ces animales choisies, il a expliqu\u00e9 les raisons de leur disparition, et la part de responsabilit\u00e9 de l&rsquo;Homme.<\/span><\/span><\/span><\/span><\/p>\n<div><span style=\"font-size: medium; color: #000000;\"><span style=\"font-weight: normal;\"><img loading=\"lazy\" decoding=\"async\" class=\" size-full wp-image-216\" src=\"http:\/\/wmu.ac-nice.fr\/clg-albrecht\/wp-content\/uploads\/sites\/120\/2013\/10\/dsc02114.jpg\" alt=\"\" border=\"0\" width=\"323\" height=\"181\" srcset=\"https:\/\/www.clg-berty-albrecht.ac-nice.fr\/wp-content\/uploads\/sites\/120\/2013\/10\/dsc02114.jpg 323w, https:\/\/www.clg-berty-albrecht.ac-nice.fr\/wp-content\/uploads\/sites\/120\/2013\/10\/dsc02114-300x168.jpg 300w\" sizes=\"auto, (max-width: 323px) 100vw, 323px\" \/> <img loading=\"lazy\" decoding=\"async\" class=\" size-full wp-image-217\" src=\"http:\/\/wmu.ac-nice.fr\/clg-albrecht\/wp-content\/uploads\/sites\/120\/2013\/10\/dsc02130.jpg\" alt=\"\" border=\"0\" width=\"323\" height=\"181\" srcset=\"https:\/\/www.clg-berty-albrecht.ac-nice.fr\/wp-content\/uploads\/sites\/120\/2013\/10\/dsc02130.jpg 323w, https:\/\/www.clg-berty-albrecht.ac-nice.fr\/wp-content\/uploads\/sites\/120\/2013\/10\/dsc02130-300x168.jpg 300w\" sizes=\"auto, (max-width: 323px) 100vw, 323px\" \/> <img loading=\"lazy\" decoding=\"async\" class=\" size-full wp-image-218\" src=\"http:\/\/wmu.ac-nice.fr\/clg-albrecht\/wp-content\/uploads\/sites\/120\/2013\/10\/dsc02133.jpg\" alt=\"\" border=\"0\" width=\"323\" height=\"181\" srcset=\"https:\/\/www.clg-berty-albrecht.ac-nice.fr\/wp-content\/uploads\/sites\/120\/2013\/10\/dsc02133.jpg 323w, https:\/\/www.clg-berty-albrecht.ac-nice.fr\/wp-content\/uploads\/sites\/120\/2013\/10\/dsc02133-300x168.jpg 300w\" sizes=\"auto, (max-width: 323px) 100vw, 323px\" \/> <img loading=\"lazy\" decoding=\"async\" class=\" size-full wp-image-219\" src=\"http:\/\/wmu.ac-nice.fr\/clg-albrecht\/wp-content\/uploads\/sites\/120\/2013\/10\/dsc02141.jpg\" alt=\"\" border=\"0\" width=\"323\" height=\"181\" \/><\/span><\/span><\/div>\n<h3><span style=\"color: #000080;\"><span style=\"text-decoration: underline;\">Notre Dame de Paris<\/span><\/span><\/h3>\n<div><span style=\"font-size: medium; color: #000000;\"><span style=\"font-weight: normal;\">Balade sur les quais de Seine jusqu&rsquo;\u00e0 Notre Dame de Paris.<\/span><\/span><\/div>\n<div><span style=\"font-size: medium; color: #000000;\"><span style=\"font-weight: normal;\"><img loading=\"lazy\" decoding=\"async\" class=\" size-full wp-image-220\" src=\"http:\/\/wmu.ac-nice.fr\/clg-albrecht\/wp-content\/uploads\/sites\/120\/2013\/10\/dsc02143.jpg\" alt=\"\" border=\"0\" width=\"323\" height=\"181\" srcset=\"https:\/\/www.clg-berty-albrecht.ac-nice.fr\/wp-content\/uploads\/sites\/120\/2013\/10\/dsc02143.jpg 323w, https:\/\/www.clg-berty-albrecht.ac-nice.fr\/wp-content\/uploads\/sites\/120\/2013\/10\/dsc02143-300x168.jpg 300w\" sizes=\"auto, (max-width: 323px) 100vw, 323px\" \/> <img loading=\"lazy\" decoding=\"async\" class=\" size-full wp-image-221\" src=\"http:\/\/wmu.ac-nice.fr\/clg-albrecht\/wp-content\/uploads\/sites\/120\/2013\/10\/dsc02145.jpg\" alt=\"\" border=\"0\" width=\"369\" height=\"207\" srcset=\"https:\/\/www.clg-berty-albrecht.ac-nice.fr\/wp-content\/uploads\/sites\/120\/2013\/10\/dsc02145.jpg 369w, https:\/\/www.clg-berty-albrecht.ac-nice.fr\/wp-content\/uploads\/sites\/120\/2013\/10\/dsc02145-300x168.jpg 300w\" sizes=\"auto, (max-width: 369px) 100vw, 369px\" \/><br \/><\/span><\/span><\/div>\n<ul>\n<li><span style=\"font-size: 12pt;\"><strong><span style=\"color: #800080;\"><span style=\"text-decoration: underline;\">Mardi 1er octobre :<\/span><\/span><\/strong><\/span><\/li>\n<\/ul>\n<div><img loading=\"lazy\" decoding=\"async\" class=\" size-full wp-image-222\" src=\"http:\/\/wmu.ac-nice.fr\/clg-albrecht\/wp-content\/uploads\/sites\/120\/2013\/10\/dsc01988-copie.jpg\" alt=\"\" border=\"0\" width=\"369\" height=\"207\" srcset=\"https:\/\/www.clg-berty-albrecht.ac-nice.fr\/wp-content\/uploads\/sites\/120\/2013\/10\/dsc01988-copie.jpg 369w, https:\/\/www.clg-berty-albrecht.ac-nice.fr\/wp-content\/uploads\/sites\/120\/2013\/10\/dsc01988-copie-300x168.jpg 300w\" sizes=\"auto, (max-width: 369px) 100vw, 369px\" \/><\/div>\n<h3><span style=\"color: #000080;\"><span style=\"text-decoration: underline;\">Arriv\u00e9e au Palais de la d\u00e9couverte<\/span><\/span><\/h3>\n<div><img loading=\"lazy\" decoding=\"async\" class=\" size-full wp-image-223\" src=\"http:\/\/wmu.ac-nice.fr\/clg-albrecht\/wp-content\/uploads\/sites\/120\/2013\/10\/dsc01994.jpg\" alt=\"\" border=\"0\" width=\"476\" height=\"268\" srcset=\"https:\/\/www.clg-berty-albrecht.ac-nice.fr\/wp-content\/uploads\/sites\/120\/2013\/10\/dsc01994.jpg 476w, https:\/\/www.clg-berty-albrecht.ac-nice.fr\/wp-content\/uploads\/sites\/120\/2013\/10\/dsc01994-300x169.jpg 300w\" sizes=\"auto, (max-width: 476px) 100vw, 476px\" \/><\/div>\n<div><span style=\"font-size: medium;\"><span style=\"color: #000000;\">Partis la veille \u00e0 21h, nous sommes arriv\u00e9s devant le Palais de la D\u00e9couverte \u00e0 10h30. Le premier atelier \u00e9tant pr\u00e9vu pour 10h, nous n&rsquo;avons pas pu y participer. Les \u00e9l\u00e8ves ont quand m\u00eame pu profiter du deuxi\u00e8me ; \u00ab\u00a0physique sur un man\u00e8ge\u00a0\u00bb pour les uns, \u00ab\u00a0biojunior : jouez avec vos sens\u00a0\u00bb pour les autres.<\/span><\/span><\/div>\n<h3><span style=\"font-size: medium;\"><span style=\"color: #000080;\"><span style=\"text-decoration: underline;\">Atelier \u00ab\u00a0physique sur un man\u00e8ge\u00a0\u00bb<\/span><\/span><\/span><\/h3>\n<div><span style=\"font-size: medium;\">&nbsp;<\/span><\/div>\n<div><span style=\"font-size: medium;\"><img loading=\"lazy\" decoding=\"async\" class=\" size-full wp-image-224\" src=\"http:\/\/wmu.ac-nice.fr\/clg-albrecht\/wp-content\/uploads\/sites\/120\/2013\/10\/dsc01996-copie.jpg\" alt=\"\" border=\"0\" width=\"323\" height=\"181\" srcset=\"https:\/\/www.clg-berty-albrecht.ac-nice.fr\/wp-content\/uploads\/sites\/120\/2013\/10\/dsc01996-copie.jpg 323w, https:\/\/www.clg-berty-albrecht.ac-nice.fr\/wp-content\/uploads\/sites\/120\/2013\/10\/dsc01996-copie-300x168.jpg 300w\" sizes=\"auto, (max-width: 323px) 100vw, 323px\" \/> <img loading=\"lazy\" decoding=\"async\" class=\" size-full wp-image-225\" src=\"http:\/\/wmu.ac-nice.fr\/clg-albrecht\/wp-content\/uploads\/sites\/120\/2013\/10\/dsc02000-copie.jpg\" alt=\"\" border=\"0\" width=\"323\" height=\"181\" srcset=\"https:\/\/www.clg-berty-albrecht.ac-nice.fr\/wp-content\/uploads\/sites\/120\/2013\/10\/dsc02000-copie.jpg 323w, https:\/\/www.clg-berty-albrecht.ac-nice.fr\/wp-content\/uploads\/sites\/120\/2013\/10\/dsc02000-copie-300x168.jpg 300w\" sizes=\"auto, (max-width: 323px) 100vw, 323px\" \/> <img loading=\"lazy\" decoding=\"async\" class=\" size-full wp-image-226\" src=\"http:\/\/wmu.ac-nice.fr\/clg-albrecht\/wp-content\/uploads\/sites\/120\/2013\/10\/dsc02001-copie.jpg\" alt=\"\" border=\"0\" width=\"323\" height=\"181\" srcset=\"https:\/\/www.clg-berty-albrecht.ac-nice.fr\/wp-content\/uploads\/sites\/120\/2013\/10\/dsc02001-copie.jpg 323w, https:\/\/www.clg-berty-albrecht.ac-nice.fr\/wp-content\/uploads\/sites\/120\/2013\/10\/dsc02001-copie-300x168.jpg 300w\" sizes=\"auto, (max-width: 323px) 100vw, 323px\" \/> <img loading=\"lazy\" decoding=\"async\" class=\" size-full wp-image-227\" src=\"http:\/\/wmu.ac-nice.fr\/clg-albrecht\/wp-content\/uploads\/sites\/120\/2013\/10\/dsc02004-copie.jpg\" alt=\"\" border=\"0\" width=\"323\" height=\"181\" srcset=\"https:\/\/www.clg-berty-albrecht.ac-nice.fr\/wp-content\/uploads\/sites\/120\/2013\/10\/dsc02004-copie.jpg 323w, https:\/\/www.clg-berty-albrecht.ac-nice.fr\/wp-content\/uploads\/sites\/120\/2013\/10\/dsc02004-copie-300x168.jpg 300w\" sizes=\"auto, (max-width: 323px) 100vw, 323px\" \/> <\/span><\/div>\n<h3><span style=\"color: #000080;\"><span style=\"text-decoration: underline;\">D\u00e9jeuner au Flam&rsquo;s<\/span><\/span><\/h3>\n<div><span style=\"font-size: medium;\"><span style=\"color: #000000;\"><span style=\"font-size: medium;\">Pour le d\u00e9jeuner, le restaurant Flam&rsquo;s nous a pr\u00e9par\u00e9 un assortiment de trois flammekueches sal\u00e9es, puis trois <\/span><span style=\"font-size: medium;\">flammekueches<\/span><span style=\"font-size: medium;\"> sucr\u00e9es.<\/span><\/span><\/span><\/div>\n<div><span style=\"font-size: medium;\">&nbsp;<\/span><\/div>\n<div><span style=\"font-size: medium;\"><img loading=\"lazy\" decoding=\"async\" class=\" size-full wp-image-228\" style=\"border: 0px; margin-left: 1px; margin-right: 1px;\" src=\"http:\/\/wmu.ac-nice.fr\/clg-albrecht\/wp-content\/uploads\/sites\/120\/2013\/10\/dsc02017.jpg\" alt=\"\" border=\"0\" width=\"181\" height=\"323\" srcset=\"https:\/\/www.clg-berty-albrecht.ac-nice.fr\/wp-content\/uploads\/sites\/120\/2013\/10\/dsc02017.jpg 181w, https:\/\/www.clg-berty-albrecht.ac-nice.fr\/wp-content\/uploads\/sites\/120\/2013\/10\/dsc02017-168x300.jpg 168w\" sizes=\"auto, (max-width: 181px) 100vw, 181px\" \/><img loading=\"lazy\" decoding=\"async\" class=\" size-full wp-image-229\" src=\"http:\/\/wmu.ac-nice.fr\/clg-albrecht\/wp-content\/uploads\/sites\/120\/2013\/10\/dsc02013.jpg\" alt=\"\" border=\"0\" width=\"181\" height=\"323\" srcset=\"https:\/\/www.clg-berty-albrecht.ac-nice.fr\/wp-content\/uploads\/sites\/120\/2013\/10\/dsc02013.jpg 181w, https:\/\/www.clg-berty-albrecht.ac-nice.fr\/wp-content\/uploads\/sites\/120\/2013\/10\/dsc02013-168x300.jpg 168w\" sizes=\"auto, (max-width: 181px) 100vw, 181px\" \/><span style=\"font-size: medium;\">&nbsp;<\/span><\/span><\/div>\n<div>&nbsp;<\/div>\n<div>&nbsp;<\/div>\n<div>&nbsp;<\/div>\n<div>&nbsp;<\/div>\n<div>&nbsp;<\/div>\n<div>&nbsp;<\/div>\n<div>&nbsp;<\/div>\n<div>&nbsp;<\/div>\n<div>&nbsp;<\/div>\n<div>&nbsp;<\/div>\n<div>&nbsp;<\/div>\n<h3><span style=\"font-size: medium;\"><span style=\"font-size: medium;\"><span style=\"color: #000080;\"><span style=\"text-decoration: underline;\">Visite libre des expositions permanentes<\/span><\/span><\/span><\/span><\/h3>\n<div>&nbsp;<\/div>\n<div><span style=\"font-size: medium;\"><span style=\"font-size: medium;\"><span style=\"color: #000000;\"> <span style=\"font-size: medium;\">Dans l&rsquo;apr\u00e8s-midi, les \u00e9l\u00e8ves se sont d\u00e9plac\u00e9s librement au sein de l&rsquo;exposition \u00ab\u00a0syst\u00e8me solaire\u00a0\u00bb, puis dans la salle de la Lumi\u00e8re.<\/span><\/span><\/span><\/span><\/div>\n<div><span style=\"font-size: medium;\"><span style=\"font-size: medium;\">&nbsp;<\/span><\/span><\/div>\n<div><span style=\"font-size: medium;\"><img loading=\"lazy\" decoding=\"async\" class=\" size-full wp-image-230\" style=\"border: 0px;\" src=\"http:\/\/wmu.ac-nice.fr\/clg-albrecht\/wp-content\/uploads\/sites\/120\/2013\/10\/dsc02034.jpg\" alt=\"\" border=\"0\" width=\"323\" height=\"181\" srcset=\"https:\/\/www.clg-berty-albrecht.ac-nice.fr\/wp-content\/uploads\/sites\/120\/2013\/10\/dsc02034.jpg 323w, https:\/\/www.clg-berty-albrecht.ac-nice.fr\/wp-content\/uploads\/sites\/120\/2013\/10\/dsc02034-300x168.jpg 300w\" sizes=\"auto, (max-width: 323px) 100vw, 323px\" \/> <img loading=\"lazy\" decoding=\"async\" class=\" size-full wp-image-231\" src=\"http:\/\/wmu.ac-nice.fr\/clg-albrecht\/wp-content\/uploads\/sites\/120\/2013\/10\/dsc02048.jpg\" alt=\"\" border=\"0\" width=\"323\" height=\"181\" srcset=\"https:\/\/www.clg-berty-albrecht.ac-nice.fr\/wp-content\/uploads\/sites\/120\/2013\/10\/dsc02048.jpg 323w, https:\/\/www.clg-berty-albrecht.ac-nice.fr\/wp-content\/uploads\/sites\/120\/2013\/10\/dsc02048-300x168.jpg 300w\" sizes=\"auto, (max-width: 323px) 100vw, 323px\" \/><\/span><\/div>\n<div>&nbsp;<\/div>\n<div><span style=\"font-size: medium;\"><img loading=\"lazy\" decoding=\"async\" class=\" size-full wp-image-232\" src=\"http:\/\/wmu.ac-nice.fr\/clg-albrecht\/wp-content\/uploads\/sites\/120\/2013\/10\/dsc02051.jpg\" alt=\"\" border=\"0\" width=\"369\" height=\"207\" srcset=\"https:\/\/www.clg-berty-albrecht.ac-nice.fr\/wp-content\/uploads\/sites\/120\/2013\/10\/dsc02051.jpg 369w, https:\/\/www.clg-berty-albrecht.ac-nice.fr\/wp-content\/uploads\/sites\/120\/2013\/10\/dsc02051-300x168.jpg 300w\" sizes=\"auto, (max-width: 369px) 100vw, 369px\" \/> <img loading=\"lazy\" decoding=\"async\" class=\" size-full wp-image-233\" src=\"http:\/\/wmu.ac-nice.fr\/clg-albrecht\/wp-content\/uploads\/sites\/120\/2013\/10\/dsc02072.jpg\" alt=\"\" border=\"0\" width=\"369\" height=\"207\" srcset=\"https:\/\/www.clg-berty-albrecht.ac-nice.fr\/wp-content\/uploads\/sites\/120\/2013\/10\/dsc02072.jpg 369w, https:\/\/www.clg-berty-albrecht.ac-nice.fr\/wp-content\/uploads\/sites\/120\/2013\/10\/dsc02072-300x168.jpg 300w\" sizes=\"auto, (max-width: 369px) 100vw, 369px\" \/> <\/span><img loading=\"lazy\" decoding=\"async\" class=\" size-full wp-image-234\" src=\"http:\/\/wmu.ac-nice.fr\/clg-albrecht\/wp-content\/uploads\/sites\/120\/2013\/10\/dsc02089.jpg\" alt=\"\" border=\"0\" width=\"323\" height=\"181\" srcset=\"https:\/\/www.clg-berty-albrecht.ac-nice.fr\/wp-content\/uploads\/sites\/120\/2013\/10\/dsc02089.jpg 323w, https:\/\/www.clg-berty-albrecht.ac-nice.fr\/wp-content\/uploads\/sites\/120\/2013\/10\/dsc02089-300x168.jpg 300w\" sizes=\"auto, (max-width: 323px) 100vw, 323px\" \/> <img loading=\"lazy\" decoding=\"async\" class=\" size-full wp-image-235\" style=\"font-size: medium;\" src=\"http:\/\/wmu.ac-nice.fr\/clg-albrecht\/wp-content\/uploads\/sites\/120\/2013\/10\/dsc02080.jpg\" alt=\"\" border=\"0\" width=\"323\" height=\"181\" srcset=\"https:\/\/www.clg-berty-albrecht.ac-nice.fr\/wp-content\/uploads\/sites\/120\/2013\/10\/dsc02080.jpg 323w, https:\/\/www.clg-berty-albrecht.ac-nice.fr\/wp-content\/uploads\/sites\/120\/2013\/10\/dsc02080-300x168.jpg 300w\" sizes=\"auto, (max-width: 323px) 100vw, 323px\" \/><\/div>\n<h3><span style=\"font-size: medium;\"><span style=\"color: #000080;\"><span style=\"text-decoration: underline;\">D\u00e9part pour l&rsquo;h\u00e9bergement<\/span><\/span><\/span><\/h3>\n<div><span style=\"font-size: medium;\">&nbsp;<\/span><\/div>\n<div><span style=\"font-size: medium;\"><img loading=\"lazy\" decoding=\"async\" class=\" size-full wp-image-236\" src=\"http:\/\/wmu.ac-nice.fr\/clg-albrecht\/wp-content\/uploads\/sites\/120\/2013\/10\/dsc02098.jpg\" alt=\"\" border=\"0\" width=\"323\" height=\"181\" srcset=\"https:\/\/www.clg-berty-albrecht.ac-nice.fr\/wp-content\/uploads\/sites\/120\/2013\/10\/dsc02098.jpg 323w, https:\/\/www.clg-berty-albrecht.ac-nice.fr\/wp-content\/uploads\/sites\/120\/2013\/10\/dsc02098-300x168.jpg 300w\" sizes=\"auto, (max-width: 323px) 100vw, 323px\" \/><\/span><\/div>\n<div><span style=\"font-size: medium;\">&nbsp;<\/span><\/div>\n<div><span style=\"font-size: medium;\"><span style=\"font-size: medium;\"><span style=\"color: #000000;\">Nous sommes alors partis \u00e0 pied jusqu&rsquo;au m\u00e9tro \u00ab\u00a0Palais Royal &#8211; Mus\u00e9e du Louvre\u00a0\u00bb, afin que les \u00e9l\u00e8ves puissent en profiter pour voir Paris depuis les quais de Seine et l&rsquo;ext\u00e9rieur du mus\u00e9e du Louvre.<\/span><\/span><\/span><\/div>\n<div><span style=\"font-size: medium;\">&nbsp;<\/span><\/div>\n<div><span style=\"font-size: medium;\"><img loading=\"lazy\" decoding=\"async\" class=\" size-full wp-image-237\" src=\"http:\/\/wmu.ac-nice.fr\/clg-albrecht\/wp-content\/uploads\/sites\/120\/2013\/10\/dsc02102.jpg\" alt=\"\" border=\"0\" width=\"362\" height=\"204\" srcset=\"https:\/\/www.clg-berty-albrecht.ac-nice.fr\/wp-content\/uploads\/sites\/120\/2013\/10\/dsc02102.jpg 362w, https:\/\/www.clg-berty-albrecht.ac-nice.fr\/wp-content\/uploads\/sites\/120\/2013\/10\/dsc02102-300x169.jpg 300w\" sizes=\"auto, (max-width: 362px) 100vw, 362px\" \/><\/span><\/div>\n<div><span style=\"font-size: medium;\">&nbsp;<\/span><\/div>\n","protected":false},"excerpt":{"rendered":"<p>Vendredi 4 octobre : D\u00e9part en m\u00e9tro : Visite de la m\u00e9nagerie Participation au festival Pariscience Une derni\u00e8re restauration au Mc Donald&rsquo;s : Jeudi 3 octobre : Atelier Math\u00e9magie Exposition \u00ab\u00a0Le Grand R\u00e9cit de l&rsquo;Univers\u00a0\u00bb D\u00e9jeuner au Quick La G\u00e9ode Mercredi 2 octobre : Visite de la Grande Galerie de l&rsquo;Evolution Un conf\u00e9rencier nous a [&hellip;]<\/p>\n","protected":false},"author":448,"featured_media":190,"comment_status":"closed","ping_status":"closed","sticky":false,"template":"","format":"standard","meta":{"ngg_post_thumbnail":0,"footnotes":""},"categories":[72],"tags":[],"class_list":["post-238","post","type-post","status-publish","format-standard","has-post-thumbnail","hentry","category-voyage-scientifique-a-paris"],"_links":{"self":[{"href":"https:\/\/www.clg-berty-albrecht.ac-nice.fr\/index.php?rest_route=\/wp\/v2\/posts\/238","targetHints":{"allow":["GET"]}}],"collection":[{"href":"https:\/\/www.clg-berty-albrecht.ac-nice.fr\/index.php?rest_route=\/wp\/v2\/posts"}],"about":[{"href":"https:\/\/www.clg-berty-albrecht.ac-nice.fr\/index.php?rest_route=\/wp\/v2\/types\/post"}],"author":[{"embeddable":true,"href":"https:\/\/www.clg-berty-albrecht.ac-nice.fr\/index.php?rest_route=\/wp\/v2\/users\/448"}],"replies":[{"embeddable":true,"href":"https:\/\/www.clg-berty-albrecht.ac-nice.fr\/index.php?rest_route=%2Fwp%2Fv2%2Fcomments&post=238"}],"version-history":[{"count":0,"href":"https:\/\/www.clg-berty-albrecht.ac-nice.fr\/index.php?rest_route=\/wp\/v2\/posts\/238\/revisions"}],"wp:featuredmedia":[{"embeddable":true,"href":"https:\/\/www.clg-berty-albrecht.ac-nice.fr\/index.php?rest_route=\/wp\/v2\/media\/190"}],"wp:attachment":[{"href":"https:\/\/www.clg-berty-albrecht.ac-nice.fr\/index.php?rest_route=%2Fwp%2Fv2%2Fmedia&parent=238"}],"wp:term":[{"taxonomy":"category","embeddable":true,"href":"https:\/\/www.clg-berty-albrecht.ac-nice.fr\/index.php?rest_route=%2Fwp%2Fv2%2Fcategories&post=238"},{"taxonomy":"post_tag","embeddable":true,"href":"https:\/\/www.clg-berty-albrecht.ac-nice.fr\/index.php?rest_route=%2Fwp%2Fv2%2Ftags&post=238"}],"curies":[{"name":"wp","href":"https:\/\/api.w.org\/{rel}","templated":true}]}}