{"id":23,"date":"2008-08-11T06:00:00","date_gmt":"2008-08-11T04:00:00","guid":{"rendered":"https:\/\/wmu.ac-nice.fr\/clg-albrecht\/2008\/08\/11\/qui-etait-berty-albrecht\/"},"modified":"2020-03-21T18:42:55","modified_gmt":"2020-03-21T17:42:55","slug":"qui-etait-berty-albrecht","status":"publish","type":"post","link":"https:\/\/www.clg-berty-albrecht.ac-nice.fr\/?p=23","title":{"rendered":"Qui \u00e9tait Berty Albrecht?"},"content":{"rendered":"<figure id=\"attachment_21\" aria-describedby=\"caption-attachment-21\" style=\"width: 623px\" class=\"wp-caption alignnone\"><a href=\"https:\/\/www.clg-berty-albrecht.ac-nice.fr\/wp-content\/uploads\/sites\/120\/2008\/08\/Berty1.jpg\"><img loading=\"lazy\" decoding=\"async\" class=\"wp-image-21 size-full\" style=\"border: 1px solid black;float: left\" title=\"Berty Albrecht dans les ann\u00e9es 30\" src=\"https:\/\/www.clg-berty-albrecht.ac-nice.fr\/wp-content\/uploads\/sites\/120\/2008\/08\/Berty1.jpg\" alt=\"\" width=\"623\" height=\"864\" border=\"0\" srcset=\"https:\/\/www.clg-berty-albrecht.ac-nice.fr\/wp-content\/uploads\/sites\/120\/2008\/08\/Berty1.jpg 623w, https:\/\/www.clg-berty-albrecht.ac-nice.fr\/wp-content\/uploads\/sites\/120\/2008\/08\/Berty1-216x300.jpg 216w\" sizes=\"auto, (max-width: 623px) 100vw, 623px\" \/><\/a><figcaption id=\"caption-attachment-21\" class=\"wp-caption-text\">Berty Albrecht dans les ann\u00e9es 30<\/figcaption><\/figure>\n<p><img loading=\"lazy\" decoding=\"async\" class=\" size-full wp-image-22\" style=\"border: 1px solid black\" src=\"http:\/\/wmu.ac-nice.fr\/clg-albrecht\/wp-content\/uploads\/sites\/120\/2008\/08\/Berty2.jpg\" width=\"146\" height=\"192\" border=\"0\" srcset=\"https:\/\/www.clg-berty-albrecht.ac-nice.fr\/wp-content\/uploads\/sites\/120\/2008\/08\/Berty2.jpg 608w, https:\/\/www.clg-berty-albrecht.ac-nice.fr\/wp-content\/uploads\/sites\/120\/2008\/08\/Berty2-228x300.jpg 228w\" sizes=\"auto, (max-width: 146px) 100vw, 146px\" \/><\/p>\n<p><span style=\"text-decoration: underline\">Dans les ann\u00e9es 1930<\/span> <span style=\"text-decoration: underline\"> Un mois avant son arrestation<\/span><\/p>\n<p>&nbsp;<\/p>\n<p>&nbsp;<\/p>\n<p style=\"margin-bottom: 0cm\" align=\"JUSTIFY\">N\u00e9e \u00e0 Marseille le 15 f\u00e9vrier 1893 dans une famille protestante venue de Suisse (les Wild), elle appartient \u00e0 la bonne bourgeoisie marseillaise. Infirmi\u00e8re de la Croix-Rouge, Berty joue un r\u00f4le important<\/p>\n<p style=\"margin-bottom: 0cm\" align=\"JUSTIFY\">dans les h\u00f4pitaux militaires pendant la guerre 1914-1918. Mari\u00e9e \u00e0 un banquier, m\u00e8re de deux enfants, elle se passionne pour la justice sociale et milite pour les droits des femmes en particulier apr\u00e8s avoir rencontr\u00e9 des socialistes et f\u00e9ministes anglaises lors de son s\u00e9jour \u00e0 Londres o\u00f9 elle r\u00e9side avec sa famille entre 1924 et 1931.<\/p>\n<p style=\"margin-bottom: 0cm\" align=\"JUSTIFY\">&nbsp;<\/p>\n<p style=\"margin-bottom: 0cm\" align=\"JUSTIFY\">Install\u00e9e \u00e0 Paris en 1931, elle fonde une revue o\u00f9 elle r\u00e9clame pour la femme l&rsquo;\u00e9galit\u00e9 dans la famille et des droits li\u00e9s \u00e0 la contraception qui est alors interdite et r\u00e9prim\u00e9e en France<\/p>\n<p style=\"text-indent: 1.25cm;margin-bottom: 0cm\" align=\"JUSTIFY\">Membre de la Ligue des Droits de l&rsquo;Homme, elle lutte pour la paix et apporte son soutien aux r\u00e9fugi\u00e9s allemands victimes du nazisme \u00e0 partir de 1933. Entre 1930 et 1938 elle r\u00e9side souvent \u00e0 Ste-Maxime o\u00f9 elle poss\u00e8de une maison&nbsp;: la Farigoulette (Beauvallon.) En 1937, elle devient surintendante d&rsquo;usine (assistante sociale) pour travailler \u00e0 l&rsquo;am\u00e9lioration de la condition ouvri\u00e8re.<\/p>\n<p style=\"margin-bottom: 0cm\" align=\"JUSTIFY\">&nbsp;<\/p>\n<p style=\"text-indent: 1.25cm;margin-bottom: 0cm\" align=\"JUSTIFY\">Apr\u00e8s la d\u00e9faite de la France face \u00e0 l&rsquo;Allemagne nazie en juin 1940, elle entre en R\u00e9sistance au mois de d\u00e9cembre. Elle fonde avec Henri Frenay le mouvement : Combat. Arr\u00eat\u00e9e deux fois en 1942 par la police de Vichy, elle parvient \u00e0 s&rsquo;\u00e9chapper. Elle \u00e9crit \u00e0 son mari : \u00ab\u00a0La vie ne vaut pas cher, mourir n&rsquo;est pas grave. Le tout, c&rsquo;est de vivre conform\u00e9ment \u00e0 l&rsquo;honneur et \u00e0 l&rsquo;id\u00e9al qu&rsquo;on se fait.\u00a0\u00bb<\/p>\n<p style=\"margin-bottom: 0cm\" align=\"JUSTIFY\">&nbsp;<\/p>\n<p style=\"margin-bottom: 0cm\" align=\"JUSTIFY\">De nouveau arr\u00eat\u00e9e, le 28 mai 1943, \u00e0 M\u00e2con par la Gestapo cette fois, elle subit des tortures. Transf\u00e9r\u00e9e, \u00e0 Paris \u00e0 la prison de Fresnes, on ne la reverra plus vivante. Son d\u00e9c\u00e8s est enregistr\u00e9 le 31 mai, les causes sont rest\u00e9es longtemps inconnues, son corps retrouv\u00e9 dans le cimeti\u00e8re de la prison en mai 1945 ne permet dans d\u00e9terminer la cause. Il est admis qu\u2019elle s\u2019est donn\u00e9e la mort par pendaison. Elle sera inhum\u00e9e au Mont Val\u00e9rien avec 15 autres Compagnons de la Lib\u00e9ration dont une autre femme. Elle recevra de nombreuses d\u00e9corations \u00e0 titre posthume dont celle de la M\u00e9daille militaire, rarement attribu\u00e9e \u00e0 une femme.<\/p>\n<p style=\"margin-bottom: 0cm\" align=\"JUSTIFY\">&nbsp;<\/p>\n<p style=\"text-align: center\">&nbsp;<\/p>\n<p style=\"text-align: justify\"><span style=\"font-size: small\"><span style=\"font-family: book antiqua,palatino\">Les valeurs qu\u2019elle incarne \u2013d\u00e9vouement, engagement pour les autres, don de soi, courage, lucidit\u00e9 dans l\u2019action, opini\u00e2tret\u00e9 dans les combats contre l\u2019inacceptable- si elle les a port\u00e9es \u00e0 un niveau exceptionnel, sont celles de la R\u00e9publique, celles de la citoyennet\u00e9. Elles doivent donc, naturellement, constituer le fondement d\u2019un projet \u00e9ducatif actuel et moderne, le n\u00f4tre. Et si nous avons choisi de donner le nom de cette femme, exemplaire \u00e0 plus d\u2019un titre, \u00e0 notre coll\u00e8ge, c\u2019est pour ne jamais l\u2019oublier.<\/span><\/span><\/p>\n<p style=\"text-align: right\"><strong><span style=\"font-size: small\"><span style=\"font-family: book antiqua,palatino\">Le Principal<\/span><\/span><\/strong><\/p>\n<p style=\"text-align: justify\">&nbsp;<\/p>\n<p style=\"text-align: justify\">&nbsp;<\/p>\n<div id=\"_mcePaste\" style=\"width: 1px;height: 1px;overflow: hidden\">\n<p><!-- @page { margin: 2cm } P { margin-bottom: 0.21cm } --><\/p>\n<p style=\"margin-bottom: 0cm\"><span style=\"font-size: medium\"><strong>Berty ALBRECHT (1893-1943)<\/strong><\/span><\/p>\n<p style=\"margin-bottom: 0cm\">&nbsp;<\/p>\n<p style=\"margin-bottom: 0cm\">&nbsp;<\/p>\n<p style=\"margin-bottom: 0cm\">&nbsp;<\/p>\n<p style=\"margin-bottom: 0cm\"><span id=\"Cadre1\" style=\"float: left;width: 6.76cm;height: 8.2cm;border: 1px solid #000000;padding: 0.14cm 0.26cm;background: none repeat scroll 0% 0% #ffffff\">&nbsp;<\/span><\/p>\n<p>&nbsp;<\/p>\n<p style=\"margin-bottom: 0cm\">&nbsp;<\/p>\n<p style=\"margin-bottom: 0cm\">&nbsp;<\/p>\n<p style=\"margin-bottom: 0cm\">&nbsp;<\/p>\n<p style=\"margin-bottom: 0cm\">&nbsp;<\/p>\n<p style=\"margin-bottom: 0cm\">&nbsp;<\/p>\n<p style=\"margin-bottom: 0cm\">&nbsp;<\/p>\n<p style=\"margin-bottom: 0cm\">&nbsp;<\/p>\n<p style=\"margin-bottom: 0cm\">&nbsp;<\/p>\n<p style=\"margin-bottom: 0cm\">&nbsp;<\/p>\n<p style=\"margin-bottom: 0cm\">&nbsp;<\/p>\n<p style=\"margin-bottom: 0cm\">&nbsp;<\/p>\n<p style=\"margin-bottom: 0cm\">&nbsp;<\/p>\n<p style=\"margin-bottom: 0cm\">&nbsp;<\/p>\n<p style=\"margin-bottom: 0cm\">&nbsp;<\/p>\n<p style=\"margin-bottom: 0cm\"><span style=\"font-family: Arial,sans-serif\"><span style=\"font-size: x-small\">Dans les ann\u00e9es 1930. Un mois avant son arrestation.<\/span><\/span><\/p>\n<p style=\"margin-bottom: 0cm\">&nbsp;<\/p>\n<p style=\"margin-bottom: 0cm\">&nbsp;<\/p>\n<p style=\"margin-bottom: 0cm\" align=\"JUSTIFY\">&nbsp;<\/p>\n<p style=\"margin-bottom: 0cm\" align=\"JUSTIFY\">N\u00e9e \u00e0 Marseille le 15 f\u00e9vrier 1893 dans une famille protestante venue de Suisse (les Wild), elle appartient \u00e0 la bonne bourgeoisie marseillaise. Infirmi\u00e8re de la Croix-Rouge, Berty joue un r\u00f4le important<\/p>\n<p style=\"margin-bottom: 0cm\" align=\"JUSTIFY\">dans les h\u00f4pitaux militaires pendant la guerre 1914-1918. Mari\u00e9e \u00e0 un banquier, m\u00e8re de deux enfants, elle se passionne pour la justice sociale et milite pour les droits des femmes en particulier apr\u00e8s avoir rencontr\u00e9 des socialistes et f\u00e9ministes anglaises lors de son s\u00e9jour \u00e0 Londres o\u00f9 elle r\u00e9side avec sa famille entre 1924 et 1931.<\/p>\n<p style=\"margin-bottom: 0cm\" align=\"JUSTIFY\">&nbsp;<\/p>\n<p style=\"margin-bottom: 0cm\" align=\"JUSTIFY\">Install\u00e9e \u00e0 Paris en 1931, elle fonde une revue o\u00f9 elle r\u00e9clame pour la femme l&rsquo;\u00e9galit\u00e9 dans la famille et des droits li\u00e9s \u00e0 la contraception qui est alors interdite et r\u00e9prim\u00e9e en France<\/p>\n<p style=\"text-indent: 1.25cm;margin-bottom: 0cm\" align=\"JUSTIFY\">Membre de la Ligue des Droits de l&rsquo;Homme, elle lutte pour la paix et apporte son soutien aux r\u00e9fugi\u00e9s allemands victimes du nazisme \u00e0 partir de 1933. Entre 1930 et 1938 elle r\u00e9side souvent \u00e0 Ste-Maxime o\u00f9 elle poss\u00e8de une maison&nbsp;: la Farigoulette (Beauvallon.) En 1937, elle devient surintendante d&rsquo;usine (assistante sociale) pour travailler \u00e0 l&rsquo;am\u00e9lioration de la condition ouvri\u00e8re.<\/p>\n<p style=\"margin-bottom: 0cm\" align=\"JUSTIFY\">&nbsp;<\/p>\n<p style=\"text-indent: 1.25cm;margin-bottom: 0cm\" align=\"JUSTIFY\">Apr\u00e8s la d\u00e9faite de la France face \u00e0 l&rsquo;Allemagne nazie en juin 1940, elle entre en R\u00e9sistance au mois de d\u00e9cembre. Elle fonde avec Henri Frenay le mouvement : Combat. Arr\u00eat\u00e9e deux fois en 1942 par la police de Vichy, elle parvient \u00e0 s&rsquo;\u00e9chapper. Elle \u00e9crit \u00e0 son mari : \u00ab\u00a0La vie ne vaut pas cher, mourir n&rsquo;est pas grave. Le tout, c&rsquo;est de vivre conform\u00e9ment \u00e0 l&rsquo;honneur et \u00e0 l&rsquo;id\u00e9al qu&rsquo;on se fait.\u00a0\u00bb<\/p>\n<p style=\"margin-bottom: 0cm\" align=\"JUSTIFY\">&nbsp;<\/p>\n<p style=\"margin-bottom: 0cm\" align=\"JUSTIFY\">De nouveau arr\u00eat\u00e9e, le 28 mai 1943, \u00e0 M\u00e2con par la Gestapo cette fois, elle subit des tortures. Transf\u00e9r\u00e9e, \u00e0 Paris \u00e0 la prison de Fresnes, on ne la reverra plus vivante. Son d\u00e9c\u00e8s est enregistr\u00e9 le 31 mai, les causes sont rest\u00e9es longtemps inconnues, son corps retrouv\u00e9 dans le cimeti\u00e8re de la prison en mai 1945 ne permet dans d\u00e9terminer la cause. Il est admis qu\u2019elle s\u2019est donn\u00e9e la mort par pendaison. Elle sera inhum\u00e9e au Mont Val\u00e9rien avec 15 autres Compagnons de la Lib\u00e9ration dont une autre femme. Elle recevra de nombreuses d\u00e9corations \u00e0 titre posthume dont celle de la M\u00e9daille militaire, rarement attribu\u00e9e \u00e0 une femme.<\/p>\n<p style=\"margin-bottom: 0cm\" align=\"JUSTIFY\">&nbsp;<\/p>\n<\/div>\n","protected":false},"excerpt":{"rendered":"<p>Dans les ann\u00e9es 1930 Un mois avant son arrestation &nbsp; &nbsp; N\u00e9e \u00e0 Marseille le 15 f\u00e9vrier 1893 dans une famille protestante venue de Suisse (les Wild), elle appartient \u00e0 la bonne bourgeoisie marseillaise. Infirmi\u00e8re de la Croix-Rouge, Berty joue un r\u00f4le important dans les h\u00f4pitaux militaires pendant la guerre 1914-1918. Mari\u00e9e \u00e0 un banquier, [&hellip;]<\/p>\n","protected":false},"author":448,"featured_media":21,"comment_status":"closed","ping_status":"closed","sticky":false,"template":"","format":"standard","meta":{"ngg_post_thumbnail":0,"footnotes":""},"categories":[112],"tags":[],"class_list":["post-23","post","type-post","status-publish","format-standard","has-post-thumbnail","hentry","category-qui-etait-berty-albrecht"],"_links":{"self":[{"href":"https:\/\/www.clg-berty-albrecht.ac-nice.fr\/index.php?rest_route=\/wp\/v2\/posts\/23","targetHints":{"allow":["GET"]}}],"collection":[{"href":"https:\/\/www.clg-berty-albrecht.ac-nice.fr\/index.php?rest_route=\/wp\/v2\/posts"}],"about":[{"href":"https:\/\/www.clg-berty-albrecht.ac-nice.fr\/index.php?rest_route=\/wp\/v2\/types\/post"}],"author":[{"embeddable":true,"href":"https:\/\/www.clg-berty-albrecht.ac-nice.fr\/index.php?rest_route=\/wp\/v2\/users\/448"}],"replies":[{"embeddable":true,"href":"https:\/\/www.clg-berty-albrecht.ac-nice.fr\/index.php?rest_route=%2Fwp%2Fv2%2Fcomments&post=23"}],"version-history":[{"count":0,"href":"https:\/\/www.clg-berty-albrecht.ac-nice.fr\/index.php?rest_route=\/wp\/v2\/posts\/23\/revisions"}],"wp:featuredmedia":[{"embeddable":true,"href":"https:\/\/www.clg-berty-albrecht.ac-nice.fr\/index.php?rest_route=\/wp\/v2\/media\/21"}],"wp:attachment":[{"href":"https:\/\/www.clg-berty-albrecht.ac-nice.fr\/index.php?rest_route=%2Fwp%2Fv2%2Fmedia&parent=23"}],"wp:term":[{"taxonomy":"category","embeddable":true,"href":"https:\/\/www.clg-berty-albrecht.ac-nice.fr\/index.php?rest_route=%2Fwp%2Fv2%2Fcategories&post=23"},{"taxonomy":"post_tag","embeddable":true,"href":"https:\/\/www.clg-berty-albrecht.ac-nice.fr\/index.php?rest_route=%2Fwp%2Fv2%2Ftags&post=23"}],"curies":[{"name":"wp","href":"https:\/\/api.w.org\/{rel}","templated":true}]}}