{"id":20,"date":"2008-08-12T22:33:10","date_gmt":"2008-08-12T20:33:10","guid":{"rendered":"https:\/\/wmu.ac-nice.fr\/clg-albrecht\/2008\/08\/12\/presentation-du-college\/"},"modified":"2020-03-21T18:53:29","modified_gmt":"2020-03-21T17:53:29","slug":"presentation-du-college","status":"publish","type":"post","link":"https:\/\/www.clg-berty-albrecht.ac-nice.fr\/?p=20","title":{"rendered":"Pr\u00e9sentation du coll\u00e8ge"},"content":{"rendered":"<p align=\"center\">&nbsp;<\/p>\n<p style=\"text-align: center\"><span style=\"font-size: xx-large\"><span style=\"color: #f5f009\"><span style=\"font-family: book antiqua,palatino\"><strong><span style=\"font-family: times new roman,times\">Un environnement hors du commun<\/span><\/strong><\/span><\/span><\/span><\/p>\n<p style=\"text-align: center\"><span style=\"font-size: large\"><span style=\"font-family: book antiqua,palatino\"><strong><span style=\"font-family: times new roman,times\"><span style=\"font-size: x-large\"><a href=\"https:\/\/www.clg-berty-albrecht.ac-nice.fr\/wp-content\/uploads\/sites\/120\/2020\/01\/Image1.jpg\"><img loading=\"lazy\" decoding=\"async\" class=\"alignnone  wp-image-715\" src=\"https:\/\/www.clg-berty-albrecht.ac-nice.fr\/wp-content\/uploads\/sites\/120\/2020\/01\/Image1.jpg\" alt=\"Coll\u00e8ge BERTY ALBRECHT Sainte MAXIME Sainte MAXIME\" width=\"676\" height=\"372\" srcset=\"https:\/\/www.clg-berty-albrecht.ac-nice.fr\/wp-content\/uploads\/sites\/120\/2020\/01\/Image1.jpg 527w, https:\/\/www.clg-berty-albrecht.ac-nice.fr\/wp-content\/uploads\/sites\/120\/2020\/01\/Image1-300x165.jpg 300w\" sizes=\"auto, (max-width: 676px) 100vw, 676px\" \/><\/a><\/span><\/span><\/strong><\/span><\/span><\/p>\n<p>&nbsp;<\/p>\n<p><span style=\"font-size: large\"><span style=\"font-family: times new roman,times\">Situ\u00e9 au pied des collines, \u00e0 proximit\u00e9 imm\u00e9diate du plateau sportif et du parc aquatique, au nord de l\u2019agglom\u00e9ration maximoise, le coll\u00e8ge Berty Albrecht b\u00e9n\u00e9ficie d\u2019une architecture innovante et adapt\u00e9e.<\/span><\/span><\/p>\n<p><span style=\"font-size: large\"><span style=\"font-family: times new roman,times\">Les b\u00e2timents et les \u00e9quipements ext\u00e9rieurs proposent tout ce qui est n\u00e9cessaire -et m\u00eame plus- pour bien \u00e9tudier et pour vivre ensemble, \u00e9l\u00e8ves, professeurs, personnel administratif et technique, tout au long de l\u2019ann\u00e9e scolaire.<\/span><\/span><\/p>\n<p>&nbsp;<\/p>\n<p><a href=\"https:\/\/www.clg-berty-albrecht.ac-nice.fr\/wp-content\/uploads\/sites\/120\/2008\/08\/prsentationcollge.jpg\"><img loading=\"lazy\" decoding=\"async\" class=\" wp-image-19 aligncenter\" src=\"https:\/\/www.clg-berty-albrecht.ac-nice.fr\/wp-content\/uploads\/sites\/120\/2008\/08\/prsentationcollge.jpg\" alt=\"\" width=\"629\" height=\"420\" srcset=\"https:\/\/www.clg-berty-albrecht.ac-nice.fr\/wp-content\/uploads\/sites\/120\/2008\/08\/prsentationcollge.jpg 607w, https:\/\/www.clg-berty-albrecht.ac-nice.fr\/wp-content\/uploads\/sites\/120\/2008\/08\/prsentationcollge-300x200.jpg 300w\" sizes=\"auto, (max-width: 629px) 100vw, 629px\" \/><\/a><\/p>\n<p style=\"text-align: center\"><span style=\"font-size: small\"><span style=\"font-family: times new roman,times\"><span style=\"font-size: medium\">&nbsp;<\/span><\/span><\/span><\/p>\n<p style=\"text-align: center\">&nbsp;<\/p>\n<p style=\"text-align: center\">&nbsp;<\/p>\n","protected":false},"excerpt":{"rendered":"<p>&nbsp; Un environnement hors du commun &nbsp; Situ\u00e9 au pied des collines, \u00e0 proximit\u00e9 imm\u00e9diate du plateau sportif et du parc aquatique, au nord de l\u2019agglom\u00e9ration maximoise, le coll\u00e8ge Berty Albrecht b\u00e9n\u00e9ficie d\u2019une architecture innovante et adapt\u00e9e. Les b\u00e2timents et les \u00e9quipements ext\u00e9rieurs proposent tout ce qui est n\u00e9cessaire -et m\u00eame plus- pour bien \u00e9tudier [&hellip;]<\/p>\n","protected":false},"author":448,"featured_media":0,"comment_status":"closed","ping_status":"closed","sticky":false,"template":"","format":"standard","meta":{"ngg_post_thumbnail":0,"footnotes":""},"categories":[54],"tags":[],"class_list":["post-20","post","type-post","status-publish","format-standard","hentry","category-le-college-vu-du-ciel"],"_links":{"self":[{"href":"https:\/\/www.clg-berty-albrecht.ac-nice.fr\/index.php?rest_route=\/wp\/v2\/posts\/20","targetHints":{"allow":["GET"]}}],"collection":[{"href":"https:\/\/www.clg-berty-albrecht.ac-nice.fr\/index.php?rest_route=\/wp\/v2\/posts"}],"about":[{"href":"https:\/\/www.clg-berty-albrecht.ac-nice.fr\/index.php?rest_route=\/wp\/v2\/types\/post"}],"author":[{"embeddable":true,"href":"https:\/\/www.clg-berty-albrecht.ac-nice.fr\/index.php?rest_route=\/wp\/v2\/users\/448"}],"replies":[{"embeddable":true,"href":"https:\/\/www.clg-berty-albrecht.ac-nice.fr\/index.php?rest_route=%2Fwp%2Fv2%2Fcomments&post=20"}],"version-history":[{"count":0,"href":"https:\/\/www.clg-berty-albrecht.ac-nice.fr\/index.php?rest_route=\/wp\/v2\/posts\/20\/revisions"}],"wp:attachment":[{"href":"https:\/\/www.clg-berty-albrecht.ac-nice.fr\/index.php?rest_route=%2Fwp%2Fv2%2Fmedia&parent=20"}],"wp:term":[{"taxonomy":"category","embeddable":true,"href":"https:\/\/www.clg-berty-albrecht.ac-nice.fr\/index.php?rest_route=%2Fwp%2Fv2%2Fcategories&post=20"},{"taxonomy":"post_tag","embeddable":true,"href":"https:\/\/www.clg-berty-albrecht.ac-nice.fr\/index.php?rest_route=%2Fwp%2Fv2%2Ftags&post=20"}],"curies":[{"name":"wp","href":"https:\/\/api.w.org\/{rel}","templated":true}]}}