{"id":181,"date":"2013-05-30T10:09:00","date_gmt":"2013-05-30T08:09:00","guid":{"rendered":"https:\/\/wmu.ac-nice.fr\/clg-albrecht\/2013\/05\/30\/30-ans-dechange-scolaire\/"},"modified":"2013-05-30T10:09:00","modified_gmt":"2013-05-30T08:09:00","slug":"30-ans-dechange-scolaire","status":"publish","type":"post","link":"https:\/\/www.clg-berty-albrecht.ac-nice.fr\/?p=181","title":{"rendered":"30 ANS D&rsquo;ECHANGE SCOLAIRE"},"content":{"rendered":"<p><span style=\"font-size: 14pt; color: #000000;\">Festivit\u00e9s 20 ans de jumelage franco-allemand :<\/span><\/p>\n<p><span style=\"font-size: 14pt; color: #000000;\">&nbsp;<span style=\"color: #ff0000;\">du 4 au 6 octobre 2013.<\/span><\/span><\/p>\n<p><span style=\"font-size: 14pt; color: #993366;\">&nbsp;<\/span>&nbsp;<span style=\"font-size: 14pt; color: #ffff00;\">Des \u00e9changes laissent des traces, forment nos souvenirs&#8230;. A lire sans mod\u00e9ration.<\/span><\/p>\n<table style=\"height: 389px; width: 476px;\">\n<tbody>\n<tr>\n<td>&nbsp;<a title=\"JAHRESZEITUNG \u00dcBER 30 JAHRE AUSTAUSCH\" href=\"images\/ALLEMAGNE\/journal_des_30_ans.pdf\" target=\"_blank\" rel=\"noopener noreferrer\"><img loading=\"lazy\" decoding=\"async\" src=\"images\/ALLEMAGNE\/echange.jpg\" alt=\"echange\" width=\"227\" height=\"256\" \/><\/a><\/td>\n<td>\n<p align=\"left\"><span style=\"font-size: 8pt;\">Tout au long de l\u2019ann\u00e9e scolaire<\/span><\/p>\n<p align=\"left\"><span style=\"font-size: 8pt;\">2012\/13, des \u00e9l\u00e8ves de Seconde du<\/span><\/p>\n<p align=\"left\"><span style=\"font-size: 8pt;\">Lyc\u00e9e Neuenb\u00fcrg et de 3\u00e8me<\/span><\/p>\n<p align=\"left\"><span style=\"font-size: 8pt;\">europ\u00e9enne du Coll\u00e8ge Berty<\/span><\/p>\n<p align=\"left\"><span style=\"font-size: 8pt;\">Albrecht ont, avec leurs professeurs<\/span><\/p>\n<p align=\"left\"><span style=\"font-size: 8pt;\">respectifs Mmes Kolakowski et<\/span><\/p>\n<p align=\"left\"><span style=\"font-size: 8pt;\">F\u00e9dit, r\u00e9alis\u00e9 des interviews aupr\u00e8s<\/span><\/p>\n<p align=\"left\"><span style=\"font-size: 8pt;\">d\u2019anciens participants \u00e0 l\u2019\u00e9change<\/span><\/p>\n<p align=\"left\"><span style=\"font-size: 8pt;\">entre les deux \u00e9tablissements qui<\/span><\/p>\n<p align=\"left\"><span style=\"font-size: 8pt;\">perdure maintenant depuis 30 ans.<\/span><\/p>\n<p align=\"left\">&nbsp;<\/p>\n<p><span style=\"font-size: 8pt;\">&nbsp;<\/span><\/p>\n<p align=\"left\"><span style=\"font-size: 8pt;\">&nbsp;<\/span>&nbsp;<\/p>\n<p>&nbsp;<\/p>\n<p align=\"left\"><span style=\"font-size: 8pt;\">&nbsp;<\/span><\/p>\n<\/td>\n<\/tr>\n<\/tbody>\n<\/table>\n","protected":false},"excerpt":{"rendered":"<p>Festivit\u00e9s 20 ans de jumelage franco-allemand : &nbsp;du 4 au 6 octobre 2013. &nbsp;&nbsp;Des \u00e9changes laissent des traces, forment nos souvenirs&#8230;. A lire sans mod\u00e9ration. &nbsp; Tout au long de l\u2019ann\u00e9e scolaire 2012\/13, des \u00e9l\u00e8ves de Seconde du Lyc\u00e9e Neuenb\u00fcrg et de 3\u00e8me europ\u00e9enne du Coll\u00e8ge Berty Albrecht ont, avec leurs professeurs respectifs Mmes Kolakowski [&hellip;]<\/p>\n","protected":false},"author":448,"featured_media":0,"comment_status":"closed","ping_status":"closed","sticky":false,"template":"","format":"standard","meta":{"ngg_post_thumbnail":0,"footnotes":""},"categories":[74],"tags":[],"class_list":["post-181","post","type-post","status-publish","format-standard","hentry","category-allemand"],"_links":{"self":[{"href":"https:\/\/www.clg-berty-albrecht.ac-nice.fr\/index.php?rest_route=\/wp\/v2\/posts\/181","targetHints":{"allow":["GET"]}}],"collection":[{"href":"https:\/\/www.clg-berty-albrecht.ac-nice.fr\/index.php?rest_route=\/wp\/v2\/posts"}],"about":[{"href":"https:\/\/www.clg-berty-albrecht.ac-nice.fr\/index.php?rest_route=\/wp\/v2\/types\/post"}],"author":[{"embeddable":true,"href":"https:\/\/www.clg-berty-albrecht.ac-nice.fr\/index.php?rest_route=\/wp\/v2\/users\/448"}],"replies":[{"embeddable":true,"href":"https:\/\/www.clg-berty-albrecht.ac-nice.fr\/index.php?rest_route=%2Fwp%2Fv2%2Fcomments&post=181"}],"version-history":[{"count":0,"href":"https:\/\/www.clg-berty-albrecht.ac-nice.fr\/index.php?rest_route=\/wp\/v2\/posts\/181\/revisions"}],"wp:attachment":[{"href":"https:\/\/www.clg-berty-albrecht.ac-nice.fr\/index.php?rest_route=%2Fwp%2Fv2%2Fmedia&parent=181"}],"wp:term":[{"taxonomy":"category","embeddable":true,"href":"https:\/\/www.clg-berty-albrecht.ac-nice.fr\/index.php?rest_route=%2Fwp%2Fv2%2Fcategories&post=181"},{"taxonomy":"post_tag","embeddable":true,"href":"https:\/\/www.clg-berty-albrecht.ac-nice.fr\/index.php?rest_route=%2Fwp%2Fv2%2Ftags&post=181"}],"curies":[{"name":"wp","href":"https:\/\/api.w.org\/{rel}","templated":true}]}}