{"id":18,"date":"2008-08-11T04:22:14","date_gmt":"2008-08-11T02:22:14","guid":{"rendered":"https:\/\/wmu.ac-nice.fr\/clg-albrecht\/2008\/08\/11\/accompagnement-personnalise\/"},"modified":"2008-08-11T04:22:14","modified_gmt":"2008-08-11T02:22:14","slug":"accompagnement-personnalise","status":"publish","type":"post","link":"https:\/\/www.clg-berty-albrecht.ac-nice.fr\/?p=18","title":{"rendered":"Accompagnement personnalis\u00e9"},"content":{"rendered":"<p><span style=\"font-family: 'book antiqua', palatino; font-size: small;\"><span style=\"font-family: tahoma, arial, helvetica, sans-serif;\">Tous les \u00e9l\u00e8ves ont dans leur emploi du temps une heure d&rsquo;accompagnement personnalis\u00e9e, au cours de laquelle ils sont pris en charge par un profresseur ou un AED, afin de b\u00e9n\u00e9ficier d&rsquo;un soutien adapt\u00e9 \u00e0 chaque difficult\u00e9.<\/span><strong><i><br \/><\/i><\/strong><\/span><\/p>\n<p><span style=\"font-family: 'book antiqua', palatino; font-size: small;\"><span style=\"font-family: tahoma, arial, helvetica, sans-serif;\">&nbsp;<\/span><\/span><\/p>\n<p><span style=\"font-family: 'book antiqua', palatino; font-size: small;\"><span style=\"font-family: tahoma, arial, helvetica, sans-serif;\">&nbsp;<\/span><\/span><\/p>\n","protected":false},"excerpt":{"rendered":"<p>Tous les \u00e9l\u00e8ves ont dans leur emploi du temps une heure d&rsquo;accompagnement personnalis\u00e9e, au cours de laquelle ils sont pris en charge par un profresseur ou un AED, afin de b\u00e9n\u00e9ficier d&rsquo;un soutien adapt\u00e9 \u00e0 chaque difficult\u00e9. &nbsp; &nbsp;<\/p>\n","protected":false},"author":448,"featured_media":0,"comment_status":"closed","ping_status":"closed","sticky":false,"template":"","format":"standard","meta":{"ngg_post_thumbnail":0,"footnotes":""},"categories":[15],"tags":[],"class_list":["post-18","post","type-post","status-publish","format-standard","hentry","category-accompagnement-personnalise"],"_links":{"self":[{"href":"https:\/\/www.clg-berty-albrecht.ac-nice.fr\/index.php?rest_route=\/wp\/v2\/posts\/18","targetHints":{"allow":["GET"]}}],"collection":[{"href":"https:\/\/www.clg-berty-albrecht.ac-nice.fr\/index.php?rest_route=\/wp\/v2\/posts"}],"about":[{"href":"https:\/\/www.clg-berty-albrecht.ac-nice.fr\/index.php?rest_route=\/wp\/v2\/types\/post"}],"author":[{"embeddable":true,"href":"https:\/\/www.clg-berty-albrecht.ac-nice.fr\/index.php?rest_route=\/wp\/v2\/users\/448"}],"replies":[{"embeddable":true,"href":"https:\/\/www.clg-berty-albrecht.ac-nice.fr\/index.php?rest_route=%2Fwp%2Fv2%2Fcomments&post=18"}],"version-history":[{"count":0,"href":"https:\/\/www.clg-berty-albrecht.ac-nice.fr\/index.php?rest_route=\/wp\/v2\/posts\/18\/revisions"}],"wp:attachment":[{"href":"https:\/\/www.clg-berty-albrecht.ac-nice.fr\/index.php?rest_route=%2Fwp%2Fv2%2Fmedia&parent=18"}],"wp:term":[{"taxonomy":"category","embeddable":true,"href":"https:\/\/www.clg-berty-albrecht.ac-nice.fr\/index.php?rest_route=%2Fwp%2Fv2%2Fcategories&post=18"},{"taxonomy":"post_tag","embeddable":true,"href":"https:\/\/www.clg-berty-albrecht.ac-nice.fr\/index.php?rest_route=%2Fwp%2Fv2%2Ftags&post=18"}],"curies":[{"name":"wp","href":"https:\/\/api.w.org\/{rel}","templated":true}]}}