{"id":179,"date":"2013-05-27T16:21:56","date_gmt":"2013-05-27T14:21:56","guid":{"rendered":"https:\/\/wmu.ac-nice.fr\/clg-albrecht\/2013\/05\/27\/competition-unss-vtt-a-sainte-maxime-decembre-2012\/"},"modified":"2013-05-27T16:21:56","modified_gmt":"2013-05-27T14:21:56","slug":"competition-unss-vtt-a-sainte-maxime-decembre-2012","status":"publish","type":"post","link":"https:\/\/www.clg-berty-albrecht.ac-nice.fr\/?p=179","title":{"rendered":"Comp\u00e9tition U.N.S.S. VTT \u00e0 Sainte Maxime d\u00e9cembre 2012"},"content":{"rendered":"<p>Le VTT a l&rsquo;honneur lors de cette comp\u00e9tition dans notre terrain de jeux.<\/p>\n<p>Merci aux organisateurs : Maurice Chareun,Jean Claude Leclerc,Camille Sigana,No\u00e9mie Leclerc,Vincent Leclerc,Sandrine Leclerc,Tristan Bordesssoule, Isabelle Rouffilange et Martine Borelli nous ont r\u00e9gal\u00e9 .<\/p>\n<p>Superbes parcours, beau temps, tout pour plaire aux participants.<\/p>\n<p>{youtubejw}aT660oB2WKI{\/youtubejw}<\/p>\n","protected":false},"excerpt":{"rendered":"<p>Le VTT a l&rsquo;honneur lors de cette comp\u00e9tition dans notre terrain de jeux. Merci aux organisateurs : Maurice Chareun,Jean Claude Leclerc,Camille Sigana,No\u00e9mie Leclerc,Vincent Leclerc,Sandrine Leclerc,Tristan Bordesssoule, Isabelle Rouffilange et Martine Borelli nous ont r\u00e9gal\u00e9 . Superbes parcours, beau temps, tout pour plaire aux participants. {youtubejw}aT660oB2WKI{\/youtubejw}<\/p>\n","protected":false},"author":448,"featured_media":0,"comment_status":"closed","ping_status":"closed","sticky":false,"template":"","format":"standard","meta":{"ngg_post_thumbnail":0,"footnotes":""},"categories":[57],"tags":[],"class_list":["post-179","post","type-post","status-publish","format-standard","hentry","category-lactualite-de-lunss"],"_links":{"self":[{"href":"https:\/\/www.clg-berty-albrecht.ac-nice.fr\/index.php?rest_route=\/wp\/v2\/posts\/179","targetHints":{"allow":["GET"]}}],"collection":[{"href":"https:\/\/www.clg-berty-albrecht.ac-nice.fr\/index.php?rest_route=\/wp\/v2\/posts"}],"about":[{"href":"https:\/\/www.clg-berty-albrecht.ac-nice.fr\/index.php?rest_route=\/wp\/v2\/types\/post"}],"author":[{"embeddable":true,"href":"https:\/\/www.clg-berty-albrecht.ac-nice.fr\/index.php?rest_route=\/wp\/v2\/users\/448"}],"replies":[{"embeddable":true,"href":"https:\/\/www.clg-berty-albrecht.ac-nice.fr\/index.php?rest_route=%2Fwp%2Fv2%2Fcomments&post=179"}],"version-history":[{"count":0,"href":"https:\/\/www.clg-berty-albrecht.ac-nice.fr\/index.php?rest_route=\/wp\/v2\/posts\/179\/revisions"}],"wp:attachment":[{"href":"https:\/\/www.clg-berty-albrecht.ac-nice.fr\/index.php?rest_route=%2Fwp%2Fv2%2Fmedia&parent=179"}],"wp:term":[{"taxonomy":"category","embeddable":true,"href":"https:\/\/www.clg-berty-albrecht.ac-nice.fr\/index.php?rest_route=%2Fwp%2Fv2%2Fcategories&post=179"},{"taxonomy":"post_tag","embeddable":true,"href":"https:\/\/www.clg-berty-albrecht.ac-nice.fr\/index.php?rest_route=%2Fwp%2Fv2%2Ftags&post=179"}],"curies":[{"name":"wp","href":"https:\/\/api.w.org\/{rel}","templated":true}]}}