{"id":177,"date":"2013-03-28T10:33:57","date_gmt":"2013-03-28T09:33:57","guid":{"rendered":"https:\/\/wmu.ac-nice.fr\/clg-albrecht\/2013\/03\/28\/felicitations-a-sarah-lopez-et-laetitia-simon\/"},"modified":"2013-03-28T10:33:57","modified_gmt":"2013-03-28T09:33:57","slug":"felicitations-a-sarah-lopez-et-laetitia-simon","status":"publish","type":"post","link":"https:\/\/www.clg-berty-albrecht.ac-nice.fr\/?p=177","title":{"rendered":"F\u00e9licitations \u00e0 Sarah LOPEZ et La\u00ebtitia SIMON"},"content":{"rendered":"<p>&nbsp;<\/p>\n<p style=\"margin-bottom: 0cm;\"><strong>F\u00e9licitations<\/strong> \u00e0 <span style=\"color: #00ff00;\"><strong>Sarah LOPEZ<\/strong> <\/span>et <span style=\"color: #00ff00;\"><strong>La\u00ebtitia SIMON<\/strong><\/span>, \u00e9l\u00e8ves de la classe 5\u00e8me latin de <strong><span style=\"color: #00ffff;\">Mme Gibert<\/span><\/strong>, qui ont remport\u00e9<strong> le 1er prix dans la cat\u00e9gorie \u00ab&nbsp;5\u00e8me&nbsp;\u00bb du concours<\/strong> propos\u00e9 par l&rsquo;<strong>ARELAN<\/strong> ( Association R\u00e9gionale des Enseignants des <strong>Langues Anciennes<\/strong> de l&rsquo;Acad\u00e9mie de Nice).<\/p>\n<p style=\"margin-bottom: 0cm;\"><img loading=\"lazy\" decoding=\"async\" class=\" size-full wp-image-175\" style=\"width: 237px; height: 360px;\" src=\"http:\/\/wmu.ac-nice.fr\/clg-albrecht\/wp-content\/uploads\/sites\/120\/2013\/03\/laureats_latin_2013.jpg\" alt=\"laureats latin 2013\" width=\"360\" height=\"471\" \/>&nbsp; <img loading=\"lazy\" decoding=\"async\" class=\" size-full wp-image-176\" style=\"width: 255px; height: 354px;\" src=\"http:\/\/wmu.ac-nice.fr\/clg-albrecht\/wp-content\/uploads\/sites\/120\/2013\/03\/laureatslatin2.jpg\" alt=\"laureatslatin2\" width=\"420\" height=\"560\" srcset=\"https:\/\/www.clg-berty-albrecht.ac-nice.fr\/wp-content\/uploads\/sites\/120\/2013\/03\/laureatslatin2.jpg 1920w, https:\/\/www.clg-berty-albrecht.ac-nice.fr\/wp-content\/uploads\/sites\/120\/2013\/03\/laureatslatin2-225x300.jpg 225w, https:\/\/www.clg-berty-albrecht.ac-nice.fr\/wp-content\/uploads\/sites\/120\/2013\/03\/laureatslatin2-768x1024.jpg 768w, https:\/\/www.clg-berty-albrecht.ac-nice.fr\/wp-content\/uploads\/sites\/120\/2013\/03\/laureatslatin2-1152x1536.jpg 1152w, https:\/\/www.clg-berty-albrecht.ac-nice.fr\/wp-content\/uploads\/sites\/120\/2013\/03\/laureatslatin2-1536x2048.jpg 1536w, https:\/\/www.clg-berty-albrecht.ac-nice.fr\/wp-content\/uploads\/sites\/120\/2013\/03\/laureatslatin2-1200x1600.jpg 1200w\" sizes=\"auto, (max-width: 420px) 100vw, 420px\" \/><\/p>\n<p style=\"margin-bottom: 0cm;\">La\u00ebtitia et Sarah avaient r\u00e9alis\u00e9 un magnifique jeu sur la mythologie gr\u00e9co-romaine sous la forme d&rsquo;un labyrinthe fort bien con\u00e7u avec des questions dans le style \u00ab&nbsp; Trivial Pursuit&nbsp;\u00bb. Les membres du jury ont notamment salu\u00e9 la \u00ab&nbsp;tr\u00e8s grande qualit\u00e9 artistique&nbsp;\u00bb et \u00ab&nbsp;l&rsquo;excellente connaissance du monde antique&nbsp;\u00bb de Sarah et La\u00ebtitia. Toutes deux ont donc \u00e9t\u00e9 invit\u00e9es , ainsi que leur professeur, \u00e0 recevoir leur prix ( un carte-cadeau \u00ab&nbsp;FNAC&nbsp;\u00bb) au <a href=\"http:\/\/www.musee-matisse-nice.org\/\">Mus\u00e9e Matisse de Nice <\/a>o\u00f9 \u00e9tait organis\u00e9e une exposition intitul\u00e9e \u00ab&nbsp;Pasipha\u00e9, ou le labyrinthe d&rsquo;une \u00e2me&nbsp;\u00bb. Apr\u00e8s la remise des prix et le go\u00fbter organis\u00e9 par l&rsquo;association, La\u00ebtitia et Sarah ont particip\u00e9 \u00e0 un atelier d&rsquo;Arts Plastiques.<\/p>\n<p style=\"margin-bottom: 0cm;\">Encore bravo \u00e0 nos \u00e9minentes latinistes<\/p>\n","protected":false},"excerpt":{"rendered":"<p>&nbsp; F\u00e9licitations \u00e0 Sarah LOPEZ et La\u00ebtitia SIMON, \u00e9l\u00e8ves de la classe 5\u00e8me latin de Mme Gibert, qui ont remport\u00e9 le 1er prix dans la cat\u00e9gorie \u00ab&nbsp;5\u00e8me&nbsp;\u00bb du concours propos\u00e9 par l&rsquo;ARELAN ( Association R\u00e9gionale des Enseignants des Langues Anciennes de l&rsquo;Acad\u00e9mie de Nice). &nbsp; La\u00ebtitia et Sarah avaient r\u00e9alis\u00e9 un magnifique jeu sur la [&hellip;]<\/p>\n","protected":false},"author":448,"featured_media":175,"comment_status":"closed","ping_status":"closed","sticky":false,"template":"","format":"standard","meta":{"ngg_post_thumbnail":0,"footnotes":""},"categories":[56],"tags":[],"class_list":["post-177","post","type-post","status-publish","format-standard","has-post-thumbnail","hentry","category-les-news-de-la-semaine"],"_links":{"self":[{"href":"https:\/\/www.clg-berty-albrecht.ac-nice.fr\/index.php?rest_route=\/wp\/v2\/posts\/177","targetHints":{"allow":["GET"]}}],"collection":[{"href":"https:\/\/www.clg-berty-albrecht.ac-nice.fr\/index.php?rest_route=\/wp\/v2\/posts"}],"about":[{"href":"https:\/\/www.clg-berty-albrecht.ac-nice.fr\/index.php?rest_route=\/wp\/v2\/types\/post"}],"author":[{"embeddable":true,"href":"https:\/\/www.clg-berty-albrecht.ac-nice.fr\/index.php?rest_route=\/wp\/v2\/users\/448"}],"replies":[{"embeddable":true,"href":"https:\/\/www.clg-berty-albrecht.ac-nice.fr\/index.php?rest_route=%2Fwp%2Fv2%2Fcomments&post=177"}],"version-history":[{"count":0,"href":"https:\/\/www.clg-berty-albrecht.ac-nice.fr\/index.php?rest_route=\/wp\/v2\/posts\/177\/revisions"}],"wp:featuredmedia":[{"embeddable":true,"href":"https:\/\/www.clg-berty-albrecht.ac-nice.fr\/index.php?rest_route=\/wp\/v2\/media\/175"}],"wp:attachment":[{"href":"https:\/\/www.clg-berty-albrecht.ac-nice.fr\/index.php?rest_route=%2Fwp%2Fv2%2Fmedia&parent=177"}],"wp:term":[{"taxonomy":"category","embeddable":true,"href":"https:\/\/www.clg-berty-albrecht.ac-nice.fr\/index.php?rest_route=%2Fwp%2Fv2%2Fcategories&post=177"},{"taxonomy":"post_tag","embeddable":true,"href":"https:\/\/www.clg-berty-albrecht.ac-nice.fr\/index.php?rest_route=%2Fwp%2Fv2%2Ftags&post=177"}],"curies":[{"name":"wp","href":"https:\/\/api.w.org\/{rel}","templated":true}]}}