{"id":1757,"date":"2025-07-04T16:24:09","date_gmt":"2025-07-04T14:24:09","guid":{"rendered":"https:\/\/www.clg-berty-albrecht.ac-nice.fr\/?p=1757"},"modified":"2025-07-04T16:24:26","modified_gmt":"2025-07-04T14:24:26","slug":"planning-rentree-des-classes-2025","status":"publish","type":"post","link":"https:\/\/www.clg-berty-albrecht.ac-nice.fr\/?p=1757","title":{"rendered":"PLANNING RENTREE DES CLASSES 2025"},"content":{"rendered":"<table style=\"width: 73.1801%\" border=\"-\">\n<tbody>\n<tr>\n<td style=\"width: 49.2754%\" width=\"302\">\n<p style=\"text-align: center\">Lundi 1 er septembre 2025<\/p>\n<\/td>\n<td style=\"width: 106.538%\" width=\"302\">\n<p style=\"text-align: center\">&#8211; Classe de 6<sup>\u00e8me<\/sup> de 09h00 \u00e0 16h25<\/p>\n<\/td>\n<\/tr>\n<tr>\n<td style=\"width: 49.2754%\" width=\"302\">\n<p style=\"text-align: center\">Mardi 2 septembre 2025<\/p>\n<\/td>\n<td style=\"width: 106.538%\" width=\"302\">\n<p style=\"text-align: center\">&#8211; Classe de 6<sup>\u00e8me<\/sup> de 08h00 \u00e0 16h25<\/p>\n<p style=\"text-align: center\">&#8211; Classe de 5\u00e8me: de 08h00 \u00e0 11h55<\/p>\n<p style=\"text-align: center\">&#8211; Classe de 4\u00e8me : de 13h30 \u00e0 16h25<\/p>\n<\/td>\n<\/tr>\n<tr>\n<td style=\"width: 49.2754%\" width=\"302\">\n<p style=\"text-align: center\">Mercredi 3 septembre 2025<\/p>\n<\/td>\n<td style=\"width: 106.538%\" width=\"302\">\n<p style=\"text-align: center\">&#8211; Classe de 3\u00e8me : de 08h00 \u00e011h55<\/p>\n<\/td>\n<\/tr>\n<\/tbody>\n<\/table>\n<p><span style=\"color: #0000ff\"><strong>D\u00e9but des cours pour tous les \u00e9l\u00e8ves selon leurs emplois du temps respectifs d\u00e8s le jeudi 4 septembre 2025.<\/strong><\/span><\/p>\n<p style=\"text-align: left\"><strong><span style=\"color: #cc99ff\">La demi -pension sera ouverte <u>uniquement pour les 6\u00e8mes<\/u> le lundi 1et et 2 septembre.<\/span><\/strong><\/p>\n<p style=\"text-align: left\"><strong><span style=\"color: #cc99ff\">Elle sera ouverte \u00e0 tous les \u00e9l\u00e8ves \u00e0 partir du jeudi 4 septembre 2025.<\/span><\/strong><\/p>\n<p><strong><span style=\"color: #339966\">Les transports en bus seront assur\u00e9s \u00e0 partir du lundi 1<sup>er<\/sup> septembre.<\/span><\/strong><\/p>\n<p><strong><span style=\"color: #ff0000\">Les parents ne sont pas autoris\u00e9s \u00e0 accompagner leur enfant dans la cour de r\u00e9cr\u00e9ation de l\u2019\u00e9tablissement les jours de rentr\u00e9e.<\/span><\/strong><\/p>\n","protected":false},"excerpt":{"rendered":"<p>Lundi 1 er septembre 2025 &#8211; Classe de 6\u00e8me de 09h00 \u00e0 16h25 Mardi 2 septembre 2025 &#8211; Classe de 6\u00e8me de 08h00 \u00e0 16h25 &#8211; Classe de 5\u00e8me: de 08h00 \u00e0 11h55 &#8211; Classe de 4\u00e8me : de 13h30 \u00e0 16h25 Mercredi 3 septembre 2025 &#8211; Classe de 3\u00e8me : de 08h00 \u00e011h55 D\u00e9but [&hellip;]<\/p>\n","protected":false},"author":649,"featured_media":0,"comment_status":"closed","ping_status":"closed","sticky":false,"template":"","format":"standard","meta":{"ngg_post_thumbnail":0,"footnotes":""},"categories":[1],"tags":[],"class_list":["post-1757","post","type-post","status-publish","format-standard","hentry","category-non-classe"],"_links":{"self":[{"href":"https:\/\/www.clg-berty-albrecht.ac-nice.fr\/index.php?rest_route=\/wp\/v2\/posts\/1757","targetHints":{"allow":["GET"]}}],"collection":[{"href":"https:\/\/www.clg-berty-albrecht.ac-nice.fr\/index.php?rest_route=\/wp\/v2\/posts"}],"about":[{"href":"https:\/\/www.clg-berty-albrecht.ac-nice.fr\/index.php?rest_route=\/wp\/v2\/types\/post"}],"author":[{"embeddable":true,"href":"https:\/\/www.clg-berty-albrecht.ac-nice.fr\/index.php?rest_route=\/wp\/v2\/users\/649"}],"replies":[{"embeddable":true,"href":"https:\/\/www.clg-berty-albrecht.ac-nice.fr\/index.php?rest_route=%2Fwp%2Fv2%2Fcomments&post=1757"}],"version-history":[{"count":3,"href":"https:\/\/www.clg-berty-albrecht.ac-nice.fr\/index.php?rest_route=\/wp\/v2\/posts\/1757\/revisions"}],"predecessor-version":[{"id":1760,"href":"https:\/\/www.clg-berty-albrecht.ac-nice.fr\/index.php?rest_route=\/wp\/v2\/posts\/1757\/revisions\/1760"}],"wp:attachment":[{"href":"https:\/\/www.clg-berty-albrecht.ac-nice.fr\/index.php?rest_route=%2Fwp%2Fv2%2Fmedia&parent=1757"}],"wp:term":[{"taxonomy":"category","embeddable":true,"href":"https:\/\/www.clg-berty-albrecht.ac-nice.fr\/index.php?rest_route=%2Fwp%2Fv2%2Fcategories&post=1757"},{"taxonomy":"post_tag","embeddable":true,"href":"https:\/\/www.clg-berty-albrecht.ac-nice.fr\/index.php?rest_route=%2Fwp%2Fv2%2Ftags&post=1757"}],"curies":[{"name":"wp","href":"https:\/\/api.w.org\/{rel}","templated":true}]}}