{"id":1728,"date":"2025-02-06T13:19:59","date_gmt":"2025-02-06T12:19:59","guid":{"rendered":"https:\/\/www.clg-berty-albrecht.ac-nice.fr\/?p=1728"},"modified":"2025-02-06T13:22:39","modified_gmt":"2025-02-06T12:22:39","slug":"paris-fc-handifoot","status":"publish","type":"post","link":"https:\/\/www.clg-berty-albrecht.ac-nice.fr\/?p=1728","title":{"rendered":"Paris FC Handifoot"},"content":{"rendered":"<p>Merci \u00e0 M.Kamel Saouchi et \u00e0 l&rsquo;\u00e9quipe de Paris FC handifoot.<\/p>\n<p>Les footballeurs sont intervenus aupr\u00e8s de nos \u00e9l\u00e8ves de 5\u00e8me et 4\u00e8me ce mercredi 5 f\u00e9vrier 2025.<\/p>\n<p><span style=\"color: #00ff00\"><strong>Un message plein d&rsquo;espoir sur le d\u00e9passement de soi, la tol\u00e9rance et le vivre ensemble !<\/strong><\/span><br \/>\n<img loading=\"lazy\" decoding=\"async\" class=\" wp-image-1729 alignleft\" src=\"https:\/\/www.clg-berty-albrecht.ac-nice.fr\/wp-content\/uploads\/sites\/120\/2025\/02\/IMG-20250205-WA0000-300x225.jpg\" alt=\"\" width=\"497\" height=\"373\" srcset=\"https:\/\/www.clg-berty-albrecht.ac-nice.fr\/wp-content\/uploads\/sites\/120\/2025\/02\/IMG-20250205-WA0000-300x225.jpg 300w, https:\/\/www.clg-berty-albrecht.ac-nice.fr\/wp-content\/uploads\/sites\/120\/2025\/02\/IMG-20250205-WA0000-1024x768.jpg 1024w, https:\/\/www.clg-berty-albrecht.ac-nice.fr\/wp-content\/uploads\/sites\/120\/2025\/02\/IMG-20250205-WA0000-768x576.jpg 768w, https:\/\/www.clg-berty-albrecht.ac-nice.fr\/wp-content\/uploads\/sites\/120\/2025\/02\/IMG-20250205-WA0000-1536x1152.jpg 1536w, https:\/\/www.clg-berty-albrecht.ac-nice.fr\/wp-content\/uploads\/sites\/120\/2025\/02\/IMG-20250205-WA0000.jpg 1600w\" sizes=\"auto, (max-width: 497px) 100vw, 497px\" \/><\/p>\n","protected":false},"excerpt":{"rendered":"<p>Merci \u00e0 M.Kamel Saouchi et \u00e0 l&rsquo;\u00e9quipe de Paris FC handifoot. Les footballeurs sont intervenus aupr\u00e8s de nos \u00e9l\u00e8ves de 5\u00e8me et 4\u00e8me ce mercredi 5 f\u00e9vrier 2025. Un message plein d&rsquo;espoir sur le d\u00e9passement de soi, la tol\u00e9rance et le vivre ensemble !<\/p>\n","protected":false},"author":649,"featured_media":0,"comment_status":"closed","ping_status":"closed","sticky":false,"template":"","format":"standard","meta":{"ngg_post_thumbnail":0,"footnotes":""},"categories":[1],"tags":[],"class_list":["post-1728","post","type-post","status-publish","format-standard","hentry","category-non-classe"],"_links":{"self":[{"href":"https:\/\/www.clg-berty-albrecht.ac-nice.fr\/index.php?rest_route=\/wp\/v2\/posts\/1728","targetHints":{"allow":["GET"]}}],"collection":[{"href":"https:\/\/www.clg-berty-albrecht.ac-nice.fr\/index.php?rest_route=\/wp\/v2\/posts"}],"about":[{"href":"https:\/\/www.clg-berty-albrecht.ac-nice.fr\/index.php?rest_route=\/wp\/v2\/types\/post"}],"author":[{"embeddable":true,"href":"https:\/\/www.clg-berty-albrecht.ac-nice.fr\/index.php?rest_route=\/wp\/v2\/users\/649"}],"replies":[{"embeddable":true,"href":"https:\/\/www.clg-berty-albrecht.ac-nice.fr\/index.php?rest_route=%2Fwp%2Fv2%2Fcomments&post=1728"}],"version-history":[{"count":4,"href":"https:\/\/www.clg-berty-albrecht.ac-nice.fr\/index.php?rest_route=\/wp\/v2\/posts\/1728\/revisions"}],"predecessor-version":[{"id":1733,"href":"https:\/\/www.clg-berty-albrecht.ac-nice.fr\/index.php?rest_route=\/wp\/v2\/posts\/1728\/revisions\/1733"}],"wp:attachment":[{"href":"https:\/\/www.clg-berty-albrecht.ac-nice.fr\/index.php?rest_route=%2Fwp%2Fv2%2Fmedia&parent=1728"}],"wp:term":[{"taxonomy":"category","embeddable":true,"href":"https:\/\/www.clg-berty-albrecht.ac-nice.fr\/index.php?rest_route=%2Fwp%2Fv2%2Fcategories&post=1728"},{"taxonomy":"post_tag","embeddable":true,"href":"https:\/\/www.clg-berty-albrecht.ac-nice.fr\/index.php?rest_route=%2Fwp%2Fv2%2Ftags&post=1728"}],"curies":[{"name":"wp","href":"https:\/\/api.w.org\/{rel}","templated":true}]}}