{"id":160,"date":"2013-02-06T15:48:31","date_gmt":"2013-02-06T14:48:31","guid":{"rendered":"https:\/\/wmu.ac-nice.fr\/clg-albrecht\/2013\/02\/06\/inscription\/"},"modified":"2013-02-06T15:48:31","modified_gmt":"2013-02-06T14:48:31","slug":"inscription","status":"publish","type":"post","link":"https:\/\/www.clg-berty-albrecht.ac-nice.fr\/?p=160","title":{"rendered":"Inscription"},"content":{"rendered":"<p style=\"text-align: center;\">\u00a0<\/p>\n<p><span style=\"color: #000000;\">Les \u00e9l\u00e8ves de 6e peuvent d\u00e9sormais s&rsquo;inscrire au voyage.<\/span><\/p>\n<p><span style=\"color: #000000;\">Il doivent remettre au professeur r\u00e9f\u00e9rent (Mme Combet, salle D12) le formulaire d&rsquo;engagement rempli et sign\u00e9, et le premier ch\u00e8que d&rsquo;acompte d&rsquo;un montant de 200\u20ac (qui ne sera d\u00e9bit\u00e9 que fin mai), avant le 12 avril.<\/span><\/p>\n<p><span style=\"color: #000000;\">Le voyage ne pourra se faire qu&rsquo;\u00e0 la condition que 35 \u00e9l\u00e8ves s&rsquo;inscrivent. Dans l&rsquo;hypoth\u00e8se de plus de 35 demandes, une s\u00e9lection devra \u00eatre faite.<\/span><\/p>\n<p><span style=\"color: #000000;\">D&rsquo;ici le 15 juin, les \u00e9l\u00e8ves participant au voyage devront fournir :<\/span><\/p>\n<ul>\n<li><span style=\"color: #000000;\">Un deuxi\u00e8me ch\u00e8que d&rsquo;acompte de 198\u20ac (d\u00e9bit\u00e9 d\u00e9but juillet),<\/span><\/li>\n<li><span style=\"color: #000000;\">La fiche de renseignements remplie,<\/span><\/li>\n<li><span style=\"color: #000000;\">La photocopie de la carte vitale du responsable l\u00e9gal,<\/span><\/li>\n<li><span style=\"color: #000000;\">La fiche de droit \u00e0 l&rsquo;image du festival Pariscience remplie et sign\u00e9e<\/span><\/li>\n<\/ul>\n<div><em><span style=\"color: #000000;\">Les \u00e9l\u00e8ves de la classe bilangue faisant allemand ne peuvent pas participer \u00e0 deux voyages scolaires la m\u00eame ann\u00e9e. Il devront donc choisir entre ce voyage \u00e0 Paris ou un \u00e9ventuel voyage en Allemagne organis\u00e9 par Mme Fedit.<\/span><\/em><\/div>\n<div><em><span style=\"color: #000000;\"><br \/><\/span><\/em><\/div>\n<div><a href=\"http:\/\/carole.combet.free.fr\/Voyage%20Paris\/Formulaire%20d'engagement.pdf\"><span style=\"color: #000000;\">Formulaire d&rsquo;engagement<\/span><\/a><\/div>\n<div><a href=\"http:\/\/carole.combet.free.fr\/Voyage%20Paris\/Fiche%20de%20renseignements.pdf\"><span style=\"color: #000000;\">Fiche de renseignements<\/span><\/a><\/div>\n","protected":false},"excerpt":{"rendered":"<p>\u00a0 Les \u00e9l\u00e8ves de 6e peuvent d\u00e9sormais s&rsquo;inscrire au voyage. Il doivent remettre au professeur r\u00e9f\u00e9rent (Mme Combet, salle D12) le formulaire d&rsquo;engagement rempli et sign\u00e9, et le premier ch\u00e8que d&rsquo;acompte d&rsquo;un montant de 200\u20ac (qui ne sera d\u00e9bit\u00e9 que fin mai), avant le 12 avril. Le voyage ne pourra se faire qu&rsquo;\u00e0 la condition [&hellip;]<\/p>\n","protected":false},"author":448,"featured_media":0,"comment_status":"closed","ping_status":"closed","sticky":false,"template":"","format":"standard","meta":{"ngg_post_thumbnail":0,"footnotes":""},"categories":[72],"tags":[],"class_list":["post-160","post","type-post","status-publish","format-standard","hentry","category-voyage-scientifique-a-paris"],"_links":{"self":[{"href":"https:\/\/www.clg-berty-albrecht.ac-nice.fr\/index.php?rest_route=\/wp\/v2\/posts\/160","targetHints":{"allow":["GET"]}}],"collection":[{"href":"https:\/\/www.clg-berty-albrecht.ac-nice.fr\/index.php?rest_route=\/wp\/v2\/posts"}],"about":[{"href":"https:\/\/www.clg-berty-albrecht.ac-nice.fr\/index.php?rest_route=\/wp\/v2\/types\/post"}],"author":[{"embeddable":true,"href":"https:\/\/www.clg-berty-albrecht.ac-nice.fr\/index.php?rest_route=\/wp\/v2\/users\/448"}],"replies":[{"embeddable":true,"href":"https:\/\/www.clg-berty-albrecht.ac-nice.fr\/index.php?rest_route=%2Fwp%2Fv2%2Fcomments&post=160"}],"version-history":[{"count":0,"href":"https:\/\/www.clg-berty-albrecht.ac-nice.fr\/index.php?rest_route=\/wp\/v2\/posts\/160\/revisions"}],"wp:attachment":[{"href":"https:\/\/www.clg-berty-albrecht.ac-nice.fr\/index.php?rest_route=%2Fwp%2Fv2%2Fmedia&parent=160"}],"wp:term":[{"taxonomy":"category","embeddable":true,"href":"https:\/\/www.clg-berty-albrecht.ac-nice.fr\/index.php?rest_route=%2Fwp%2Fv2%2Fcategories&post=160"},{"taxonomy":"post_tag","embeddable":true,"href":"https:\/\/www.clg-berty-albrecht.ac-nice.fr\/index.php?rest_route=%2Fwp%2Fv2%2Ftags&post=160"}],"curies":[{"name":"wp","href":"https:\/\/api.w.org\/{rel}","templated":true}]}}