{"id":1547,"date":"2024-07-11T13:48:04","date_gmt":"2024-07-11T11:48:04","guid":{"rendered":"https:\/\/www.clg-berty-albrecht.ac-nice.fr\/?p=1547"},"modified":"2024-07-11T13:48:04","modified_gmt":"2024-07-11T11:48:04","slug":"lemission-dinfo-divertissement-des-5a","status":"publish","type":"post","link":"https:\/\/www.clg-berty-albrecht.ac-nice.fr\/?p=1547","title":{"rendered":"L&rsquo;\u00e9mission d&rsquo;info-divertissement des 5A\u00a0 \u00a0"},"content":{"rendered":"<p>Durant tout le long de l&rsquo;ann\u00e9e scolaire, les \u00e9l\u00e8ves de la classe m\u00e9dia 5A ont pr\u00e9par\u00e9 une \u00e9mission d&rsquo;info-divertisement qui a pu \u00eatre pr\u00e9sent\u00e9e en direct devant toutes les autres classes de 5e le lundi 24 juin.<br \/>\nLes \u00e9l\u00e8ves ont dans un premier temps \u00e9t\u00e9 form\u00e9s sur les m\u00e9dia : interview, reportage, revue de presse, fake-news, chronique, d\u00e9bat&#8230;. Plus de secrets dans ce domaine !<br \/>\n&nbsp;<br \/>\nIls ont ensuite men\u00e9 des interviews notamment d&rsquo;athl\u00e8tes olympiques (Olivier Bausset et Jean-Baptiste Bernaz), des \u00e9l\u00e8ves d\u00e9l\u00e9gu\u00e9s du Conseil g\u00e9n\u00e9ral du Var , des cuisiniers de la cantine, du<br \/>\nmessager papou Mundiya Kepanga, du r\u00e9alisateur Marc Dozier et des \u00e9l\u00e8ves de 5B.<br \/>\n&nbsp;<br \/>\nD&rsquo;autres \u00e9l\u00e8ves ont pr\u00e9par\u00e9 des chroniques dont certaines en lien avec le monde anglo-saxon :<br \/>\nl&rsquo;Inter Miami, revue de presse anglo-saxonne, fake-news, d\u00e9bat sur les armes aux Etats-Unis et la Joconde.&nbsp;<br \/>\nD&rsquo;autre part, pour l&rsquo;\u00e9mission, les \u00e9l\u00e8ves ont cr\u00e9\u00e9 et choisi le logo, ils ont \u00e9galement choisi le g\u00e9n\u00e9rique et ont traduit les paroles. Ils ont pr\u00e9par\u00e9 leur r\u00f4le pour le direct : r\u00e9p\u00e9titions vocales, \u00e9criture du fil directeur de l&rsquo;\u00e9mission, gestion de la r\u00e9gie lumi\u00e8re, son et images.<br \/>\nIls se sont tous investis, certains encore plus en pr\u00e9parant plusieurs chroniques, interviews ou en tenant plusieurs r\u00f4les lors de l&rsquo;\u00e9mission en direct.<\/p>\n<p>Nous les remercions pour leur engagement et leur motivation dans ce projet.<br \/>\n&nbsp;<br \/>\nPlace maintenant au r\u00e9sultat de leur travail de toute une ann\u00e9e :<br \/>\nl&rsquo;\u00e9mission d&rsquo;info-divertissement des 5A dont des extraits ont \u00e9t\u00e9 film\u00e9s et regroup\u00e9s dans la <a href=\"https:\/\/youtu.be\/uHdPCMriZic\">vid\u00e9o<\/a> que vous pourrez lire sur cette page.<br \/>\n&nbsp;<br \/>\nBon visionnage et bonnes vacances,<\/p>\n<p>ngg_shortcode_0_placeholderInfo :<\/p>\n<p>&#8211; Cliquez sur \u00ab\u00a0vid\u00e9o\u00a0\u00bb pour lancer la vid\u00e9o<\/p>\n<p>&#8211; Cliquez sur la photo pour permettre le visionnage des autres photos<br \/>\nMme Brault (professeure d&rsquo;anglais),<br \/>\nMme Cunha (professeure documentaliste)<br \/>\nM. M\u00e9si\u00e8res (professeur principal et de physique-chimie)<\/p>\n<p>&nbsp;<\/p>\n","protected":false},"excerpt":{"rendered":"<p>Durant tout le long de l&rsquo;ann\u00e9e scolaire, les \u00e9l\u00e8ves de la classe m\u00e9dia 5A ont pr\u00e9par\u00e9 une \u00e9mission d&rsquo;info-divertisement qui a pu \u00eatre pr\u00e9sent\u00e9e en direct devant toutes les autres classes de 5e le lundi 24 juin. Les \u00e9l\u00e8ves ont dans un premier temps \u00e9t\u00e9 form\u00e9s sur les m\u00e9dia : interview, reportage, revue de presse, [&hellip;]<\/p>\n","protected":false},"author":649,"featured_media":0,"comment_status":"closed","ping_status":"closed","sticky":false,"template":"","format":"standard","meta":{"ngg_post_thumbnail":0,"footnotes":""},"categories":[1],"tags":[],"class_list":["post-1547","post","type-post","status-publish","format-standard","hentry","category-non-classe"],"_links":{"self":[{"href":"https:\/\/www.clg-berty-albrecht.ac-nice.fr\/index.php?rest_route=\/wp\/v2\/posts\/1547","targetHints":{"allow":["GET"]}}],"collection":[{"href":"https:\/\/www.clg-berty-albrecht.ac-nice.fr\/index.php?rest_route=\/wp\/v2\/posts"}],"about":[{"href":"https:\/\/www.clg-berty-albrecht.ac-nice.fr\/index.php?rest_route=\/wp\/v2\/types\/post"}],"author":[{"embeddable":true,"href":"https:\/\/www.clg-berty-albrecht.ac-nice.fr\/index.php?rest_route=\/wp\/v2\/users\/649"}],"replies":[{"embeddable":true,"href":"https:\/\/www.clg-berty-albrecht.ac-nice.fr\/index.php?rest_route=%2Fwp%2Fv2%2Fcomments&post=1547"}],"version-history":[{"count":0,"href":"https:\/\/www.clg-berty-albrecht.ac-nice.fr\/index.php?rest_route=\/wp\/v2\/posts\/1547\/revisions"}],"wp:attachment":[{"href":"https:\/\/www.clg-berty-albrecht.ac-nice.fr\/index.php?rest_route=%2Fwp%2Fv2%2Fmedia&parent=1547"}],"wp:term":[{"taxonomy":"category","embeddable":true,"href":"https:\/\/www.clg-berty-albrecht.ac-nice.fr\/index.php?rest_route=%2Fwp%2Fv2%2Fcategories&post=1547"},{"taxonomy":"post_tag","embeddable":true,"href":"https:\/\/www.clg-berty-albrecht.ac-nice.fr\/index.php?rest_route=%2Fwp%2Fv2%2Ftags&post=1547"}],"curies":[{"name":"wp","href":"https:\/\/api.w.org\/{rel}","templated":true}]}}