{"id":1544,"date":"2024-10-18T10:09:04","date_gmt":"2024-10-18T08:09:04","guid":{"rendered":"https:\/\/www.clg-berty-albrecht.ac-nice.fr\/?p=1544"},"modified":"2024-10-18T10:42:22","modified_gmt":"2024-10-18T08:42:22","slug":"rentree-2024-25","status":"publish","type":"post","link":"https:\/\/www.clg-berty-albrecht.ac-nice.fr\/?p=1544","title":{"rendered":"RENCONTRES PARENTS PROFESSEURS"},"content":{"rendered":"<p><strong>Les rencontre parents professeurs des classes&nbsp; auront lieu de 16h30 \u00e0 19h30.<br \/>\n<\/strong><\/p>\n<p><strong><span style=\"color: #ff0000\">Les parents doivent imp\u00e9rativement passer par leur compte pour s&rsquo;inscrire \u00e0 ces rencontres.<\/span><\/strong><\/p>\n<p><strong>Pour les classes de 6\u00e8me et 5\u00e8me<\/strong> ,les parents doivent s&rsquo;inscrire sur pronote <strong>avant le 8 novembre 2024<\/strong> .<\/p>\n<ul>\n<li>6\u00e8me : mardi 19 novembre 2024<\/li>\n<li>5\u00e8me : jeudi 21 novembre 2024<\/li>\n<\/ul>\n<p><strong>Pour les classes de 4\u00e8me et 3\u00e8me<\/strong> ,les parents doivent s&rsquo;inscrire sur pronote <strong>avant le 15 novembre 2024<\/strong> .<\/p>\n<ul>\n<li>4\u00e8me : mardi 26 novembre 2024<\/li>\n<li>3\u00e8me : jeudi 28 novembre 2024<\/li>\n<\/ul>\n","protected":false},"excerpt":{"rendered":"<p>Les rencontre parents professeurs des classes&nbsp; auront lieu de 16h30 \u00e0 19h30. Les parents doivent imp\u00e9rativement passer par leur compte pour s&rsquo;inscrire \u00e0 ces rencontres. Pour les classes de 6\u00e8me et 5\u00e8me ,les parents doivent s&rsquo;inscrire sur pronote avant le 8 novembre 2024 . 6\u00e8me : mardi 19 novembre 2024 5\u00e8me : jeudi 21 novembre [&hellip;]<\/p>\n","protected":false},"author":649,"featured_media":0,"comment_status":"closed","ping_status":"closed","sticky":false,"template":"","format":"standard","meta":{"ngg_post_thumbnail":0,"footnotes":""},"categories":[1],"tags":[],"class_list":["post-1544","post","type-post","status-publish","format-standard","hentry","category-non-classe"],"_links":{"self":[{"href":"https:\/\/www.clg-berty-albrecht.ac-nice.fr\/index.php?rest_route=\/wp\/v2\/posts\/1544","targetHints":{"allow":["GET"]}}],"collection":[{"href":"https:\/\/www.clg-berty-albrecht.ac-nice.fr\/index.php?rest_route=\/wp\/v2\/posts"}],"about":[{"href":"https:\/\/www.clg-berty-albrecht.ac-nice.fr\/index.php?rest_route=\/wp\/v2\/types\/post"}],"author":[{"embeddable":true,"href":"https:\/\/www.clg-berty-albrecht.ac-nice.fr\/index.php?rest_route=\/wp\/v2\/users\/649"}],"replies":[{"embeddable":true,"href":"https:\/\/www.clg-berty-albrecht.ac-nice.fr\/index.php?rest_route=%2Fwp%2Fv2%2Fcomments&post=1544"}],"version-history":[{"count":4,"href":"https:\/\/www.clg-berty-albrecht.ac-nice.fr\/index.php?rest_route=\/wp\/v2\/posts\/1544\/revisions"}],"predecessor-version":[{"id":1680,"href":"https:\/\/www.clg-berty-albrecht.ac-nice.fr\/index.php?rest_route=\/wp\/v2\/posts\/1544\/revisions\/1680"}],"wp:attachment":[{"href":"https:\/\/www.clg-berty-albrecht.ac-nice.fr\/index.php?rest_route=%2Fwp%2Fv2%2Fmedia&parent=1544"}],"wp:term":[{"taxonomy":"category","embeddable":true,"href":"https:\/\/www.clg-berty-albrecht.ac-nice.fr\/index.php?rest_route=%2Fwp%2Fv2%2Fcategories&post=1544"},{"taxonomy":"post_tag","embeddable":true,"href":"https:\/\/www.clg-berty-albrecht.ac-nice.fr\/index.php?rest_route=%2Fwp%2Fv2%2Ftags&post=1544"}],"curies":[{"name":"wp","href":"https:\/\/api.w.org\/{rel}","templated":true}]}}