{"id":1499,"date":"2023-07-04T10:17:02","date_gmt":"2023-07-04T08:17:02","guid":{"rendered":"https:\/\/www.clg-berty-albrecht.ac-nice.fr\/?p=1499"},"modified":"2023-09-21T13:22:31","modified_gmt":"2023-09-21T11:22:31","slug":"classe-6c-sciences-et-espace-retrospective-de-lannee-2022-2023","status":"publish","type":"post","link":"https:\/\/www.clg-berty-albrecht.ac-nice.fr\/?p=1499","title":{"rendered":"Classe 6C &#8211; Sciences et Espace R\u00e9trospective de l\u2019ann\u00e9e 2022-2023"},"content":{"rendered":"<p><span style=\"font-size: 24pt\">05\/12\/22 &#8211; Soir\u00e9e astronomie<\/span><\/p>\n<p>L\u2019association de l\u2019observatoire du Pic des f\u00e9es de Hy\u00e8res est intervenue au coll\u00e8ge en soir\u00e9e avec leurs t\u00e9lescopes. Avant la tomb\u00e9e de la nuit, la<br \/>\nLune \u00e9tait d\u00e9j\u00e0 visible. Les \u00e9l\u00e8ves ont pu observer et faire des photographies de notre satellite naturel avec un fort grossissement, permettant de<br \/>\nfaire ressortir les reliefs de l\u2019astre. Plus tard, ont \u00e9t\u00e9 observ\u00e9s : Mars, Jupiter et ses satellites galil\u00e9ens, Saturne et ses anneaux, Ald\u00e9baran, les<br \/>\nconstellations du Taureau, de la grande et de la petite Ourse, du cygne, Cassiop\u00e9e&#8230; l&rsquo;\u00e9toile polaire, l&rsquo;\u00e9toile double Albir\u00e9o, l&rsquo;amas ouvert des<br \/>\nPl\u00e9iades, l&rsquo;amas globulaire M15\u2026 Nous avons \u00e9t\u00e9 spectateurs du passage de la station spatiale internationale, de deux \u00e9toiles filantes. Et enfin,<br \/>\ngr\u00e2ce \u00e0 un nouveau t\u00e9lescope plus performant, nous avons pu nous \u00e9merveiller, pour la toute premi\u00e8re fois au coll\u00e8ge, devant la galaxie du Triangle<br \/>\net les n\u00e9buleuses plan\u00e9taires de la Lyre et de l&rsquo;Halt\u00e8re. Exceptionnel ! A la suite de la soir\u00e9e astronomie, les \u00e9l\u00e8ves ont cr\u00e9\u00e9 un petit expos\u00e9 sur<br \/>\ncertains des objets c\u00e9lestes observ\u00e9s.<br \/>\n&nbsp;&nbsp;&nbsp;&nbsp;&nbsp;&nbsp;&nbsp;&nbsp;&nbsp; L\u2019installation des t\u00e9lescopes sur le terrain sportif du coll\u00e8ge :&nbsp;&nbsp;&nbsp;&nbsp;&nbsp;&nbsp;&nbsp;&nbsp;&nbsp;&nbsp;&nbsp;&nbsp;&nbsp;&nbsp;&nbsp;&nbsp;&nbsp;&nbsp;&nbsp;&nbsp;&nbsp;&nbsp;&nbsp;&nbsp;&nbsp;&nbsp; &nbsp; &nbsp; &nbsp; &nbsp; &nbsp; &nbsp; &nbsp; &nbsp; &nbsp; &nbsp; &nbsp; &nbsp;<\/p>\n<p><img loading=\"lazy\" decoding=\"async\" class=\"alignnone wp-image-1510\" src=\"https:\/\/www.clg-berty-albrecht.ac-nice.fr\/wp-content\/uploads\/sites\/120\/2023\/07\/Soiree-1-300x133.jpg\" alt=\"\" width=\"532\" height=\"236\" srcset=\"https:\/\/www.clg-berty-albrecht.ac-nice.fr\/wp-content\/uploads\/sites\/120\/2023\/07\/Soiree-1-300x133.jpg 300w, https:\/\/www.clg-berty-albrecht.ac-nice.fr\/wp-content\/uploads\/sites\/120\/2023\/07\/Soiree-1-1024x455.jpg 1024w, https:\/\/www.clg-berty-albrecht.ac-nice.fr\/wp-content\/uploads\/sites\/120\/2023\/07\/Soiree-1-768x341.jpg 768w, https:\/\/www.clg-berty-albrecht.ac-nice.fr\/wp-content\/uploads\/sites\/120\/2023\/07\/Soiree-1.jpg 1500w\" sizes=\"auto, (max-width: 532px) 100vw, 532px\" \/> &nbsp; &nbsp; &nbsp; &nbsp; &nbsp; &nbsp; &nbsp; &nbsp; &nbsp; &nbsp; &nbsp; &nbsp; &nbsp; &nbsp; &nbsp;&nbsp;<\/p>\n<p>Les reliefs de la Lune gibbeuse :<\/p>\n<p><img loading=\"lazy\" decoding=\"async\" class=\"alignnone wp-image-1511\" src=\"https:\/\/www.clg-berty-albrecht.ac-nice.fr\/wp-content\/uploads\/sites\/120\/2023\/07\/Soiree-2-300x188.jpg\" alt=\"\" width=\"530\" height=\"332\" srcset=\"https:\/\/www.clg-berty-albrecht.ac-nice.fr\/wp-content\/uploads\/sites\/120\/2023\/07\/Soiree-2-300x188.jpg 300w, https:\/\/www.clg-berty-albrecht.ac-nice.fr\/wp-content\/uploads\/sites\/120\/2023\/07\/Soiree-2-1024x640.jpg 1024w, https:\/\/www.clg-berty-albrecht.ac-nice.fr\/wp-content\/uploads\/sites\/120\/2023\/07\/Soiree-2-768x480.jpg 768w, https:\/\/www.clg-berty-albrecht.ac-nice.fr\/wp-content\/uploads\/sites\/120\/2023\/07\/Soiree-2.jpg 1369w\" sizes=\"auto, (max-width: 530px) 100vw, 530px\" \/><\/p>\n<p>Photographies de la Lune par les \u00e9l\u00e8ves :<\/p>\n<p><img loading=\"lazy\" decoding=\"async\" class=\"alignnone wp-image-1512\" src=\"https:\/\/www.clg-berty-albrecht.ac-nice.fr\/wp-content\/uploads\/sites\/120\/2023\/07\/Soiree-3-300x169.jpg\" alt=\"\" width=\"534\" height=\"301\" srcset=\"https:\/\/www.clg-berty-albrecht.ac-nice.fr\/wp-content\/uploads\/sites\/120\/2023\/07\/Soiree-3-300x169.jpg 300w, https:\/\/www.clg-berty-albrecht.ac-nice.fr\/wp-content\/uploads\/sites\/120\/2023\/07\/Soiree-3-1024x577.jpg 1024w, https:\/\/www.clg-berty-albrecht.ac-nice.fr\/wp-content\/uploads\/sites\/120\/2023\/07\/Soiree-3-768x433.jpg 768w, https:\/\/www.clg-berty-albrecht.ac-nice.fr\/wp-content\/uploads\/sites\/120\/2023\/07\/Soiree-3.jpg 1500w\" sizes=\"auto, (max-width: 534px) 100vw, 534px\" \/><\/p>\n<p>Photographies prises avec le nouveau t\u00e9lescope :<\/p>\n<p><img loading=\"lazy\" decoding=\"async\" class=\"alignnone wp-image-1513\" src=\"https:\/\/www.clg-berty-albrecht.ac-nice.fr\/wp-content\/uploads\/sites\/120\/2023\/07\/Soiree-4-300x145.jpg\" alt=\"\" width=\"536\" height=\"259\" srcset=\"https:\/\/www.clg-berty-albrecht.ac-nice.fr\/wp-content\/uploads\/sites\/120\/2023\/07\/Soiree-4-300x145.jpg 300w, https:\/\/www.clg-berty-albrecht.ac-nice.fr\/wp-content\/uploads\/sites\/120\/2023\/07\/Soiree-4-1024x495.jpg 1024w, https:\/\/www.clg-berty-albrecht.ac-nice.fr\/wp-content\/uploads\/sites\/120\/2023\/07\/Soiree-4-768x371.jpg 768w, https:\/\/www.clg-berty-albrecht.ac-nice.fr\/wp-content\/uploads\/sites\/120\/2023\/07\/Soiree-4.jpg 1500w\" sizes=\"auto, (max-width: 536px) 100vw, 536px\" \/><\/p>\n<p>Exemples d\u2019expos\u00e9s cr\u00e9\u00e9s par les \u00e9l\u00e8ves :<\/p>\n<p><img loading=\"lazy\" decoding=\"async\" class=\"alignnone wp-image-1514\" src=\"https:\/\/www.clg-berty-albrecht.ac-nice.fr\/wp-content\/uploads\/sites\/120\/2023\/07\/Soiree-5-300x144.jpg\" alt=\"\" width=\"538\" height=\"258\" srcset=\"https:\/\/www.clg-berty-albrecht.ac-nice.fr\/wp-content\/uploads\/sites\/120\/2023\/07\/Soiree-5-300x144.jpg 300w, https:\/\/www.clg-berty-albrecht.ac-nice.fr\/wp-content\/uploads\/sites\/120\/2023\/07\/Soiree-5-1024x492.jpg 1024w, https:\/\/www.clg-berty-albrecht.ac-nice.fr\/wp-content\/uploads\/sites\/120\/2023\/07\/Soiree-5-768x369.jpg 768w, https:\/\/www.clg-berty-albrecht.ac-nice.fr\/wp-content\/uploads\/sites\/120\/2023\/07\/Soiree-5.jpg 1500w\" sizes=\"auto, (max-width: 538px) 100vw, 538px\" \/><\/p>\n<p><span style=\"font-size: 24pt\">Sur l\u2019ann\u00e9e enti\u00e8re : les cadrans solaires&nbsp;<\/span><br \/>\nL\u2019\u00e9tude des mat\u00e9riaux, des objets techniques et de leur \u00e9volution ainsi que l\u2019\u00e9tude des mouvements des plan\u00e8tes du syst\u00e8me solaire nous a permis<br \/>\nde comprendre et de construire des cadrans solaires horizontaux (\u00e0 poser). Leur fabrication demande des comp\u00e9tences de plusieurs disciplines : la<br \/>\nphysique et la technologie en premier lieu et pour les raisons pr\u00e9c\u00e9dentes mais aussi les math\u00e9matiques pour le trac\u00e9 des heures, les lettres<br \/>\nclassiques pour la citation latine, et l\u2019art plastique pour le choix des d\u00e9corations. Les cadrans solaires ont ensuite \u00e9t\u00e9 utilis\u00e9s par les \u00e9l\u00e8ves en<br \/>\next\u00e9rieur afin de d\u00e9terminer l\u2019heure.<\/p>\n<p>Construction des cadrans solaires :<\/p>\n<p><img loading=\"lazy\" decoding=\"async\" class=\"alignnone wp-image-1500\" src=\"https:\/\/www.clg-berty-albrecht.ac-nice.fr\/wp-content\/uploads\/sites\/120\/2023\/07\/Cadran-01-300x133.jpg\" alt=\"\" width=\"528\" height=\"234\" srcset=\"https:\/\/www.clg-berty-albrecht.ac-nice.fr\/wp-content\/uploads\/sites\/120\/2023\/07\/Cadran-01-300x133.jpg 300w, https:\/\/www.clg-berty-albrecht.ac-nice.fr\/wp-content\/uploads\/sites\/120\/2023\/07\/Cadran-01-1024x455.jpg 1024w, https:\/\/www.clg-berty-albrecht.ac-nice.fr\/wp-content\/uploads\/sites\/120\/2023\/07\/Cadran-01-768x342.jpg 768w, https:\/\/www.clg-berty-albrecht.ac-nice.fr\/wp-content\/uploads\/sites\/120\/2023\/07\/Cadran-01.jpg 1500w\" sizes=\"auto, (max-width: 528px) 100vw, 528px\" \/>&nbsp;<\/p>\n<p>&nbsp;<\/p>\n<p>Utilisation des cadrans solaires :<\/p>\n<p><img loading=\"lazy\" decoding=\"async\" class=\"alignnone wp-image-1502\" src=\"https:\/\/www.clg-berty-albrecht.ac-nice.fr\/wp-content\/uploads\/sites\/120\/2023\/07\/Cadran-03-300x225.jpg\" alt=\"\" width=\"533\" height=\"400\" srcset=\"https:\/\/www.clg-berty-albrecht.ac-nice.fr\/wp-content\/uploads\/sites\/120\/2023\/07\/Cadran-03-300x225.jpg 300w, https:\/\/www.clg-berty-albrecht.ac-nice.fr\/wp-content\/uploads\/sites\/120\/2023\/07\/Cadran-03-768x576.jpg 768w, https:\/\/www.clg-berty-albrecht.ac-nice.fr\/wp-content\/uploads\/sites\/120\/2023\/07\/Cadran-03.jpg 1008w\" sizes=\"auto, (max-width: 533px) 100vw, 533px\" \/><\/p>\n<p><img loading=\"lazy\" decoding=\"async\" class=\"alignnone wp-image-1503\" src=\"https:\/\/www.clg-berty-albrecht.ac-nice.fr\/wp-content\/uploads\/sites\/120\/2023\/07\/Cadran-04-300x225.jpg\" alt=\"\" width=\"532\" height=\"399\" srcset=\"https:\/\/www.clg-berty-albrecht.ac-nice.fr\/wp-content\/uploads\/sites\/120\/2023\/07\/Cadran-04-300x225.jpg 300w, https:\/\/www.clg-berty-albrecht.ac-nice.fr\/wp-content\/uploads\/sites\/120\/2023\/07\/Cadran-04-768x576.jpg 768w, https:\/\/www.clg-berty-albrecht.ac-nice.fr\/wp-content\/uploads\/sites\/120\/2023\/07\/Cadran-04.jpg 1008w\" sizes=\"auto, (max-width: 532px) 100vw, 532px\" \/><\/p>\n<p><span style=\"font-size: 24pt\">30\/05\/23 &#8211; Sortie \u00e0 l\u2019observatoire<\/span><br \/>\nSitu\u00e9 au sommet du Mont des Oiseaux \u00e0 Hy\u00e8res, l\u2019observatoire du Pic des F\u00e9es offre une vue imprenable sur la M\u00e9diterran\u00e9e et la presqu\u2019\u00eele de<br \/>\nGiens. La journ\u00e9e a \u00e9t\u00e9 d\u00e9coup\u00e9e en de nombreux ateliers p\u00e9dagogiques (plan\u00e9tarium, observation du Soleil, cadran solaire g\u00e9ant, climat et<br \/>\nsaisons, plan\u00e9taire, projections d&rsquo;images et vid\u00e9os et enfin les m\u00e9t\u00e9orites) avec une pause pique-nique \u00e0 midi afin de refaire le plein d\u2019\u00e9nergie. Les<br \/>\n\u00e9l\u00e8ves ont pu, lors de cette journ\u00e9e, revoir d&rsquo;une mani\u00e8re diff\u00e9rente et approfondir leurs connaissances diverses li\u00e9es \u00e0 l&rsquo;espace.<\/p>\n<p>Arriv\u00e9e sur site :<\/p>\n<p><img loading=\"lazy\" decoding=\"async\" class=\"alignnone wp-image-1504\" src=\"https:\/\/www.clg-berty-albrecht.ac-nice.fr\/wp-content\/uploads\/sites\/120\/2023\/07\/Observatoire-01-219x300.jpg\" alt=\"\" width=\"535\" height=\"733\" srcset=\"https:\/\/www.clg-berty-albrecht.ac-nice.fr\/wp-content\/uploads\/sites\/120\/2023\/07\/Observatoire-01-219x300.jpg 219w, https:\/\/www.clg-berty-albrecht.ac-nice.fr\/wp-content\/uploads\/sites\/120\/2023\/07\/Observatoire-01-746x1024.jpg 746w, https:\/\/www.clg-berty-albrecht.ac-nice.fr\/wp-content\/uploads\/sites\/120\/2023\/07\/Observatoire-01-768x1054.jpg 768w, https:\/\/www.clg-berty-albrecht.ac-nice.fr\/wp-content\/uploads\/sites\/120\/2023\/07\/Observatoire-01.jpg 1093w\" sizes=\"auto, (max-width: 535px) 100vw, 535px\" \/><\/p>\n<p>Ateliers \u201cles dangers du Soleil\u201d, \u201cobservation du Soleil\u201d et \u201ccadran solaire g\u00e9ant\u201d :<\/p>\n<p><img loading=\"lazy\" decoding=\"async\" class=\"alignnone wp-image-1528\" src=\"https:\/\/www.clg-berty-albrecht.ac-nice.fr\/wp-content\/uploads\/sites\/120\/2023\/07\/Observatoire-02-1-220x300.jpg\" alt=\"\" width=\"529\" height=\"721\" srcset=\"https:\/\/www.clg-berty-albrecht.ac-nice.fr\/wp-content\/uploads\/sites\/120\/2023\/07\/Observatoire-02-1-220x300.jpg 220w, https:\/\/www.clg-berty-albrecht.ac-nice.fr\/wp-content\/uploads\/sites\/120\/2023\/07\/Observatoire-02-1-750x1024.jpg 750w\" sizes=\"auto, (max-width: 529px) 100vw, 529px\" \/><br \/>\nAteliers \u201cobservation du Soleil\u201d et \u201cprojections\u201d :<\/p>\n<p>&nbsp;<\/p>\n<p><img loading=\"lazy\" decoding=\"async\" class=\"alignnone wp-image-1506\" src=\"https:\/\/www.clg-berty-albrecht.ac-nice.fr\/wp-content\/uploads\/sites\/120\/2023\/07\/Observatoire-03-300x288.jpg\" alt=\"\" width=\"531\" height=\"510\" srcset=\"https:\/\/www.clg-berty-albrecht.ac-nice.fr\/wp-content\/uploads\/sites\/120\/2023\/07\/Observatoire-03-300x288.jpg 300w, https:\/\/www.clg-berty-albrecht.ac-nice.fr\/wp-content\/uploads\/sites\/120\/2023\/07\/Observatoire-03-1024x985.jpg 1024w, https:\/\/www.clg-berty-albrecht.ac-nice.fr\/wp-content\/uploads\/sites\/120\/2023\/07\/Observatoire-03-768x739.jpg 768w, https:\/\/www.clg-berty-albrecht.ac-nice.fr\/wp-content\/uploads\/sites\/120\/2023\/07\/Observatoire-03.jpg 1458w\" sizes=\"auto, (max-width: 531px) 100vw, 531px\" \/><\/p>\n<p>Ateliers \u201cplan\u00e9tarium\u201d et \u201cplan\u00e9taire\u201d :&nbsp;<\/p>\n<p>&nbsp;<\/p>\n<p>Pause d\u00e9jeuner :<\/p>\n<p><img loading=\"lazy\" decoding=\"async\" class=\"alignnone wp-image-1508\" src=\"https:\/\/www.clg-berty-albrecht.ac-nice.fr\/wp-content\/uploads\/sites\/120\/2023\/07\/Observatoire-05-214x300.jpg\" alt=\"\" width=\"530\" height=\"743\" srcset=\"https:\/\/www.clg-berty-albrecht.ac-nice.fr\/wp-content\/uploads\/sites\/120\/2023\/07\/Observatoire-05-214x300.jpg 214w, https:\/\/www.clg-berty-albrecht.ac-nice.fr\/wp-content\/uploads\/sites\/120\/2023\/07\/Observatoire-05-730x1024.jpg 730w, https:\/\/www.clg-berty-albrecht.ac-nice.fr\/wp-content\/uploads\/sites\/120\/2023\/07\/Observatoire-05-768x1077.jpg 768w, https:\/\/www.clg-berty-albrecht.ac-nice.fr\/wp-content\/uploads\/sites\/120\/2023\/07\/Observatoire-05.jpg 1070w\" sizes=\"auto, (max-width: 530px) 100vw, 530px\" \/><\/p>\n<p>En souvenir de cette journ\u00e9e :<\/p>\n<p>&nbsp;<\/p>\n","protected":false},"excerpt":{"rendered":"<p>05\/12\/22 &#8211; Soir\u00e9e astronomie L\u2019association de l\u2019observatoire du Pic des f\u00e9es de Hy\u00e8res est intervenue au coll\u00e8ge en soir\u00e9e avec leurs t\u00e9lescopes. Avant la tomb\u00e9e de la nuit, la Lune \u00e9tait d\u00e9j\u00e0 visible. Les \u00e9l\u00e8ves ont pu observer et faire des photographies de notre satellite naturel avec un fort grossissement, permettant de faire ressortir les [&hellip;]<\/p>\n","protected":false},"author":649,"featured_media":0,"comment_status":"closed","ping_status":"closed","sticky":false,"template":"","format":"standard","meta":{"ngg_post_thumbnail":0,"footnotes":""},"categories":[1],"tags":[],"class_list":["post-1499","post","type-post","status-publish","format-standard","hentry","category-non-classe"],"_links":{"self":[{"href":"https:\/\/www.clg-berty-albrecht.ac-nice.fr\/index.php?rest_route=\/wp\/v2\/posts\/1499","targetHints":{"allow":["GET"]}}],"collection":[{"href":"https:\/\/www.clg-berty-albrecht.ac-nice.fr\/index.php?rest_route=\/wp\/v2\/posts"}],"about":[{"href":"https:\/\/www.clg-berty-albrecht.ac-nice.fr\/index.php?rest_route=\/wp\/v2\/types\/post"}],"author":[{"embeddable":true,"href":"https:\/\/www.clg-berty-albrecht.ac-nice.fr\/index.php?rest_route=\/wp\/v2\/users\/649"}],"replies":[{"embeddable":true,"href":"https:\/\/www.clg-berty-albrecht.ac-nice.fr\/index.php?rest_route=%2Fwp%2Fv2%2Fcomments&post=1499"}],"version-history":[{"count":0,"href":"https:\/\/www.clg-berty-albrecht.ac-nice.fr\/index.php?rest_route=\/wp\/v2\/posts\/1499\/revisions"}],"wp:attachment":[{"href":"https:\/\/www.clg-berty-albrecht.ac-nice.fr\/index.php?rest_route=%2Fwp%2Fv2%2Fmedia&parent=1499"}],"wp:term":[{"taxonomy":"category","embeddable":true,"href":"https:\/\/www.clg-berty-albrecht.ac-nice.fr\/index.php?rest_route=%2Fwp%2Fv2%2Fcategories&post=1499"},{"taxonomy":"post_tag","embeddable":true,"href":"https:\/\/www.clg-berty-albrecht.ac-nice.fr\/index.php?rest_route=%2Fwp%2Fv2%2Ftags&post=1499"}],"curies":[{"name":"wp","href":"https:\/\/api.w.org\/{rel}","templated":true}]}}