{"id":142,"date":"2012-12-25T18:58:04","date_gmt":"2012-12-25T17:58:04","guid":{"rendered":"https:\/\/wmu.ac-nice.fr\/clg-albrecht\/2012\/12\/25\/les-premiers-pas\/"},"modified":"2012-12-25T18:58:04","modified_gmt":"2012-12-25T17:58:04","slug":"les-premiers-pas","status":"publish","type":"post","link":"https:\/\/www.clg-berty-albrecht.ac-nice.fr\/?p=142","title":{"rendered":"Les premiers pas &#8230;"},"content":{"rendered":"<p>&nbsp;<\/p>\n<p>Nos \u00e9l\u00e8ves ont r\u00e9alis\u00e9 leurs premiers produits : un d\u00e9odorant, un gloss et un baume \u00e0 l\u00e8vres.<\/p>\n<p><img loading=\"lazy\" decoding=\"async\" class=\" size-full wp-image-139\" src=\"http:\/\/wmu.ac-nice.fr\/clg-albrecht\/wp-content\/uploads\/sites\/120\/2012\/12\/2012-12-18-12.47.40.jpg\" alt=\"\" border=\"0\" width=\"257\" height=\"343\" srcset=\"https:\/\/www.clg-berty-albrecht.ac-nice.fr\/wp-content\/uploads\/sites\/120\/2012\/12\/2012-12-18-12.47.40.jpg 257w, https:\/\/www.clg-berty-albrecht.ac-nice.fr\/wp-content\/uploads\/sites\/120\/2012\/12\/2012-12-18-12.47.40-225x300.jpg 225w\" sizes=\"auto, (max-width: 257px) 100vw, 257px\" \/><img loading=\"lazy\" decoding=\"async\" class=\" size-full wp-image-140\" src=\"http:\/\/wmu.ac-nice.fr\/clg-albrecht\/wp-content\/uploads\/sites\/120\/2012\/12\/2012-12-18-13.08.39.jpg\" alt=\"\" border=\"0\" width=\"239\" height=\"140\" \/><img loading=\"lazy\" decoding=\"async\" class=\" size-full wp-image-141\" src=\"http:\/\/wmu.ac-nice.fr\/clg-albrecht\/wp-content\/uploads\/sites\/120\/2012\/12\/2012-12-18-12.48.15.jpg\" alt=\"\" border=\"0\" width=\"441\" height=\"330\" srcset=\"https:\/\/www.clg-berty-albrecht.ac-nice.fr\/wp-content\/uploads\/sites\/120\/2012\/12\/2012-12-18-12.48.15.jpg 441w, https:\/\/www.clg-berty-albrecht.ac-nice.fr\/wp-content\/uploads\/sites\/120\/2012\/12\/2012-12-18-12.48.15-300x224.jpg 300w\" sizes=\"auto, (max-width: 441px) 100vw, 441px\" \/><\/p>\n","protected":false},"excerpt":{"rendered":"<p>&nbsp; Nos \u00e9l\u00e8ves ont r\u00e9alis\u00e9 leurs premiers produits : un d\u00e9odorant, un gloss et un baume \u00e0 l\u00e8vres.<\/p>\n","protected":false},"author":448,"featured_media":139,"comment_status":"closed","ping_status":"closed","sticky":false,"template":"","format":"standard","meta":{"ngg_post_thumbnail":0,"footnotes":""},"categories":[1],"tags":[],"class_list":["post-142","post","type-post","status-publish","format-standard","has-post-thumbnail","hentry","category-non-classe"],"_links":{"self":[{"href":"https:\/\/www.clg-berty-albrecht.ac-nice.fr\/index.php?rest_route=\/wp\/v2\/posts\/142","targetHints":{"allow":["GET"]}}],"collection":[{"href":"https:\/\/www.clg-berty-albrecht.ac-nice.fr\/index.php?rest_route=\/wp\/v2\/posts"}],"about":[{"href":"https:\/\/www.clg-berty-albrecht.ac-nice.fr\/index.php?rest_route=\/wp\/v2\/types\/post"}],"author":[{"embeddable":true,"href":"https:\/\/www.clg-berty-albrecht.ac-nice.fr\/index.php?rest_route=\/wp\/v2\/users\/448"}],"replies":[{"embeddable":true,"href":"https:\/\/www.clg-berty-albrecht.ac-nice.fr\/index.php?rest_route=%2Fwp%2Fv2%2Fcomments&post=142"}],"version-history":[{"count":0,"href":"https:\/\/www.clg-berty-albrecht.ac-nice.fr\/index.php?rest_route=\/wp\/v2\/posts\/142\/revisions"}],"wp:featuredmedia":[{"embeddable":true,"href":"https:\/\/www.clg-berty-albrecht.ac-nice.fr\/index.php?rest_route=\/wp\/v2\/media\/139"}],"wp:attachment":[{"href":"https:\/\/www.clg-berty-albrecht.ac-nice.fr\/index.php?rest_route=%2Fwp%2Fv2%2Fmedia&parent=142"}],"wp:term":[{"taxonomy":"category","embeddable":true,"href":"https:\/\/www.clg-berty-albrecht.ac-nice.fr\/index.php?rest_route=%2Fwp%2Fv2%2Fcategories&post=142"},{"taxonomy":"post_tag","embeddable":true,"href":"https:\/\/www.clg-berty-albrecht.ac-nice.fr\/index.php?rest_route=%2Fwp%2Fv2%2Ftags&post=142"}],"curies":[{"name":"wp","href":"https:\/\/api.w.org\/{rel}","templated":true}]}}