{"id":138,"date":"2012-12-25T17:28:05","date_gmt":"2012-12-25T16:28:05","guid":{"rendered":"https:\/\/wmu.ac-nice.fr\/clg-albrecht\/2012\/12\/25\/voyage-scientifique-a-paris-2e-edition8\/"},"modified":"2012-12-25T17:28:05","modified_gmt":"2012-12-25T16:28:05","slug":"voyage-scientifique-a-paris-2e-edition8","status":"publish","type":"post","link":"https:\/\/www.clg-berty-albrecht.ac-nice.fr\/?p=138","title":{"rendered":"Voyage scientifique \u00e0 Paris (2e \u00e9dition, programme d\u00e9finitif)"},"content":{"rendered":"<p>\u00a0<\/p>\n<p><span style=\"font-size: medium;\"><span style=\"color: #000000;\"><span style=\"font-size: small;\"><span style=\"color: #000000;\"><span style=\"font-size: medium;\">Lors de ce voyage, les \u00e9l\u00e8ves participeront \u00e0 des ateliers, des expos\u00e9s et des films, portant sur divers th\u00e8mes scientifiques, comme la physique, la chimie et la biologie. Encadr\u00e9s par des animateurs passionn\u00e9s et sp\u00e9cialistes de leur discipline, ils seront en immersion totale dans cet univers de sciences.<\/span><\/span><\/span><\/span><\/span><\/p>\n<p><span style=\"font-size: medium;\">\u00a0<\/span><\/p>\n<h3><strong><span style=\"font-size: medium;\"><span style=\"color: #ff00ff;\"><span style=\"color: #ad00ad;\"><span style=\"text-decoration: underline;\"><span style=\"font-size: large;\">Programme du voyage :<\/span><\/span><\/span><\/span><\/span><\/strong><\/h3>\n<p><span style=\"font-size: medium;\"><span style=\"color: #000080;\"><span style=\"text-decoration: underline;\">D\u00e9part :<\/span><\/span> <span style=\"color: #000000;\">le lundi 30 septembre 2013. Rendez-vous \u00e0 20h devant le coll\u00e8ge (les \u00e9l\u00e8ves devront avoir d\u00eener).<\/span><\/span><\/p>\n<p><span style=\"font-size: medium;\"><span style=\"color: #000080;\"><span style=\"text-decoration: underline;\">Retour :<\/span><\/span> <span style=\"color: #000000;\">le samedi 5 octobre 2013, vers 8h, devant le coll\u00e8ge.<\/span><\/span><\/p>\n<p><span style=\"font-size: small;\"><span style=\"color: #000000;\"><span style=\"font-size: medium;\">Le voyage se fera en car, de nuit. Les \u00e9l\u00e8ves seront h\u00e9berg\u00e9s en pension compl\u00e8te dans le centr<span style=\"color: #000000;\">e <\/span><span style=\"color: #000000;\"><span style=\"color: #000000;\"><a href=\"https:\/\/maps.google.fr\/maps?q=cisp+kellermann+paris&#038;hl=fr&#038;ie=UTF8&#038;ll=48.86878,2.356567&#038;spn=0.131209,0.338173&#038;sll=43.458248,6.848472&#038;sspn=0.144791,0.338173&#038;hq=cisp+kellermann&#038;hnear=Paris,+%C3%8Ele-de-France&#038;t=m&#038;z=12&#038;iwloc=A\">CISP Kellermann<\/a>. T<\/span>o<\/span>us les repas, y compris les d\u00e9jeuners, seront chauds, pris en caf\u00e9t\u00e9ria proche de nos lieux de visite.<\/span><\/span><\/span><\/p>\n<p><span style=\"font-size: medium;\">\u00a0<\/span><\/p>\n<ul>\n<li><strong><span style=\"color: #800080;\"><span style=\"text-decoration: underline;\"><span style=\"font-size: large;\">Journ\u00e9e 1 : Palais de la D\u00e9couverte<\/span><\/span><\/span><\/strong><\/li>\n<\/ul>\n<p style=\"padding-left: 30px;\"><span style=\"text-decoration: line-through;\"><span style=\"font-size: medium;\"><img loading=\"lazy\" decoding=\"async\" class=\" alignleft size-full wp-image-134\" src=\"http:\/\/wmu.ac-nice.fr\/clg-albrecht\/wp-content\/uploads\/sites\/120\/2012\/12\/palais-de-la-decouverte.jpg\" border=\"0\" style=\"float: left;\" width=\"243\" height=\"161\" \/><\/span><\/span><\/p>\n<p><span style=\"color: #000000;\"><span style=\"font-size: medium;\">Nous passerons la journ\u00e9e au Palais de la D\u00e9couverte. Les \u00e9l\u00e8ves participeront \u00e0 deux ateliers :<\/span><\/span><\/p>\n<p><span style=\"color: #000000;\"><span style=\"font-size: medium;\">\u00a0<\/span><\/span><\/p>\n<table style=\"border: 0px solid #000000;\" border=\"0\" rules=\"all\">\n<tbody>\n<tr>\n<td>\u00a0<\/td>\n<td style=\"text-align: center;\"><span style=\"font-size: small;\"><span style=\"color: #800080;\"><strong><span style=\"color: #000080;\"><span style=\"font-size: medium;\">Groupe 1<\/span><\/span><\/strong><\/span><\/span><\/td>\n<td style=\"text-align: center;\"><span style=\"font-size: small;\"><span style=\"color: #800080;\"><strong><span style=\"color: #000080;\"><span style=\"font-size: medium;\">Groupe 2<\/span><\/span><\/strong><\/span><\/span><\/td>\n<\/tr>\n<tr>\n<td><span style=\"font-size: small;\"><span style=\"color: #800080;\"><strong><span style=\"color: #000080;\"><span style=\"font-size: medium;\">10h<\/span><\/span><\/strong><\/span><\/span><\/td>\n<td><span style=\"font-size: small;\"><span style=\"color: #000000;\"><span style=\"font-size: medium;\">La physique sur un man\u00e8ge<\/span><\/span><\/span><\/td>\n<td><span style=\"font-size: small;\"><span style=\"color: #000000;\"><span style=\"font-size: medium;\">Jouez avec vos sens<\/span><\/span><\/span><\/td>\n<\/tr>\n<tr>\n<td><span style=\"font-size: small;\"><span style=\"color: #800080;\"><strong><span style=\"color: #000080;\"><span style=\"font-size: medium;\">11h<\/span><\/span><\/strong><\/span><\/span><\/td>\n<td><span style=\"color: #000000; font-size: 10px;\"><span style=\"font-size: small;\"><span style=\"font-size: small;\"><span style=\"color: #000000;\"><span style=\"font-size: medium;\">Jouez avec vos sens <\/span><\/span><\/span><\/span><\/span><\/td>\n<td><span style=\"color: #000000; font-size: 10px;\"><span style=\"font-size: small;\"><span style=\"font-size: small;\"><span style=\"color: #000000;\"><span style=\"font-size: medium;\">La physique sur un man\u00e8ge<\/span><\/span><\/span><\/span><\/span><\/td>\n<\/tr>\n<\/tbody>\n<\/table>\n<p>\u00a0<\/p>\n<p><span style=\"color: #ff6600;\"><a href=\"https:\/\/maps.google.fr\/maps?saddr=Palais+de+la+d%C3%A9couverte,+Avenue+Franklin+Delano+Roosevelt,+Paris&#038;daddr=Flam's,+Rue+du+Colis%C3%A9e,+Paris&#038;hl=fr&#038;ie=UTF8&#038;ll=48.8683,2.313094&#038;spn=0.016401,0.042272&#038;sll=48.865166,2.330303&#038;sspn=0.032805,0.084543&#038;geocode=FaCj6QId5UIjACHU61RN-HgDySmHCgy52m_mRzHU61RN-HgDyQ%3BFaO16QIdIjojACFbSrqQZ62wVSnxWPw3xG_mRzFbSrqQZ62wVQ&#038;oq=Flam's+coli&#038;mra=ls&#038;t=m&#038;z=15\"><span style=\"color: #993300;\"><span style=\"font-size: medium;\">D\u00e9jeuner au Flam&rsquo;s Colis\u00e9e<\/span><\/span><\/a><\/span><\/p>\n<p><span style=\"color: #ff6600;\"><span style=\"color: #993300;\"><span style=\"font-size: medium;\">\u00a0<\/span><\/span><\/span><\/p>\n<p><span style=\"color: #000000;\"><span style=\"font-size: medium;\">L&rsquo;apr\u00e8s-midi, les \u00e9l\u00e8ves feront une visite libre des expositions permanentes du mus\u00e9e. Ils auront des questionnaires qui leur permettront d&rsquo;\u00e9voluer en toute autonomie dans le Palais et de comprendre les ph\u00e9nom\u00e8nes pr\u00e9sent\u00e9s.<\/span><\/span><\/p>\n<p><span style=\"color: #000000;\"><span style=\"font-size: medium;\">\u00a0<\/span><\/span><\/p>\n<p><span style=\"color: #000000;\"><span style=\"font-size: medium;\">Le retour vers l&rsquo;h\u00e9bergement se fera exceptionnellement en m\u00e9tro car le bus doit rester immobilis\u00e9 toute la journ\u00e9e apr\u00e8s le voyage de nuit.<\/span><\/span><\/p>\n<ul>\n<li><strong><span style=\"color: #800080;\"><span style=\"text-decoration: underline;\"><span style=\"font-size: large;\">Journ\u00e9e 2 : Mus\u00e9um d&rsquo;Histoire Naturelle<\/span><\/span><\/span><\/strong><\/li>\n<\/ul>\n<div><span style=\"font-size: small;\"><span style=\"font-weight: normal;\"><span style=\"font-size: medium;\"><span style=\"color: #000000;\">D\u00e9part \u00e0 9h30.<\/span><\/span><\/span><\/span><\/div>\n<p style=\"padding-left: 30px;\"><span style=\"text-decoration: line-through;\"><span style=\"font-size: medium;\"><img loading=\"lazy\" decoding=\"async\" class=\" alignleft size-full wp-image-135\" src=\"http:\/\/wmu.ac-nice.fr\/clg-albrecht\/wp-content\/uploads\/sites\/120\/2012\/12\/museum-national-d-histoire-naturelle.jpg\" border=\"0\" style=\"float: left;\" width=\"231\" height=\"154\" \/><\/span><\/span><\/p>\n<p><span style=\"font-size: medium;\">\u00a0<\/span><\/p>\n<p>\u00a0<\/p>\n<p><span style=\"color: #000000;\"><span style=\"font-size: medium;\">La journ\u00e9e sera consacr\u00e9e \u00e0 la visite de la <span style=\"color: #000000;\"><strong><span style=\"color: #000080;\"><span style=\"text-decoration: underline;\">Grande Galerie de l&rsquo;Evolution<\/span><\/span><\/strong><\/span> sur le th\u00e8me \u00ab\u00a0<strong><span style=\"text-decoration: underline;\"><span style=\"color: #000080;\"><a href=\"http:\/\/www.mnhn.fr\/museum\/foffice\/ecole\/ecole\/touteLoffre\/touteloffre\/resultats\/fiche_activite.xsp?AE_ID=4810&#038;LIEU_ID=164&#038;MAN_ID=5929&#038;SITE_ID=10&#038;idx=39&#038;nav=liste\"><span style=\"color: #000080;\">esp\u00e8ces menac\u00e9es, esp\u00e8ces disparues<\/span><\/a><\/span><\/span><\/strong>\u00a0\u00bb et \u00e0 la participation \u00e0 l&rsquo;atelier \u00ab\u00a0<strong><span style=\"text-decoration: underline;\"><span style=\"color: #000080;\"><a href=\"http:\/\/www.mnhn.fr\/museum\/foffice\/ecole\/ecole\/touteLoffre\/touteloffre\/resultats\/fiche_activite.xsp?AE_ID=11596&#038;LIEU_ID=210&#038;MAN_ID=20226&#038;SITE_ID=10&#038;idx=30&#038;nav=liste\"><span style=\"color: #000080;\">Trop de d\u00e9chets<\/span><\/a><\/span><\/span><\/strong>\u00ab\u00a0.<\/span><\/span><\/p>\n<p><span style=\"font-size: medium;\">\u00a0<\/span><\/p>\n<p>\u00a0<\/p>\n<p><span style=\"color: #ff6600;\"><span style=\"text-decoration: underline;\"><a href=\"https:\/\/maps.google.fr\/maps?saddr=Jardin+des+Plantes,+Paris&#038;daddr=Restaurant+universitaire+Censier,+Rue+Geoffroy-Saint-Hilaire,+Paris&#038;hl=fr&#038;ll=48.841616,2.358263&#038;spn=0.008205,0.021136&#038;sll=48.8683,2.313094&#038;sspn=0.016401,0.042272&#038;geocode=FbpM6QIdMAEkAClp2_ib8XHmRzGuip6D_T2EEA%3BFY1A6QIdXfIjACGS3__iZ5WwwCk76MYf8nHmRzGS3__iZ5WwwA&#038;oq=restaurant+univer&#038;mra=ls&#038;t=m&#038;z=16\"><span style=\"color: #993300;\"><span style=\"font-size: medium;\">D\u00e9jeuner au restaurant universitaire censier<\/span><\/span><\/a><\/span><\/span><\/p>\n<p><span style=\"font-size: medium;\">\u00a0<\/span><\/p>\n<ul>\n<li><strong><span style=\"color: #800080;\"><span style=\"text-decoration: underline;\"><span style=\"font-size: large;\">Journ\u00e9e 3 : Cit\u00e9 des Sciences<\/span><\/span><\/span><\/strong><\/li>\n<\/ul>\n<div><span style=\"font-size: medium; color: #000000;\"><span style=\"font-weight: normal;\"><span style=\"color: #000000;\">D\u00e9part \u00e0 9h00.<\/span><\/span><\/span><\/div>\n<p style=\"padding-left: 30px;\"><span style=\"text-decoration: line-through;\"><span style=\"font-size: medium;\"><img loading=\"lazy\" decoding=\"async\" class=\" alignleft size-full wp-image-136\" src=\"http:\/\/wmu.ac-nice.fr\/clg-albrecht\/wp-content\/uploads\/sites\/120\/2012\/12\/geode.jpg\" border=\"0\" style=\"float: left;\" width=\"225\" height=\"169\" \/><\/span><\/span><\/p>\n<p>\u00a0<\/p>\n<p>\u00a0<\/p>\n<p>\u00a0<\/p>\n<p><span style=\"color: #000000;\"><span style=\"font-size: medium;\"><span style=\"color: #000000;\">Le matin, les \u00e9l\u00e8ves participeront, en groupe, \u00e0 l&rsquo;atelier <strong><span style=\"text-decoration: underline;\"><span style=\"color: #000080;\">math\u00e9magie<\/span><\/span><\/strong>.<\/span><\/span><\/span><\/p>\n<p><span style=\"font-size: medium;\"><span style=\"color: #000000;\">Visite libre, avec questionnaire, des expositions \u00ab\u00a0<a href=\"http:\/\/www.cite-sciences.fr\/cs\/Satellite?c=PortailParams&#038;cid=1195216502897&#038;pagename=Portail%2FGRU%2FPortailLayout&#038;pid=1195216502897\">Le Grand R\u00e9cit de l&rsquo;Univers<\/a>\u00ab\u00a0, \u00ab\u00a0Jeux de Lumi\u00e8re\u00a0\u00bb et \u00ab\u00a0<a href=\"http:\/\/www.cite-sciences.fr\/francais\/ala_cite\/expositions\/habiter_demain\/\">Habiter Demain<\/a>\u00ab\u00a0<\/span><\/span><\/p>\n<p>\u00a0\u00a0<\/p>\n<p><span style=\"font-size: medium;\"><span style=\"color: #993300;\"><span style=\"text-decoration: underline;\">D\u00e9jeuner au Quick Villette<\/span><\/span><\/span><\/p>\n<p><span style=\"font-size: medium;\"><span style=\"color: #993300;\"><span style=\"text-decoration: underline;\">\u00a0<\/span><\/span><\/span><\/p>\n<p><span style=\"font-size: medium; color: #000000;\">14h30 : <span style=\"text-decoration: underline;\">G\u00e9ode<\/span> : <a href=\"http:\/\/www.lageode.fr\/programme\/imax\/borntobewild\/\"><span style=\"color: #000080;\"><strong>Born to Be Wild<\/strong><\/span><\/a><\/span><\/p>\n<p><span style=\"font-size: medium; color: #000000;\">16 h : <span style=\"text-decoration: underline;\">Plan\u00e9tarium<\/span> : <a href=\"http:\/\/www.cite-sciences.fr\/fr\/cite-des-sciences\/contenu\/c\/1239022828572\/planetarium\/\"><span style=\"color: #000080;\"><strong>Le Voyageur du Ciel<\/strong><\/span><\/a><\/span><\/p>\n<ul>\n<li><strong><span style=\"color: #800080;\"><span style=\"text-decoration: underline;\"><span style=\"font-size: medium;\">Journ\u00e9e 4 : Pariscience<\/span><\/span><\/span><\/strong><\/li>\n<\/ul>\n<p style=\"padding-left: 30px;\"><span style=\"font-size: medium;\"><span style=\"color: #000000;\">Dans le parc du jardin des plantes, utilisant les b\u00e2timents du Mus\u00e9um d&rsquo;Histoire Naturelle, chaque ann\u00e9e s&rsquo;organise le festival international du film scientifique Pariscience. Une\u00a0s\u00e9ance est compos\u00e9e d&rsquo;un film scientifique suivi d&rsquo;un d\u00e9bat avec ses repr\u00e9sentants. Certains sont r\u00e9serv\u00e9s aux scolaires<\/span><\/span><\/p>\n<p><span style=\"font-size: medium;\"><img loading=\"lazy\" decoding=\"async\" class=\" size-full wp-image-137\" src=\"http:\/\/wmu.ac-nice.fr\/clg-albrecht\/wp-content\/uploads\/sites\/120\/2012\/12\/pariscience2013.jpg\" border=\"0\" width=\"251\" height=\"142\" \/><\/span><\/p>\n<p><span style=\"font-size: medium;\"><span style=\"color: #000000;\">La matin\u00e9e sera r\u00e9serv\u00e9e \u00e0 la visite de la <a href=\"http:\/\/www.mnhn.fr\/museum\/foffice\/tous\/tous\/guidePratique\/lieuxVisiter\/LieuxAVisiter\/FLieuAVisiter.xsp?AE_ID=204&#038;INFO_ID=22&#038;LIEU_ID=210&#038;MAN_ID=260&#038;idx=3\"><strong><span style=\"color: #000080;\">M\u00e9nagerie<\/span><\/strong><\/a>, zoo du Jardin des Plantes.<\/span><\/span><\/p>\n<p><span style=\"font-size: medium;\">\u00a0<\/span><\/p>\n<p><span style=\"font-size: medium;\"><span style=\"color: #ff6600; text-decoration: underline;\"><a href=\"https:\/\/maps.google.fr\/maps?saddr=Jardin+des+Plantes,+Paris&#038;daddr=Restaurant+universitaire+Censier,+Rue+Geoffroy-Saint-Hilaire,+Paris&#038;hl=fr&#038;ll=48.841616,2.358263&#038;spn=0.008205,0.021136&#038;sll=48.8683,2.313094&#038;sspn=0.016401,0.042272&#038;geocode=FbpM6QIdMAEkAClp2_ib8XHmRzGuip6D_T2EEA%3BFY1A6QIdXfIjACGS3__iZ5WwwCk76MYf8nHmRzGS3__iZ5WwwA&#038;oq=restaurant+univer&#038;mra=ls&#038;t=m&#038;z=16\"><span style=\"color: #993300;\"><span style=\"font-size: medium;\">D\u00e9jeuner au restaurant universitaire censier<\/span><\/span><\/a><\/span><\/span><\/p>\n<p><span style=\"font-size: medium;\"><span style=\"color: #ff6600; text-decoration: underline;\"><span style=\"color: #993300;\"><span style=\"font-size: medium;\">\u00a0<\/span><\/span><\/span><\/span><\/p>\n<p><span style=\"font-size: medium; color: #000000;\">14h15 :\u00a0<span style=\"color: #000080;\"><strong><a href=\"http:\/\/www.pariscience.fr\/fr\/showing\/406\/x-enius-quels-sont-les-enjeux-de-la-medecine-personalisee-\/?festival_id=12&#038;date=2013-10-04\"><span style=\"color: #000080;\">X:\u00e9nius : Quels sont les enjeux de la m\u00e9decine personnalis\u00e9e ?<\/span><\/a><\/strong><\/span><\/span><\/p>\n<p><span style=\"font-size: medium; color: #000000;\">16 h :\u00a0<span style=\"color: #000080;\"><strong><a href=\"http:\/\/www.pariscience.fr\/fr\/showing\/408\/pourquoi-les-femmes-sont-elles-plus-petites-que-les-hommes-\/?festival_id=12&#038;date=2013-10-04\"><span style=\"color: #000080;\">Pourquoi les femmes sont-elles plus petites que les hommes ?<\/span><\/a><\/strong><\/span><\/span><\/p>\n<p>\u00a0<\/p>\n<p><span style=\"font-size: medium;\">\u00a0<\/span><\/p>\n<h3><span style=\"color: #ff00ff;\"><span style=\"color: #ad00ad;\"><span style=\"font-size: medium;\"><span style=\"color: #ff0000;\"><span style=\"color: #c90a02;\"><span style=\"text-decoration: underline;\">Le travail des \u00e9l\u00e8ves :<\/span><\/span><\/span><\/span><\/span><\/span><\/h3>\n<ul>\n<li><span style=\"color: #000000;\"><span style=\"font-size: medium;\">Les \u00e9l\u00e8ves auront \u00e0 produire un journal de bord d\u00e9crivant les diff\u00e9rentes \u00e9tapes du voyage. Ils devront prendre des notes au fur et \u00e0 mesure, inclure des photos et r\u00e9aliser une production qui leur est propre. Ils pourront utiliser un support papier ou informatique : <strong>Le journal devra \u00eatre r\u00e9alis\u00e9 sur place. Du temps y sera consacr\u00e9. <\/strong>Ils devront faire la mise en page et le d\u00e9veloppement sur le th\u00e8me choisi, apr\u00e8s le voyage.<\/span><\/span><\/li>\n<\/ul>\n<ul>\n<li><span style=\"color: #000000;\"><span style=\"font-size: medium;\">Les \u00e9l\u00e8ves participant au voyage s&rsquo;engagent \u00e0 rattraper les cours qu&rsquo;ils auront manqu\u00e9s.<\/span><\/span><\/li>\n<\/ul>\n<ul>\n<li><span style=\"color: #000000;\"><span style=\"font-size: medium;\">La semaine du voyage et la suivante, il sera demand\u00e9 aux professeurs de ne pas faire de gros contr\u00f4les et de mettre leurs cours \u00e0 jour et \u00e0 disposition des \u00e9l\u00e8ves sur l&rsquo;ENT.<\/span><\/span><\/li>\n<\/ul>\n<p>\u00a0<\/p>\n<p>\u00a0<\/p>\n<hr width=\"400\" size=\"4\" style=\"width: 400px; height: 4px;\" \/>\n<p>\u00a0<\/p>\n<p>\u00a0<\/p>\n<h5><span style=\"color: #000080;\">Vous trouverez ci-dessous les sites internet des mus\u00e9es concern\u00e9s par le voyage.<\/span><\/h5>\n<p style=\"text-align: center;\"><a href=\"http:\/\/www.cite-sciences.fr\/fr\/cite-des-sciences\/\" target=\"_blank\" rel=\"noopener noreferrer\"><img loading=\"lazy\" decoding=\"async\" src=\"http:\/\/www.ec-gagarine-ste-genevieve.ac-versailles.fr\/spip\/IMG\/Image\/logo_cite_des_sciences.jpg\" border=\"0\" width=\"118\" height=\"118\" style=\"padding-right: 8px; padding-top: 8px; padding-bottom: 8px;\" \/><\/a> <a href=\"http:\/\/www.universcience.fr\/accueil\/\" target=\"_blank\" rel=\"noopener noreferrer\"><img loading=\"lazy\" decoding=\"async\" src=\"http:\/\/jeuxserieux.ac-creteil.fr\/wp-content\/uploads\/2011\/10\/universcience.jpg\" border=\"0\" width=\"180\" height=\"65\" style=\"padding-right: 8px; padding-top: 8px; padding-bottom: 8px;\" \/><\/a> <a href=\"http:\/\/www.palais-decouverte.fr\/index.php\" target=\"_blank\" rel=\"noopener noreferrer\"><img loading=\"lazy\" decoding=\"async\" src=\"http:\/\/www.avancement-sciences.org\/images\/logospartenaires\/Palais_decouverte.png\" border=\"0\" width=\"114\" height=\"120\" style=\"padding-right: 8px; padding-top: 8px; padding-bottom: 8px;\" \/><\/a> <a href=\"http:\/\/www.pariscience.fr\/fr\/festival\/\"><img loading=\"lazy\" decoding=\"async\" src=\"http:\/\/a0.twimg.com\/profile_images\/2339217901\/75ug733nkcu1vx0s7hut.jpeg\" border=\"0\" width=\"143\" height=\"89\" style=\"padding-right: 8px; padding-top: 8px; padding-bottom: 8px;\" \/><\/a> <a href=\"http:\/\/www.mnhn.fr\/museum\/foffice\/transverse\/transverse\/accueil.xsp\" target=\"_blank\" rel=\"noopener noreferrer\"><img loading=\"lazy\" decoding=\"async\" src=\"http:\/\/upload.wikimedia.org\/wikipedia\/fr\/thumb\/f\/f4\/Logo_mnhn.jpg\/280px-Logo_mnhn.jpg\" border=\"0\" width=\"86\" height=\"106\" style=\"padding-right: 8px; padding-top: 8px; padding-bottom: 8px;\" \/><\/a><\/p>\n","protected":false},"excerpt":{"rendered":"<p>\u00a0 Lors de ce voyage, les \u00e9l\u00e8ves participeront \u00e0 des ateliers, des expos\u00e9s et des films, portant sur divers th\u00e8mes scientifiques, comme la physique, la chimie et la biologie. Encadr\u00e9s par des animateurs passionn\u00e9s et sp\u00e9cialistes de leur discipline, ils seront en immersion totale dans cet univers de sciences. \u00a0 Programme du voyage : D\u00e9part [&hellip;]<\/p>\n","protected":false},"author":448,"featured_media":134,"comment_status":"closed","ping_status":"closed","sticky":false,"template":"","format":"standard","meta":{"ngg_post_thumbnail":0,"footnotes":""},"categories":[72],"tags":[],"class_list":["post-138","post","type-post","status-publish","format-standard","has-post-thumbnail","hentry","category-voyage-scientifique-a-paris"],"_links":{"self":[{"href":"https:\/\/www.clg-berty-albrecht.ac-nice.fr\/index.php?rest_route=\/wp\/v2\/posts\/138","targetHints":{"allow":["GET"]}}],"collection":[{"href":"https:\/\/www.clg-berty-albrecht.ac-nice.fr\/index.php?rest_route=\/wp\/v2\/posts"}],"about":[{"href":"https:\/\/www.clg-berty-albrecht.ac-nice.fr\/index.php?rest_route=\/wp\/v2\/types\/post"}],"author":[{"embeddable":true,"href":"https:\/\/www.clg-berty-albrecht.ac-nice.fr\/index.php?rest_route=\/wp\/v2\/users\/448"}],"replies":[{"embeddable":true,"href":"https:\/\/www.clg-berty-albrecht.ac-nice.fr\/index.php?rest_route=%2Fwp%2Fv2%2Fcomments&post=138"}],"version-history":[{"count":0,"href":"https:\/\/www.clg-berty-albrecht.ac-nice.fr\/index.php?rest_route=\/wp\/v2\/posts\/138\/revisions"}],"wp:featuredmedia":[{"embeddable":true,"href":"https:\/\/www.clg-berty-albrecht.ac-nice.fr\/index.php?rest_route=\/wp\/v2\/media\/134"}],"wp:attachment":[{"href":"https:\/\/www.clg-berty-albrecht.ac-nice.fr\/index.php?rest_route=%2Fwp%2Fv2%2Fmedia&parent=138"}],"wp:term":[{"taxonomy":"category","embeddable":true,"href":"https:\/\/www.clg-berty-albrecht.ac-nice.fr\/index.php?rest_route=%2Fwp%2Fv2%2Fcategories&post=138"},{"taxonomy":"post_tag","embeddable":true,"href":"https:\/\/www.clg-berty-albrecht.ac-nice.fr\/index.php?rest_route=%2Fwp%2Fv2%2Ftags&post=138"}],"curies":[{"name":"wp","href":"https:\/\/api.w.org\/{rel}","templated":true}]}}