{"id":1371,"date":"2022-09-09T16:08:59","date_gmt":"2022-09-09T14:08:59","guid":{"rendered":"https:\/\/www.clg-berty-albrecht.ac-nice.fr\/?p=1371"},"modified":"2022-12-15T16:19:26","modified_gmt":"2022-12-15T15:19:26","slug":"reunions-parents-professeurs","status":"publish","type":"post","link":"https:\/\/www.clg-berty-albrecht.ac-nice.fr\/?p=1371","title":{"rendered":"REUNIONS PARENTS-PROFESSEURS"},"content":{"rendered":"<h1><span style=\"font-size: 14pt\">LES PARENTS SONT CONVIES A UNE REUNION<\/span><span style=\"font-size: 14pt\"> PARENTS-PROFESSEURS :<br \/>\n<\/span><\/h1>\n<ul>\n<li>le mardi 3 janvier 2023 pour les 6\u00e8me et 4eme de 16h35 \u00e0 20h00.<\/li>\n<li>le jeudi 5 janvier 2023 pour les 5\u00e8me et 3eme de 16h35 \u00e0 20h00.<\/li>\n<\/ul>\n<p>Les inscriptions se font sur pronote.<\/p>\n<p>&nbsp;<\/p>\n","protected":false},"excerpt":{"rendered":"<p>LES PARENTS SONT CONVIES A UNE REUNION PARENTS-PROFESSEURS : le mardi 3 janvier 2023 pour les 6\u00e8me et 4eme de 16h35 \u00e0 20h00. le jeudi 5 janvier 2023 pour les 5\u00e8me et 3eme de 16h35 \u00e0 20h00. Les inscriptions se font sur pronote. &nbsp;<\/p>\n","protected":false},"author":634,"featured_media":0,"comment_status":"closed","ping_status":"closed","sticky":false,"template":"","format":"standard","meta":{"ngg_post_thumbnail":0,"footnotes":""},"categories":[1],"tags":[],"class_list":["post-1371","post","type-post","status-publish","format-standard","hentry","category-non-classe"],"_links":{"self":[{"href":"https:\/\/www.clg-berty-albrecht.ac-nice.fr\/index.php?rest_route=\/wp\/v2\/posts\/1371","targetHints":{"allow":["GET"]}}],"collection":[{"href":"https:\/\/www.clg-berty-albrecht.ac-nice.fr\/index.php?rest_route=\/wp\/v2\/posts"}],"about":[{"href":"https:\/\/www.clg-berty-albrecht.ac-nice.fr\/index.php?rest_route=\/wp\/v2\/types\/post"}],"author":[{"embeddable":true,"href":"https:\/\/www.clg-berty-albrecht.ac-nice.fr\/index.php?rest_route=\/wp\/v2\/users\/634"}],"replies":[{"embeddable":true,"href":"https:\/\/www.clg-berty-albrecht.ac-nice.fr\/index.php?rest_route=%2Fwp%2Fv2%2Fcomments&post=1371"}],"version-history":[{"count":0,"href":"https:\/\/www.clg-berty-albrecht.ac-nice.fr\/index.php?rest_route=\/wp\/v2\/posts\/1371\/revisions"}],"wp:attachment":[{"href":"https:\/\/www.clg-berty-albrecht.ac-nice.fr\/index.php?rest_route=%2Fwp%2Fv2%2Fmedia&parent=1371"}],"wp:term":[{"taxonomy":"category","embeddable":true,"href":"https:\/\/www.clg-berty-albrecht.ac-nice.fr\/index.php?rest_route=%2Fwp%2Fv2%2Fcategories&post=1371"},{"taxonomy":"post_tag","embeddable":true,"href":"https:\/\/www.clg-berty-albrecht.ac-nice.fr\/index.php?rest_route=%2Fwp%2Fv2%2Ftags&post=1371"}],"curies":[{"name":"wp","href":"https:\/\/api.w.org\/{rel}","templated":true}]}}