{"id":1319,"date":"2022-06-30T15:12:11","date_gmt":"2022-06-30T13:12:11","guid":{"rendered":"https:\/\/www.clg-berty-albrecht.ac-nice.fr\/?p=1319"},"modified":"2022-07-01T09:00:07","modified_gmt":"2022-07-01T07:00:07","slug":"classe-6c-sciences-et-espace-une-annee-2021-2022-en-images","status":"publish","type":"post","link":"https:\/\/www.clg-berty-albrecht.ac-nice.fr\/?p=1319","title":{"rendered":"Classe 6C Sciences et espace. Une ann\u00e9e 2021-2022 en images."},"content":{"rendered":"<p><span style=\"font-size: 18pt\"><strong>Les cadrans solaires<\/strong><\/span><br \/>\n\u00c9tude des mat\u00e9riaux utilis\u00e9s, trac\u00e9 pr\u00e9cis des heures au rapporteur sur le cadran,inscription d&rsquo;une citation latine en rapport avec le temps qui passe (dont certaines ont \u00e9t\u00e9 \u00e9tudi\u00e9es en cours de fran\u00e7ais avec Madame Gibert),d\u00e9coration et lecture de l&rsquo;heure au soleil. Sol lucet omnibus.<\/p>\n<p><img loading=\"lazy\" decoding=\"async\" class=\"alignnone wp-image-1328\" src=\"https:\/\/www.clg-berty-albrecht.ac-nice.fr\/wp-content\/uploads\/sites\/120\/2022\/06\/Cadran1a.jpg\" alt=\"\" width=\"803\" height=\"605\" srcset=\"https:\/\/www.clg-berty-albrecht.ac-nice.fr\/wp-content\/uploads\/sites\/120\/2022\/06\/Cadran1a.jpg 1019w, https:\/\/www.clg-berty-albrecht.ac-nice.fr\/wp-content\/uploads\/sites\/120\/2022\/06\/Cadran1a-300x226.jpg 300w, https:\/\/www.clg-berty-albrecht.ac-nice.fr\/wp-content\/uploads\/sites\/120\/2022\/06\/Cadran1a-768x578.jpg 768w\" sizes=\"auto, (max-width: 803px) 100vw, 803px\" \/> &nbsp;&nbsp; <img loading=\"lazy\" decoding=\"async\" class=\"alignnone wp-image-1329\" src=\"https:\/\/www.clg-berty-albrecht.ac-nice.fr\/wp-content\/uploads\/sites\/120\/2022\/06\/Cadran2a.jpg\" alt=\"\" width=\"806\" height=\"1221\" srcset=\"https:\/\/www.clg-berty-albrecht.ac-nice.fr\/wp-content\/uploads\/sites\/120\/2022\/06\/Cadran2a.jpg 754w, https:\/\/www.clg-berty-albrecht.ac-nice.fr\/wp-content\/uploads\/sites\/120\/2022\/06\/Cadran2a-198x300.jpg 198w, https:\/\/www.clg-berty-albrecht.ac-nice.fr\/wp-content\/uploads\/sites\/120\/2022\/06\/Cadran2a-676x1024.jpg 676w\" sizes=\"auto, (max-width: 806px) 100vw, 806px\" \/><\/p>\n<p><span style=\"font-size: 18pt\"><strong>Les maquettes du syst\u00e8me solaire<\/strong><\/span><br \/>\nAfin de poursuivre l&rsquo;\u00e9tude des mat\u00e9riaux, il a \u00e9t\u00e9 propos\u00e9 aux \u00e9l\u00e8ves de construire une maquette du syst\u00e8me solaire avec les objets et mat\u00e9riaux de leur choix. Ils ont pu ensuite pr\u00e9senter et d\u00e9crire leur production au reste de la classe.<\/p>\n<p><img loading=\"lazy\" decoding=\"async\" class=\"alignnone wp-image-1338\" src=\"https:\/\/www.clg-berty-albrecht.ac-nice.fr\/wp-content\/uploads\/sites\/120\/2022\/06\/Maquette1a.jpg\" alt=\"\" width=\"799\" height=\"1024\" srcset=\"https:\/\/www.clg-berty-albrecht.ac-nice.fr\/wp-content\/uploads\/sites\/120\/2022\/06\/Maquette1a.jpg 1008w, https:\/\/www.clg-berty-albrecht.ac-nice.fr\/wp-content\/uploads\/sites\/120\/2022\/06\/Maquette1a-234x300.jpg 234w, https:\/\/www.clg-berty-albrecht.ac-nice.fr\/wp-content\/uploads\/sites\/120\/2022\/06\/Maquette1a-799x1024.jpg 799w, https:\/\/www.clg-berty-albrecht.ac-nice.fr\/wp-content\/uploads\/sites\/120\/2022\/06\/Maquette1a-768x984.jpg 768w\" sizes=\"auto, (max-width: 799px) 100vw, 799px\" \/><\/p>\n<p>&nbsp;<\/p>\n<p><span style=\"font-size: 18pt\"><strong>La soir\u00e9e astronomie<\/strong><\/span><br \/>\nA la fin de l&rsquo;automne, l&rsquo;association de l&rsquo;observatoire du Pic des f\u00e9es est intervenu au coll\u00e8ge en soir\u00e9e avec leurs t\u00e9lescopes. L&rsquo;occasion d&rsquo;observer dans un premier temps les crat\u00e8res de la Lune puis, apr\u00e8s la tomb\u00e9e de la nuit, les divers objets c\u00e9lestes visibles (astres, constellations&#8230;)<\/p>\n<p><img loading=\"lazy\" decoding=\"async\" class=\"alignnone size-full wp-image-1344\" src=\"https:\/\/www.clg-berty-albrecht.ac-nice.fr\/wp-content\/uploads\/sites\/120\/2022\/06\/SoireeAstroa.jpg\" alt=\"\" width=\"1216\" height=\"917\" srcset=\"https:\/\/www.clg-berty-albrecht.ac-nice.fr\/wp-content\/uploads\/sites\/120\/2022\/06\/SoireeAstroa.jpg 1216w, https:\/\/www.clg-berty-albrecht.ac-nice.fr\/wp-content\/uploads\/sites\/120\/2022\/06\/SoireeAstroa-300x226.jpg 300w, https:\/\/www.clg-berty-albrecht.ac-nice.fr\/wp-content\/uploads\/sites\/120\/2022\/06\/SoireeAstroa-1024x772.jpg 1024w, https:\/\/www.clg-berty-albrecht.ac-nice.fr\/wp-content\/uploads\/sites\/120\/2022\/06\/SoireeAstroa-768x579.jpg 768w\" sizes=\"auto, (max-width: 1216px) 100vw, 1216px\" \/><\/p>\n<p>&nbsp;<\/p>\n<p><span style=\"font-size: 18pt\"><strong>Les infographies<\/strong><\/span><br \/>\nEn continuit\u00e9 de la soir\u00e9e astronomie, chaque \u00e9l\u00e8ve a cr\u00e9\u00e9 une infographie sur un des objets c\u00e9lestes qu&rsquo;il a pu observer \u00e0 l\u2019\u0153il nu ou au t\u00e9lescope (satellites de Jupiter, Androm\u00e8de, l&rsquo;\u00e9toile polaire, la grande ours&#8230;<br \/>\nMadame Cunha, professeure documentaliste, les a accompagn\u00e9s tout au long de cette production.<\/p>\n<p><img loading=\"lazy\" decoding=\"async\" class=\"alignnone wp-image-1337\" src=\"https:\/\/www.clg-berty-albrecht.ac-nice.fr\/wp-content\/uploads\/sites\/120\/2022\/06\/Infographie3.jpg\" alt=\"\" width=\"1378\" height=\"1037\" srcset=\"https:\/\/www.clg-berty-albrecht.ac-nice.fr\/wp-content\/uploads\/sites\/120\/2022\/06\/Infographie3.jpg 1436w, https:\/\/www.clg-berty-albrecht.ac-nice.fr\/wp-content\/uploads\/sites\/120\/2022\/06\/Infographie3-300x226.jpg 300w, https:\/\/www.clg-berty-albrecht.ac-nice.fr\/wp-content\/uploads\/sites\/120\/2022\/06\/Infographie3-1024x770.jpg 1024w, https:\/\/www.clg-berty-albrecht.ac-nice.fr\/wp-content\/uploads\/sites\/120\/2022\/06\/Infographie3-768x578.jpg 768w\" sizes=\"auto, (max-width: 1378px) 100vw, 1378px\" \/><\/p>\n<p><img loading=\"lazy\" decoding=\"async\" class=\"alignnone size-full wp-image-1336\" src=\"https:\/\/www.clg-berty-albrecht.ac-nice.fr\/wp-content\/uploads\/sites\/120\/2022\/06\/Infographie2.jpg\" alt=\"\" width=\"1436\" height=\"1080\" srcset=\"https:\/\/www.clg-berty-albrecht.ac-nice.fr\/wp-content\/uploads\/sites\/120\/2022\/06\/Infographie2.jpg 1436w, https:\/\/www.clg-berty-albrecht.ac-nice.fr\/wp-content\/uploads\/sites\/120\/2022\/06\/Infographie2-300x226.jpg 300w, https:\/\/www.clg-berty-albrecht.ac-nice.fr\/wp-content\/uploads\/sites\/120\/2022\/06\/Infographie2-1024x770.jpg 1024w, https:\/\/www.clg-berty-albrecht.ac-nice.fr\/wp-content\/uploads\/sites\/120\/2022\/06\/Infographie2-768x578.jpg 768w\" sizes=\"auto, (max-width: 1436px) 100vw, 1436px\" \/><\/p>\n<p><img loading=\"lazy\" decoding=\"async\" class=\"alignnone size-full wp-image-1335\" src=\"https:\/\/www.clg-berty-albrecht.ac-nice.fr\/wp-content\/uploads\/sites\/120\/2022\/06\/Infographie1.jpg\" alt=\"\" width=\"1436\" height=\"1080\" srcset=\"https:\/\/www.clg-berty-albrecht.ac-nice.fr\/wp-content\/uploads\/sites\/120\/2022\/06\/Infographie1.jpg 1436w, https:\/\/www.clg-berty-albrecht.ac-nice.fr\/wp-content\/uploads\/sites\/120\/2022\/06\/Infographie1-300x226.jpg 300w, https:\/\/www.clg-berty-albrecht.ac-nice.fr\/wp-content\/uploads\/sites\/120\/2022\/06\/Infographie1-1024x770.jpg 1024w, https:\/\/www.clg-berty-albrecht.ac-nice.fr\/wp-content\/uploads\/sites\/120\/2022\/06\/Infographie1-768x578.jpg 768w\" sizes=\"auto, (max-width: 1436px) 100vw, 1436px\" \/><\/p>\n<p>&nbsp;<\/p>\n<p><span style=\"font-size: 18pt\"><strong>Propulsion \u00e0 r\u00e9action<\/strong><\/span><br \/>\nL&rsquo;air sous pression s&rsquo;\u00e9chappe du ou des ballons et cr\u00e9e sur l&rsquo;avion une force de pouss\u00e9e qui le fait avancer (3\u00e8me loi de Newton). Afin de contr\u00f4ler la trajectoire et donner \u00e0 l&rsquo;avion un mouvement rectiligne, celui-ci est guid\u00e9 soit par des rails soit par un fil.<\/p>\n<p><img loading=\"lazy\" decoding=\"async\" class=\"alignnone size-full wp-image-1320\" src=\"https:\/\/www.clg-berty-albrecht.ac-nice.fr\/wp-content\/uploads\/sites\/120\/2022\/06\/Avion1a.jpg\" alt=\"\" width=\"1278\" height=\"724\" srcset=\"https:\/\/www.clg-berty-albrecht.ac-nice.fr\/wp-content\/uploads\/sites\/120\/2022\/06\/Avion1a.jpg 1278w, https:\/\/www.clg-berty-albrecht.ac-nice.fr\/wp-content\/uploads\/sites\/120\/2022\/06\/Avion1a-300x170.jpg 300w, https:\/\/www.clg-berty-albrecht.ac-nice.fr\/wp-content\/uploads\/sites\/120\/2022\/06\/Avion1a-1024x580.jpg 1024w, https:\/\/www.clg-berty-albrecht.ac-nice.fr\/wp-content\/uploads\/sites\/120\/2022\/06\/Avion1a-768x435.jpg 768w\" sizes=\"auto, (max-width: 1278px) 100vw, 1278px\" \/> <img loading=\"lazy\" decoding=\"async\" class=\"alignnone size-full wp-image-1321\" src=\"https:\/\/www.clg-berty-albrecht.ac-nice.fr\/wp-content\/uploads\/sites\/120\/2022\/06\/Avion2a.jpg\" alt=\"\" width=\"1130\" height=\"1500\" srcset=\"https:\/\/www.clg-berty-albrecht.ac-nice.fr\/wp-content\/uploads\/sites\/120\/2022\/06\/Avion2a.jpg 1130w, https:\/\/www.clg-berty-albrecht.ac-nice.fr\/wp-content\/uploads\/sites\/120\/2022\/06\/Avion2a-226x300.jpg 226w, https:\/\/www.clg-berty-albrecht.ac-nice.fr\/wp-content\/uploads\/sites\/120\/2022\/06\/Avion2a-771x1024.jpg 771w, https:\/\/www.clg-berty-albrecht.ac-nice.fr\/wp-content\/uploads\/sites\/120\/2022\/06\/Avion2a-768x1019.jpg 768w\" sizes=\"auto, (max-width: 1130px) 100vw, 1130px\" \/> <img loading=\"lazy\" decoding=\"async\" class=\"alignnone size-full wp-image-1322\" src=\"https:\/\/www.clg-berty-albrecht.ac-nice.fr\/wp-content\/uploads\/sites\/120\/2022\/06\/Avion3a.jpg\" alt=\"\" width=\"1074\" height=\"1500\" srcset=\"https:\/\/www.clg-berty-albrecht.ac-nice.fr\/wp-content\/uploads\/sites\/120\/2022\/06\/Avion3a.jpg 1074w, https:\/\/www.clg-berty-albrecht.ac-nice.fr\/wp-content\/uploads\/sites\/120\/2022\/06\/Avion3a-215x300.jpg 215w, https:\/\/www.clg-berty-albrecht.ac-nice.fr\/wp-content\/uploads\/sites\/120\/2022\/06\/Avion3a-733x1024.jpg 733w, https:\/\/www.clg-berty-albrecht.ac-nice.fr\/wp-content\/uploads\/sites\/120\/2022\/06\/Avion3a-768x1073.jpg 768w\" sizes=\"auto, (max-width: 1074px) 100vw, 1074px\" \/><\/p>\n<p><span style=\"font-size: 18pt\"><strong>Le d\u00e9collage des fus\u00e9es<\/strong><\/span><\/p>\n<p>Application du syst\u00e8me de propulsion \u00e0 r\u00e9action \u00e9tudi\u00e9 pr\u00e9c\u00e9demment sur des avions pour propulser, cette fois, des fus\u00e9es. Le principe est am\u00e9lior\u00e9 gr\u00e2ce \u00e0 un air sous une plus haute pression et \u00e0 de l&rsquo;eau dont l&rsquo;\u00e9jection donne plus de vitesse \u00e0 la fus\u00e9e.<\/p>\n<p>&nbsp;<\/p>\n<p><img loading=\"lazy\" decoding=\"async\" class=\"alignnone size-full wp-image-1333\" src=\"https:\/\/www.clg-berty-albrecht.ac-nice.fr\/wp-content\/uploads\/sites\/120\/2022\/06\/Fusee1a.jpg\" alt=\"\" width=\"762\" height=\"1013\" srcset=\"https:\/\/www.clg-berty-albrecht.ac-nice.fr\/wp-content\/uploads\/sites\/120\/2022\/06\/Fusee1a.jpg 762w, https:\/\/www.clg-berty-albrecht.ac-nice.fr\/wp-content\/uploads\/sites\/120\/2022\/06\/Fusee1a-226x300.jpg 226w\" sizes=\"auto, (max-width: 762px) 100vw, 762px\" \/> <img loading=\"lazy\" decoding=\"async\" class=\"alignnone size-full wp-image-1334\" src=\"https:\/\/www.clg-berty-albrecht.ac-nice.fr\/wp-content\/uploads\/sites\/120\/2022\/06\/Fusee2a.jpg\" alt=\"\" width=\"1500\" height=\"842\" srcset=\"https:\/\/www.clg-berty-albrecht.ac-nice.fr\/wp-content\/uploads\/sites\/120\/2022\/06\/Fusee2a.jpg 1500w, https:\/\/www.clg-berty-albrecht.ac-nice.fr\/wp-content\/uploads\/sites\/120\/2022\/06\/Fusee2a-300x168.jpg 300w, https:\/\/www.clg-berty-albrecht.ac-nice.fr\/wp-content\/uploads\/sites\/120\/2022\/06\/Fusee2a-1024x575.jpg 1024w, https:\/\/www.clg-berty-albrecht.ac-nice.fr\/wp-content\/uploads\/sites\/120\/2022\/06\/Fusee2a-768x431.jpg 768w\" sizes=\"auto, (max-width: 1500px) 100vw, 1500px\" \/><\/p>\n<p><span style=\"font-size: 18pt\"><strong>La journ\u00e9e \u00e0 l&rsquo;observatoire du Pic des F\u00e9es<\/strong><\/span><br \/>\nSitu\u00e9 sur les hauteurs de Hy\u00e8res, l&rsquo;observatoire offre une vue imprenable sur la presqu&rsquo;\u00eele de Giens. La journ\u00e9e a \u00e9t\u00e9 d\u00e9coup\u00e9e en de nombreux ateliers : le Soleil et les dangers pour l\u2019\u0153il, observation des t\u00e2ches et protub\u00e9rances solaires au t\u00e9lescope, utilisation du cadran solaire g\u00e9ant, s\u00e9ance de plan\u00e9tarium, atelier sur les saisons&#8230; Et pique-nique au milieu des coupoles.<\/p>\n<p><img loading=\"lazy\" decoding=\"async\" class=\"alignnone size-full wp-image-1340\" src=\"https:\/\/www.clg-berty-albrecht.ac-nice.fr\/wp-content\/uploads\/sites\/120\/2022\/06\/Observatoire1a.jpg\" alt=\"\" width=\"982\" height=\"1500\" srcset=\"https:\/\/www.clg-berty-albrecht.ac-nice.fr\/wp-content\/uploads\/sites\/120\/2022\/06\/Observatoire1a.jpg 982w, https:\/\/www.clg-berty-albrecht.ac-nice.fr\/wp-content\/uploads\/sites\/120\/2022\/06\/Observatoire1a-196x300.jpg 196w, https:\/\/www.clg-berty-albrecht.ac-nice.fr\/wp-content\/uploads\/sites\/120\/2022\/06\/Observatoire1a-670x1024.jpg 670w, https:\/\/www.clg-berty-albrecht.ac-nice.fr\/wp-content\/uploads\/sites\/120\/2022\/06\/Observatoire1a-768x1173.jpg 768w\" sizes=\"auto, (max-width: 982px) 100vw, 982px\" \/>&nbsp;<\/p>\n<p><img loading=\"lazy\" decoding=\"async\" class=\"alignnone size-full wp-image-1341\" src=\"https:\/\/www.clg-berty-albrecht.ac-nice.fr\/wp-content\/uploads\/sites\/120\/2022\/06\/Observatoire2a.jpg\" alt=\"\" width=\"991\" height=\"1500\" srcset=\"https:\/\/www.clg-berty-albrecht.ac-nice.fr\/wp-content\/uploads\/sites\/120\/2022\/06\/Observatoire2a.jpg 991w, https:\/\/www.clg-berty-albrecht.ac-nice.fr\/wp-content\/uploads\/sites\/120\/2022\/06\/Observatoire2a-198x300.jpg 198w, https:\/\/www.clg-berty-albrecht.ac-nice.fr\/wp-content\/uploads\/sites\/120\/2022\/06\/Observatoire2a-677x1024.jpg 677w, https:\/\/www.clg-berty-albrecht.ac-nice.fr\/wp-content\/uploads\/sites\/120\/2022\/06\/Observatoire2a-768x1162.jpg 768w\" sizes=\"auto, (max-width: 991px) 100vw, 991px\" \/><\/p>\n<p><img loading=\"lazy\" decoding=\"async\" class=\"alignnone size-full wp-image-1342\" src=\"https:\/\/www.clg-berty-albrecht.ac-nice.fr\/wp-content\/uploads\/sites\/120\/2022\/06\/Observatoire3a.jpg\" alt=\"\" width=\"756\" height=\"1008\" srcset=\"https:\/\/www.clg-berty-albrecht.ac-nice.fr\/wp-content\/uploads\/sites\/120\/2022\/06\/Observatoire3a.jpg 756w, https:\/\/www.clg-berty-albrecht.ac-nice.fr\/wp-content\/uploads\/sites\/120\/2022\/06\/Observatoire3a-225x300.jpg 225w\" sizes=\"auto, (max-width: 756px) 100vw, 756px\" \/><\/p>\n<p><span style=\"font-size: 18pt\"><strong>La mission #elevetonblob<\/strong><\/span><br \/>\nLa classe a \u00e9t\u00e9 s\u00e9lectionn\u00e9e et a re\u00e7u du CNES et du CNRS des blobs (physarum polycephalum) endormis. M\u00eame s&rsquo;ils en ont tout l&rsquo;air avec leur forme \u00e9trange et leurs facult\u00e9s \u00e0 se d\u00e9velopper et \u00e0 se d\u00e9placer rapidement pour trouver de la nourriture, le blob n&rsquo;est pas un extra-terrestre. Les \u00e9l\u00e8ves ont mesur\u00e9 la vitesse de croissance de ces \u00eatres vivants peu connus, notamment gr\u00e2ce \u00e0 un logiciel, et ont compar\u00e9 leurs r\u00e9sultats (voir le twitter du coll\u00e8ge) avec ceux de Thomas Pesquet qui a r\u00e9alis\u00e9 la m\u00eame exp\u00e9rience dans l&rsquo;espace. Chaque \u00e9l\u00e8ve a re\u00e7u un dipl\u00f4me pour leur participation \u00e0 cette exp\u00e9rience.<\/p>\n<p><img loading=\"lazy\" decoding=\"async\" class=\"alignnone size-full wp-image-1323\" src=\"https:\/\/www.clg-berty-albrecht.ac-nice.fr\/wp-content\/uploads\/sites\/120\/2022\/06\/Blob1a.jpg\" alt=\"\" width=\"1014\" height=\"761\" srcset=\"https:\/\/www.clg-berty-albrecht.ac-nice.fr\/wp-content\/uploads\/sites\/120\/2022\/06\/Blob1a.jpg 1014w, https:\/\/www.clg-berty-albrecht.ac-nice.fr\/wp-content\/uploads\/sites\/120\/2022\/06\/Blob1a-300x225.jpg 300w, https:\/\/www.clg-berty-albrecht.ac-nice.fr\/wp-content\/uploads\/sites\/120\/2022\/06\/Blob1a-768x576.jpg 768w\" sizes=\"auto, (max-width: 1014px) 100vw, 1014px\" \/> <img loading=\"lazy\" decoding=\"async\" class=\"alignnone size-full wp-image-1324\" src=\"https:\/\/www.clg-berty-albrecht.ac-nice.fr\/wp-content\/uploads\/sites\/120\/2022\/06\/Blob2a.jpg\" alt=\"\" width=\"1014\" height=\"762\" srcset=\"https:\/\/www.clg-berty-albrecht.ac-nice.fr\/wp-content\/uploads\/sites\/120\/2022\/06\/Blob2a.jpg 1014w, https:\/\/www.clg-berty-albrecht.ac-nice.fr\/wp-content\/uploads\/sites\/120\/2022\/06\/Blob2a-300x225.jpg 300w, https:\/\/www.clg-berty-albrecht.ac-nice.fr\/wp-content\/uploads\/sites\/120\/2022\/06\/Blob2a-768x577.jpg 768w\" sizes=\"auto, (max-width: 1014px) 100vw, 1014px\" \/> <img loading=\"lazy\" decoding=\"async\" class=\"alignnone size-full wp-image-1325\" src=\"https:\/\/www.clg-berty-albrecht.ac-nice.fr\/wp-content\/uploads\/sites\/120\/2022\/06\/Blob3a.jpg\" alt=\"\" width=\"1015\" height=\"762\" srcset=\"https:\/\/www.clg-berty-albrecht.ac-nice.fr\/wp-content\/uploads\/sites\/120\/2022\/06\/Blob3a.jpg 1015w, https:\/\/www.clg-berty-albrecht.ac-nice.fr\/wp-content\/uploads\/sites\/120\/2022\/06\/Blob3a-300x225.jpg 300w, https:\/\/www.clg-berty-albrecht.ac-nice.fr\/wp-content\/uploads\/sites\/120\/2022\/06\/Blob3a-768x577.jpg 768w\" sizes=\"auto, (max-width: 1015px) 100vw, 1015px\" \/> <img loading=\"lazy\" decoding=\"async\" class=\"alignnone size-full wp-image-1326\" src=\"https:\/\/www.clg-berty-albrecht.ac-nice.fr\/wp-content\/uploads\/sites\/120\/2022\/06\/Blob4a.jpg\" alt=\"\" width=\"1210\" height=\"908\" srcset=\"https:\/\/www.clg-berty-albrecht.ac-nice.fr\/wp-content\/uploads\/sites\/120\/2022\/06\/Blob4a.jpg 1210w, https:\/\/www.clg-berty-albrecht.ac-nice.fr\/wp-content\/uploads\/sites\/120\/2022\/06\/Blob4a-300x225.jpg 300w, https:\/\/www.clg-berty-albrecht.ac-nice.fr\/wp-content\/uploads\/sites\/120\/2022\/06\/Blob4a-1024x768.jpg 1024w, https:\/\/www.clg-berty-albrecht.ac-nice.fr\/wp-content\/uploads\/sites\/120\/2022\/06\/Blob4a-768x576.jpg 768w\" sizes=\"auto, (max-width: 1210px) 100vw, 1210px\" \/> <img loading=\"lazy\" decoding=\"async\" class=\"alignnone size-full wp-image-1327\" src=\"https:\/\/www.clg-berty-albrecht.ac-nice.fr\/wp-content\/uploads\/sites\/120\/2022\/06\/Blob5a.jpg\" alt=\"\" width=\"908\" height=\"1210\" srcset=\"https:\/\/www.clg-berty-albrecht.ac-nice.fr\/wp-content\/uploads\/sites\/120\/2022\/06\/Blob5a.jpg 908w, https:\/\/www.clg-berty-albrecht.ac-nice.fr\/wp-content\/uploads\/sites\/120\/2022\/06\/Blob5a-225x300.jpg 225w, https:\/\/www.clg-berty-albrecht.ac-nice.fr\/wp-content\/uploads\/sites\/120\/2022\/06\/Blob5a-768x1023.jpg 768w\" sizes=\"auto, (max-width: 908px) 100vw, 908px\" \/><\/p>\n<p><span style=\"font-size: 18pt\"><strong>Le projet \u00ab&nbsp;Extra&nbsp;\u00bb<\/strong><\/span><br \/>\nAvec leur professeure d&rsquo;arts plastiques, Madame Beninati, la classe de 6C a r\u00e9alis\u00e9 le projet \u00ab extra \u00bb leur proposant d&rsquo;imaginer l&rsquo;apparence d&rsquo;\u00e9ventuels habitants des plan\u00e8tes du syst\u00e8me solaire autres que la Terre ainsi que leur \u00e9volution ou adaptation \u00e0 leur environnement.<\/p>\n<p><img loading=\"lazy\" decoding=\"async\" class=\"alignnone size-full wp-image-1330\" src=\"https:\/\/www.clg-berty-albrecht.ac-nice.fr\/wp-content\/uploads\/sites\/120\/2022\/06\/Extra1.jpg\" alt=\"\" width=\"1433\" height=\"1080\" srcset=\"https:\/\/www.clg-berty-albrecht.ac-nice.fr\/wp-content\/uploads\/sites\/120\/2022\/06\/Extra1.jpg 1433w, https:\/\/www.clg-berty-albrecht.ac-nice.fr\/wp-content\/uploads\/sites\/120\/2022\/06\/Extra1-300x226.jpg 300w, https:\/\/www.clg-berty-albrecht.ac-nice.fr\/wp-content\/uploads\/sites\/120\/2022\/06\/Extra1-1024x772.jpg 1024w, https:\/\/www.clg-berty-albrecht.ac-nice.fr\/wp-content\/uploads\/sites\/120\/2022\/06\/Extra1-768x579.jpg 768w\" sizes=\"auto, (max-width: 1433px) 100vw, 1433px\" \/> <img loading=\"lazy\" decoding=\"async\" class=\"alignnone size-full wp-image-1331\" src=\"https:\/\/www.clg-berty-albrecht.ac-nice.fr\/wp-content\/uploads\/sites\/120\/2022\/06\/Extra2.jpg\" alt=\"\" width=\"1439\" height=\"1080\" srcset=\"https:\/\/www.clg-berty-albrecht.ac-nice.fr\/wp-content\/uploads\/sites\/120\/2022\/06\/Extra2.jpg 1439w, https:\/\/www.clg-berty-albrecht.ac-nice.fr\/wp-content\/uploads\/sites\/120\/2022\/06\/Extra2-300x225.jpg 300w, https:\/\/www.clg-berty-albrecht.ac-nice.fr\/wp-content\/uploads\/sites\/120\/2022\/06\/Extra2-1024x769.jpg 1024w, https:\/\/www.clg-berty-albrecht.ac-nice.fr\/wp-content\/uploads\/sites\/120\/2022\/06\/Extra2-768x576.jpg 768w\" sizes=\"auto, (max-width: 1439px) 100vw, 1439px\" \/> <img loading=\"lazy\" decoding=\"async\" class=\"alignnone size-full wp-image-1332\" src=\"https:\/\/www.clg-berty-albrecht.ac-nice.fr\/wp-content\/uploads\/sites\/120\/2022\/06\/Extra3.jpg\" alt=\"\" width=\"1438\" height=\"1080\" srcset=\"https:\/\/www.clg-berty-albrecht.ac-nice.fr\/wp-content\/uploads\/sites\/120\/2022\/06\/Extra3.jpg 1438w, https:\/\/www.clg-berty-albrecht.ac-nice.fr\/wp-content\/uploads\/sites\/120\/2022\/06\/Extra3-300x225.jpg 300w, https:\/\/www.clg-berty-albrecht.ac-nice.fr\/wp-content\/uploads\/sites\/120\/2022\/06\/Extra3-1024x769.jpg 1024w, https:\/\/www.clg-berty-albrecht.ac-nice.fr\/wp-content\/uploads\/sites\/120\/2022\/06\/Extra3-768x577.jpg 768w\" sizes=\"auto, (max-width: 1438px) 100vw, 1438px\" \/><\/p>\n<p><span style=\"font-size: 18pt\"><strong>Le projet \u00ab&nbsp;Syst\u00e8me solaire&nbsp;\u00bb<\/strong><\/span><br \/>\nUn autre projet r\u00e9alis\u00e9 avec Madame Beninati. L&rsquo;objectif \u00e9tait cette fois de construire en maquette la surface d&rsquo;une plan\u00e8te du syst\u00e8me solaire (hormis la Terre) puis de la filmer en plan subjectif.<\/p>\n<p><img loading=\"lazy\" decoding=\"async\" class=\"alignnone size-full wp-image-1345\" src=\"https:\/\/www.clg-berty-albrecht.ac-nice.fr\/wp-content\/uploads\/sites\/120\/2022\/06\/SolPlanete.jpg\" alt=\"\" width=\"1436\" height=\"1080\" srcset=\"https:\/\/www.clg-berty-albrecht.ac-nice.fr\/wp-content\/uploads\/sites\/120\/2022\/06\/SolPlanete.jpg 1436w, https:\/\/www.clg-berty-albrecht.ac-nice.fr\/wp-content\/uploads\/sites\/120\/2022\/06\/SolPlanete-300x226.jpg 300w, https:\/\/www.clg-berty-albrecht.ac-nice.fr\/wp-content\/uploads\/sites\/120\/2022\/06\/SolPlanete-1024x770.jpg 1024w, https:\/\/www.clg-berty-albrecht.ac-nice.fr\/wp-content\/uploads\/sites\/120\/2022\/06\/SolPlanete-768x578.jpg 768w\" sizes=\"auto, (max-width: 1436px) 100vw, 1436px\" \/><\/p>\n<p><span style=\"font-size: 18pt\"><strong>Le plan\u00e9tarium mobile<\/strong><\/span><br \/>\nPour clore l&rsquo;ann\u00e9e, le plan\u00e9tarium mobile Peiresc s&rsquo;est d\u00e9plac\u00e9 d&rsquo;Aix-en-Provence jusque Sainte-Maxime afin d&rsquo;offrir aux \u00e9l\u00e8ves de la classe Sciences et espace une longue projection d&rsquo;1h15. Au programme : le syst\u00e8me solaire, les mouvements des astres, l&rsquo;\u00e9clipse lunaire, les constellations..<\/p>\n<p><img loading=\"lazy\" decoding=\"async\" class=\"alignnone size-full wp-image-1343\" src=\"https:\/\/www.clg-berty-albrecht.ac-nice.fr\/wp-content\/uploads\/sites\/120\/2022\/06\/Planetariuma.jpg\" alt=\"\" width=\"1111\" height=\"863\" srcset=\"https:\/\/www.clg-berty-albrecht.ac-nice.fr\/wp-content\/uploads\/sites\/120\/2022\/06\/Planetariuma.jpg 1111w, https:\/\/www.clg-berty-albrecht.ac-nice.fr\/wp-content\/uploads\/sites\/120\/2022\/06\/Planetariuma-300x233.jpg 300w, https:\/\/www.clg-berty-albrecht.ac-nice.fr\/wp-content\/uploads\/sites\/120\/2022\/06\/Planetariuma-1024x795.jpg 1024w, https:\/\/www.clg-berty-albrecht.ac-nice.fr\/wp-content\/uploads\/sites\/120\/2022\/06\/Planetariuma-768x597.jpg 768w\" sizes=\"auto, (max-width: 1111px) 100vw, 1111px\" \/>.<\/p>\n<p>&nbsp;<\/p>\n<p>&nbsp;<\/p>\n<p>&nbsp;<\/p>\n<p>&nbsp;<\/p>\n<p>&nbsp;<\/p>\n","protected":false},"excerpt":{"rendered":"<p>Les cadrans solaires \u00c9tude des mat\u00e9riaux utilis\u00e9s, trac\u00e9 pr\u00e9cis des heures au rapporteur sur le cadran,inscription d&rsquo;une citation latine en rapport avec le temps qui passe (dont certaines ont \u00e9t\u00e9 \u00e9tudi\u00e9es en cours de fran\u00e7ais avec Madame Gibert),d\u00e9coration et lecture de l&rsquo;heure au soleil. Sol lucet omnibus. &nbsp;&nbsp; Les maquettes du syst\u00e8me solaire Afin de [&hellip;]<\/p>\n","protected":false},"author":649,"featured_media":0,"comment_status":"closed","ping_status":"closed","sticky":false,"template":"","format":"standard","meta":{"ngg_post_thumbnail":0,"footnotes":""},"categories":[172],"tags":[],"class_list":["post-1319","post","type-post","status-publish","format-standard","hentry","category-sciences-et-espace"],"_links":{"self":[{"href":"https:\/\/www.clg-berty-albrecht.ac-nice.fr\/index.php?rest_route=\/wp\/v2\/posts\/1319","targetHints":{"allow":["GET"]}}],"collection":[{"href":"https:\/\/www.clg-berty-albrecht.ac-nice.fr\/index.php?rest_route=\/wp\/v2\/posts"}],"about":[{"href":"https:\/\/www.clg-berty-albrecht.ac-nice.fr\/index.php?rest_route=\/wp\/v2\/types\/post"}],"author":[{"embeddable":true,"href":"https:\/\/www.clg-berty-albrecht.ac-nice.fr\/index.php?rest_route=\/wp\/v2\/users\/649"}],"replies":[{"embeddable":true,"href":"https:\/\/www.clg-berty-albrecht.ac-nice.fr\/index.php?rest_route=%2Fwp%2Fv2%2Fcomments&post=1319"}],"version-history":[{"count":0,"href":"https:\/\/www.clg-berty-albrecht.ac-nice.fr\/index.php?rest_route=\/wp\/v2\/posts\/1319\/revisions"}],"wp:attachment":[{"href":"https:\/\/www.clg-berty-albrecht.ac-nice.fr\/index.php?rest_route=%2Fwp%2Fv2%2Fmedia&parent=1319"}],"wp:term":[{"taxonomy":"category","embeddable":true,"href":"https:\/\/www.clg-berty-albrecht.ac-nice.fr\/index.php?rest_route=%2Fwp%2Fv2%2Fcategories&post=1319"},{"taxonomy":"post_tag","embeddable":true,"href":"https:\/\/www.clg-berty-albrecht.ac-nice.fr\/index.php?rest_route=%2Fwp%2Fv2%2Ftags&post=1319"}],"curies":[{"name":"wp","href":"https:\/\/api.w.org\/{rel}","templated":true}]}}