{"id":1278,"date":"2021-08-26T15:30:03","date_gmt":"2021-08-26T13:30:03","guid":{"rendered":"https:\/\/www.clg-berty-albrecht.ac-nice.fr\/?p=1278"},"modified":"2021-08-27T14:45:08","modified_gmt":"2021-08-27T12:45:08","slug":"calendrier-de-la-rentree-des-classes-septembre-2021","status":"publish","type":"post","link":"https:\/\/www.clg-berty-albrecht.ac-nice.fr\/?p=1278","title":{"rendered":"RENTREE DES CLASSES SEPTEMBRE 2021"},"content":{"rendered":"<p><strong><span style=\"color: #3366ff\">Jeudi 2 septembre 2021 :<\/span><\/strong><\/p>\n<ul>\n<li style=\"list-style-type: none\">\n<ul>\n<li><span style=\"color: #3366ff\">classes de 6\u00e8me de 09h00 \u00e0 16h30&nbsp;&nbsp;&nbsp; <\/span><span style=\"color: #3366ff\">&nbsp;&nbsp;&nbsp;&nbsp;<br \/>\n<\/span><\/li>\n<li><span style=\"color: #3366ff\">classes de 5\u00e8me de 13h30 \u00e0 16h30&nbsp;&nbsp;&nbsp;&nbsp;<\/span>&nbsp;&nbsp;&nbsp;&nbsp;&nbsp;&nbsp;&nbsp;&nbsp;&nbsp;&nbsp;&nbsp;&nbsp;&nbsp;&nbsp; &nbsp;&nbsp;&nbsp;&nbsp;&nbsp;&nbsp;&nbsp;&nbsp;&nbsp;&nbsp;&nbsp;&nbsp;&nbsp;&nbsp;&nbsp;&nbsp;&nbsp;&nbsp;&nbsp;&nbsp;&nbsp;&nbsp; &nbsp; &nbsp; &nbsp;<\/li>\n<\/ul>\n<\/li>\n<\/ul>\n<p>&nbsp;<\/p>\n<p><span style=\"color: #ff6600\"><strong>Vendredi 3 septembre 2021:<\/strong><\/span><\/p>\n<ul>\n<li style=\"list-style-type: none\">\n<ul>\n<li><span style=\"color: #ff6600\">classes de 3\u00e8me de 08h00 \u00e0 12h00 &nbsp;&nbsp;&nbsp;&nbsp;&nbsp;&nbsp; <\/span><\/li>\n<li><span style=\"color: #ff6600\">classes de 4\u00e8me de 13h30 \u00e0 16h30&nbsp;<\/span>&nbsp;&nbsp;&nbsp;&nbsp;&nbsp;&nbsp;&nbsp;&nbsp;&nbsp;&nbsp;&nbsp;&nbsp;&nbsp;<\/li>\n<\/ul>\n<\/li>\n<\/ul>\n<p><span style=\"color: #ff6600\">Les \u00e9l\u00e8ves de 4\u00e8me et de 3\u00e8me n\u2019auront pas cours le jeudi 2 septembre 2021.<\/span><\/p>\n<p><span style=\"color: #3366ff\">Les \u00e9l\u00e8ves de 6\u00e8me et de 5\u00e8me n\u2019auront pas cours le vendredi 3 septembre.<\/span><\/p>\n<p>1\/ Les transports en bus seront assur\u00e9s \u00e0 partir du jeudi 2 septembre 2021.<\/p>\n<p>2\/ La demi-pension sera ouverte pour les 6\u00e8me le jeudi 2 septembre. Elle sera ouverte \u00e0 tous les \u00e9l\u00e8ves le lundi 6 septembre 2021.<\/p>\n<p>3\/ D\u00e9but des cours pour tous les \u00e9l\u00e8ves selon leurs emplois du temps respectifs le lundi 6 septembre 2021.<\/p>\n<p>4\/ Photos d&rsquo;identit\u00e9 et de classe pr\u00e9vues le lundi 6 septembre 2021<\/p>\n<p>5\/ Les parents ne sont pas autoris\u00e9s \u00e0 accompagner leur enfant dans la cour de l&rsquo;\u00e9tablissement les jours de rentr\u00e9e.<\/p>\n<p>Vous trouverez ci-dessous les listes de fournitures :<\/p>\n<p><a href=\"https:\/\/www.clg-berty-albrecht.ac-nice.fr\/wp-content\/uploads\/sites\/120\/2021\/08\/fournitures-scolaires-5eme-4eme-3eme.pdf\" target=\"_blank\" rel=\"noopener\">Fournitures classes de 5\u00e8me, 4\u00e8me et 3\u00e8me<\/a><\/p>\n<p><a href=\"https:\/\/www.clg-berty-albrecht.ac-nice.fr\/wp-content\/uploads\/sites\/120\/2021\/08\/fournitures-scolaires-6eme.pdf\" target=\"_blank\" rel=\"noopener\">Fournitures classes de 6\u00e8me<\/a><\/p>\n<p>Vous trouverez ci-dessous le livret parents rentr\u00e9e covid :<\/p>\n<p><a href=\"https:\/\/www.clg-berty-albrecht.ac-nice.fr\/wp-content\/uploads\/sites\/120\/2021\/08\/2021_livret_parent_rentree-Covid19_web.pdf\">Livret parents rentr\u00e9e covid<\/a><\/p>\n","protected":false},"excerpt":{"rendered":"<p>Jeudi 2 septembre 2021 : classes de 6\u00e8me de 09h00 \u00e0 16h30&nbsp;&nbsp;&nbsp; &nbsp;&nbsp;&nbsp;&nbsp; classes de 5\u00e8me de 13h30 \u00e0 16h30&nbsp;&nbsp;&nbsp;&nbsp;&nbsp;&nbsp;&nbsp;&nbsp;&nbsp;&nbsp;&nbsp;&nbsp;&nbsp;&nbsp;&nbsp;&nbsp;&nbsp;&nbsp; &nbsp;&nbsp;&nbsp;&nbsp;&nbsp;&nbsp;&nbsp;&nbsp;&nbsp;&nbsp;&nbsp;&nbsp;&nbsp;&nbsp;&nbsp;&nbsp;&nbsp;&nbsp;&nbsp;&nbsp;&nbsp;&nbsp; &nbsp; &nbsp; &nbsp; &nbsp; Vendredi 3 septembre 2021: classes de 3\u00e8me de 08h00 \u00e0 12h00 &nbsp;&nbsp;&nbsp;&nbsp;&nbsp;&nbsp; classes de 4\u00e8me de 13h30 \u00e0 16h30&nbsp;&nbsp;&nbsp;&nbsp;&nbsp;&nbsp;&nbsp;&nbsp;&nbsp;&nbsp;&nbsp;&nbsp;&nbsp;&nbsp; Les \u00e9l\u00e8ves de 4\u00e8me et de 3\u00e8me n\u2019auront pas cours le [&hellip;]<\/p>\n","protected":false},"author":649,"featured_media":0,"comment_status":"closed","ping_status":"closed","sticky":false,"template":"","format":"standard","meta":{"ngg_post_thumbnail":0,"footnotes":""},"categories":[61],"tags":[],"class_list":["post-1278","post","type-post","status-publish","format-standard","hentry","category-actualites"],"_links":{"self":[{"href":"https:\/\/www.clg-berty-albrecht.ac-nice.fr\/index.php?rest_route=\/wp\/v2\/posts\/1278","targetHints":{"allow":["GET"]}}],"collection":[{"href":"https:\/\/www.clg-berty-albrecht.ac-nice.fr\/index.php?rest_route=\/wp\/v2\/posts"}],"about":[{"href":"https:\/\/www.clg-berty-albrecht.ac-nice.fr\/index.php?rest_route=\/wp\/v2\/types\/post"}],"author":[{"embeddable":true,"href":"https:\/\/www.clg-berty-albrecht.ac-nice.fr\/index.php?rest_route=\/wp\/v2\/users\/649"}],"replies":[{"embeddable":true,"href":"https:\/\/www.clg-berty-albrecht.ac-nice.fr\/index.php?rest_route=%2Fwp%2Fv2%2Fcomments&post=1278"}],"version-history":[{"count":0,"href":"https:\/\/www.clg-berty-albrecht.ac-nice.fr\/index.php?rest_route=\/wp\/v2\/posts\/1278\/revisions"}],"wp:attachment":[{"href":"https:\/\/www.clg-berty-albrecht.ac-nice.fr\/index.php?rest_route=%2Fwp%2Fv2%2Fmedia&parent=1278"}],"wp:term":[{"taxonomy":"category","embeddable":true,"href":"https:\/\/www.clg-berty-albrecht.ac-nice.fr\/index.php?rest_route=%2Fwp%2Fv2%2Fcategories&post=1278"},{"taxonomy":"post_tag","embeddable":true,"href":"https:\/\/www.clg-berty-albrecht.ac-nice.fr\/index.php?rest_route=%2Fwp%2Fv2%2Ftags&post=1278"}],"curies":[{"name":"wp","href":"https:\/\/api.w.org\/{rel}","templated":true}]}}