{"id":1231,"date":"2021-03-18T17:08:37","date_gmt":"2021-03-18T16:08:37","guid":{"rendered":"https:\/\/www.clg-berty-albrecht.ac-nice.fr\/?p=1231"},"modified":"2021-03-28T10:59:09","modified_gmt":"2021-03-28T08:59:09","slug":"classe-sciences-et-espace","status":"publish","type":"post","link":"https:\/\/www.clg-berty-albrecht.ac-nice.fr\/?p=1231","title":{"rendered":"Classe sciences et espace."},"content":{"rendered":"<h1>Fabrication de cadrans solaires<\/h1>\n<h4>Les \u00e9l\u00e8ves de la classe sciences et espace en pleine fabrication de leurs cadrans solaires.<\/h4>\n<p>Une belle occasion pour les \u00e9l\u00e8ves d&rsquo;utiliser leurs connaissances sur les mat\u00e9riaux et sur le mouvement de la Terre dans le syst\u00e8me solaire.&nbsp;&nbsp;<\/p>\n<p><a href=\"https:\/\/www.clg-berty-albrecht.ac-nice.fr\/wp-content\/uploads\/sites\/120\/2021\/03\/Photo01.jpg\"><img loading=\"lazy\" decoding=\"async\" class=\"alignnone size-full wp-image-1232\" src=\"https:\/\/www.clg-berty-albrecht.ac-nice.fr\/wp-content\/uploads\/sites\/120\/2021\/03\/Photo01.jpg\" alt=\"\" width=\"454\" height=\"605\" srcset=\"https:\/\/www.clg-berty-albrecht.ac-nice.fr\/wp-content\/uploads\/sites\/120\/2021\/03\/Photo01.jpg 454w, https:\/\/www.clg-berty-albrecht.ac-nice.fr\/wp-content\/uploads\/sites\/120\/2021\/03\/Photo01-225x300.jpg 225w\" sizes=\"auto, (max-width: 454px) 100vw, 454px\" \/><\/a><a href=\"https:\/\/www.clg-berty-albrecht.ac-nice.fr\/wp-content\/uploads\/sites\/120\/2021\/03\/Photo02.jpg\"> &nbsp;&nbsp;&nbsp;&nbsp;&nbsp;&nbsp;&nbsp;&nbsp;&nbsp;&nbsp; <img loading=\"lazy\" decoding=\"async\" class=\"alignnone size-full wp-image-1233\" src=\"https:\/\/www.clg-berty-albrecht.ac-nice.fr\/wp-content\/uploads\/sites\/120\/2021\/03\/Photo02.jpg\" alt=\"\" width=\"409\" height=\"545\" srcset=\"https:\/\/www.clg-berty-albrecht.ac-nice.fr\/wp-content\/uploads\/sites\/120\/2021\/03\/Photo02.jpg 409w, https:\/\/www.clg-berty-albrecht.ac-nice.fr\/wp-content\/uploads\/sites\/120\/2021\/03\/Photo02-225x300.jpg 225w\" sizes=\"auto, (max-width: 409px) 100vw, 409px\" \/><\/a> <a href=\"https:\/\/www.clg-berty-albrecht.ac-nice.fr\/wp-content\/uploads\/sites\/120\/2021\/03\/Photo03.jpg\"><img loading=\"lazy\" decoding=\"async\" class=\"alignnone size-full wp-image-1234\" src=\"https:\/\/www.clg-berty-albrecht.ac-nice.fr\/wp-content\/uploads\/sites\/120\/2021\/03\/Photo03.jpg\" alt=\"\" width=\"545\" height=\"409\" srcset=\"https:\/\/www.clg-berty-albrecht.ac-nice.fr\/wp-content\/uploads\/sites\/120\/2021\/03\/Photo03.jpg 545w, https:\/\/www.clg-berty-albrecht.ac-nice.fr\/wp-content\/uploads\/sites\/120\/2021\/03\/Photo03-300x225.jpg 300w\" sizes=\"auto, (max-width: 545px) 100vw, 545px\" \/><\/a> <a href=\"https:\/\/www.clg-berty-albrecht.ac-nice.fr\/wp-content\/uploads\/sites\/120\/2021\/03\/Photo04.jpg\"><img loading=\"lazy\" decoding=\"async\" class=\"alignnone size-full wp-image-1235\" src=\"https:\/\/www.clg-berty-albrecht.ac-nice.fr\/wp-content\/uploads\/sites\/120\/2021\/03\/Photo04.jpg\" alt=\"\" width=\"605\" height=\"454\" srcset=\"https:\/\/www.clg-berty-albrecht.ac-nice.fr\/wp-content\/uploads\/sites\/120\/2021\/03\/Photo04.jpg 605w, https:\/\/www.clg-berty-albrecht.ac-nice.fr\/wp-content\/uploads\/sites\/120\/2021\/03\/Photo04-300x225.jpg 300w\" sizes=\"auto, (max-width: 605px) 100vw, 605px\" \/><\/a> <a href=\"https:\/\/www.clg-berty-albrecht.ac-nice.fr\/wp-content\/uploads\/sites\/120\/2021\/03\/Photo05.jpg\"><img loading=\"lazy\" decoding=\"async\" class=\"alignnone size-full wp-image-1236\" src=\"https:\/\/www.clg-berty-albrecht.ac-nice.fr\/wp-content\/uploads\/sites\/120\/2021\/03\/Photo05.jpg\" alt=\"\" width=\"605\" height=\"454\" srcset=\"https:\/\/www.clg-berty-albrecht.ac-nice.fr\/wp-content\/uploads\/sites\/120\/2021\/03\/Photo05.jpg 605w, https:\/\/www.clg-berty-albrecht.ac-nice.fr\/wp-content\/uploads\/sites\/120\/2021\/03\/Photo05-300x225.jpg 300w\" sizes=\"auto, (max-width: 605px) 100vw, 605px\" \/><\/a> <a href=\"https:\/\/www.clg-berty-albrecht.ac-nice.fr\/wp-content\/uploads\/sites\/120\/2021\/03\/Photo06.jpg\"><img loading=\"lazy\" decoding=\"async\" class=\"alignnone size-full wp-image-1237\" src=\"https:\/\/www.clg-berty-albrecht.ac-nice.fr\/wp-content\/uploads\/sites\/120\/2021\/03\/Photo06.jpg\" alt=\"\" width=\"605\" height=\"454\" srcset=\"https:\/\/www.clg-berty-albrecht.ac-nice.fr\/wp-content\/uploads\/sites\/120\/2021\/03\/Photo06.jpg 605w, https:\/\/www.clg-berty-albrecht.ac-nice.fr\/wp-content\/uploads\/sites\/120\/2021\/03\/Photo06-300x225.jpg 300w\" sizes=\"auto, (max-width: 605px) 100vw, 605px\" \/><\/a> <a href=\"https:\/\/www.clg-berty-albrecht.ac-nice.fr\/wp-content\/uploads\/sites\/120\/2021\/03\/Photo07.jpg\"><img loading=\"lazy\" decoding=\"async\" class=\"alignnone size-full wp-image-1238\" src=\"https:\/\/www.clg-berty-albrecht.ac-nice.fr\/wp-content\/uploads\/sites\/120\/2021\/03\/Photo07.jpg\" alt=\"\" width=\"605\" height=\"454\" srcset=\"https:\/\/www.clg-berty-albrecht.ac-nice.fr\/wp-content\/uploads\/sites\/120\/2021\/03\/Photo07.jpg 605w, https:\/\/www.clg-berty-albrecht.ac-nice.fr\/wp-content\/uploads\/sites\/120\/2021\/03\/Photo07-300x225.jpg 300w\" sizes=\"auto, (max-width: 605px) 100vw, 605px\" \/><\/a> &nbsp;&nbsp; &nbsp;&nbsp;<\/p>\n<h4>Mode d&#8217;emploi joint pour ceux qui veulent en construire un chez eux !<\/h4>\n<p><img loading=\"lazy\" decoding=\"async\" class=\"alignnone size-full wp-image-1245\" src=\"https:\/\/www.clg-berty-albrecht.ac-nice.fr\/wp-content\/uploads\/sites\/120\/2021\/03\/fabrication-cadran.jpg\" alt=\"\" width=\"647\" height=\"899\" srcset=\"https:\/\/www.clg-berty-albrecht.ac-nice.fr\/wp-content\/uploads\/sites\/120\/2021\/03\/fabrication-cadran.jpg 647w, https:\/\/www.clg-berty-albrecht.ac-nice.fr\/wp-content\/uploads\/sites\/120\/2021\/03\/fabrication-cadran-216x300.jpg 216w\" sizes=\"auto, (max-width: 647px) 100vw, 647px\" \/><\/p>\n<h1>Sortie \u00e0 l&rsquo;observatoire du Pic des F\u00e9es de Hy\u00e8res- Jeudi 11 mars 2021<\/h1>\n<p>Une belle journ\u00e9e rythm\u00e9e par 8 ateliers afin de faire le bilan des notions apprises au premier semestre en classe : comprendre les saisons et les climats, utilisation du cadran solaire g\u00e9ant, observation du Soleil, mouvement et vitesse des plan\u00e8tes du syst\u00e8me solaire, les \u00e9toiles dans l&rsquo;Univers, fabrication d&rsquo;une carte du ciel, s\u00e9ance de plan\u00e9tarium et temps de questions-r\u00e9ponses. Avec en mi journ\u00e9e, un pique-nique en plein air pour reprendre des forces.<\/p>\n<p><img loading=\"lazy\" decoding=\"async\" class=\"alignnone size-full wp-image-1239\" src=\"https:\/\/www.clg-berty-albrecht.ac-nice.fr\/wp-content\/uploads\/sites\/120\/2021\/03\/Photo08.jpg\" alt=\"\" width=\"1500\" height=\"1125\" srcset=\"https:\/\/www.clg-berty-albrecht.ac-nice.fr\/wp-content\/uploads\/sites\/120\/2021\/03\/Photo08.jpg 1500w, https:\/\/www.clg-berty-albrecht.ac-nice.fr\/wp-content\/uploads\/sites\/120\/2021\/03\/Photo08-300x225.jpg 300w, https:\/\/www.clg-berty-albrecht.ac-nice.fr\/wp-content\/uploads\/sites\/120\/2021\/03\/Photo08-1024x768.jpg 1024w, https:\/\/www.clg-berty-albrecht.ac-nice.fr\/wp-content\/uploads\/sites\/120\/2021\/03\/Photo08-768x576.jpg 768w\" sizes=\"auto, (max-width: 1500px) 100vw, 1500px\" \/> <img loading=\"lazy\" decoding=\"async\" class=\"alignnone size-full wp-image-1240\" src=\"https:\/\/www.clg-berty-albrecht.ac-nice.fr\/wp-content\/uploads\/sites\/120\/2021\/03\/Photo09.jpg\" alt=\"\" width=\"1500\" height=\"1125\" srcset=\"https:\/\/www.clg-berty-albrecht.ac-nice.fr\/wp-content\/uploads\/sites\/120\/2021\/03\/Photo09.jpg 1500w, https:\/\/www.clg-berty-albrecht.ac-nice.fr\/wp-content\/uploads\/sites\/120\/2021\/03\/Photo09-300x225.jpg 300w, https:\/\/www.clg-berty-albrecht.ac-nice.fr\/wp-content\/uploads\/sites\/120\/2021\/03\/Photo09-1024x768.jpg 1024w, https:\/\/www.clg-berty-albrecht.ac-nice.fr\/wp-content\/uploads\/sites\/120\/2021\/03\/Photo09-768x576.jpg 768w\" sizes=\"auto, (max-width: 1500px) 100vw, 1500px\" \/> <img loading=\"lazy\" decoding=\"async\" class=\"alignnone size-full wp-image-1241\" src=\"https:\/\/www.clg-berty-albrecht.ac-nice.fr\/wp-content\/uploads\/sites\/120\/2021\/03\/Photo10.jpg\" alt=\"\" width=\"1500\" height=\"1125\" srcset=\"https:\/\/www.clg-berty-albrecht.ac-nice.fr\/wp-content\/uploads\/sites\/120\/2021\/03\/Photo10.jpg 1500w, https:\/\/www.clg-berty-albrecht.ac-nice.fr\/wp-content\/uploads\/sites\/120\/2021\/03\/Photo10-300x225.jpg 300w, https:\/\/www.clg-berty-albrecht.ac-nice.fr\/wp-content\/uploads\/sites\/120\/2021\/03\/Photo10-1024x768.jpg 1024w, https:\/\/www.clg-berty-albrecht.ac-nice.fr\/wp-content\/uploads\/sites\/120\/2021\/03\/Photo10-768x576.jpg 768w\" sizes=\"auto, (max-width: 1500px) 100vw, 1500px\" \/> <img loading=\"lazy\" decoding=\"async\" class=\"alignnone size-full wp-image-1242\" src=\"https:\/\/www.clg-berty-albrecht.ac-nice.fr\/wp-content\/uploads\/sites\/120\/2021\/03\/Photo11.jpg\" alt=\"\" width=\"1500\" height=\"1125\" srcset=\"https:\/\/www.clg-berty-albrecht.ac-nice.fr\/wp-content\/uploads\/sites\/120\/2021\/03\/Photo11.jpg 1500w, https:\/\/www.clg-berty-albrecht.ac-nice.fr\/wp-content\/uploads\/sites\/120\/2021\/03\/Photo11-300x225.jpg 300w, https:\/\/www.clg-berty-albrecht.ac-nice.fr\/wp-content\/uploads\/sites\/120\/2021\/03\/Photo11-1024x768.jpg 1024w, https:\/\/www.clg-berty-albrecht.ac-nice.fr\/wp-content\/uploads\/sites\/120\/2021\/03\/Photo11-768x576.jpg 768w\" sizes=\"auto, (max-width: 1500px) 100vw, 1500px\" \/><\/p>\n<p>Merci \u00e0 madame Gibert et \u00e0 monsieur Mesi\u00e8res pour cette belle journ\u00e9e.<\/p>\n","protected":false},"excerpt":{"rendered":"<p>Fabrication de cadrans solaires Les \u00e9l\u00e8ves de la classe sciences et espace en pleine fabrication de leurs cadrans solaires. Une belle occasion pour les \u00e9l\u00e8ves d&rsquo;utiliser leurs connaissances sur les mat\u00e9riaux et sur le mouvement de la Terre dans le syst\u00e8me solaire.&nbsp;&nbsp; &nbsp;&nbsp;&nbsp;&nbsp;&nbsp;&nbsp;&nbsp;&nbsp;&nbsp;&nbsp; &nbsp;&nbsp; &nbsp;&nbsp; Mode d&#8217;emploi joint pour ceux qui veulent en construire un [&hellip;]<\/p>\n","protected":false},"author":649,"featured_media":0,"comment_status":"closed","ping_status":"closed","sticky":false,"template":"","format":"standard","meta":{"ngg_post_thumbnail":0,"footnotes":""},"categories":[161,92],"tags":[],"class_list":["post-1231","post","type-post","status-publish","format-standard","hentry","category-classes-de-6eme","category-les-sorties-et-voyages-scolaires"],"_links":{"self":[{"href":"https:\/\/www.clg-berty-albrecht.ac-nice.fr\/index.php?rest_route=\/wp\/v2\/posts\/1231","targetHints":{"allow":["GET"]}}],"collection":[{"href":"https:\/\/www.clg-berty-albrecht.ac-nice.fr\/index.php?rest_route=\/wp\/v2\/posts"}],"about":[{"href":"https:\/\/www.clg-berty-albrecht.ac-nice.fr\/index.php?rest_route=\/wp\/v2\/types\/post"}],"author":[{"embeddable":true,"href":"https:\/\/www.clg-berty-albrecht.ac-nice.fr\/index.php?rest_route=\/wp\/v2\/users\/649"}],"replies":[{"embeddable":true,"href":"https:\/\/www.clg-berty-albrecht.ac-nice.fr\/index.php?rest_route=%2Fwp%2Fv2%2Fcomments&post=1231"}],"version-history":[{"count":0,"href":"https:\/\/www.clg-berty-albrecht.ac-nice.fr\/index.php?rest_route=\/wp\/v2\/posts\/1231\/revisions"}],"wp:attachment":[{"href":"https:\/\/www.clg-berty-albrecht.ac-nice.fr\/index.php?rest_route=%2Fwp%2Fv2%2Fmedia&parent=1231"}],"wp:term":[{"taxonomy":"category","embeddable":true,"href":"https:\/\/www.clg-berty-albrecht.ac-nice.fr\/index.php?rest_route=%2Fwp%2Fv2%2Fcategories&post=1231"},{"taxonomy":"post_tag","embeddable":true,"href":"https:\/\/www.clg-berty-albrecht.ac-nice.fr\/index.php?rest_route=%2Fwp%2Fv2%2Ftags&post=1231"}],"curies":[{"name":"wp","href":"https:\/\/api.w.org\/{rel}","templated":true}]}}