{"id":1208,"date":"2021-01-03T12:53:59","date_gmt":"2021-01-03T11:53:59","guid":{"rendered":"https:\/\/www.clg-berty-albrecht.ac-nice.fr\/?p=1208"},"modified":"2021-01-03T12:55:05","modified_gmt":"2021-01-03T11:55:05","slug":"les-activites-de-debut-dannee-de-la-classe-6c-sciences-et-espaces","status":"publish","type":"post","link":"https:\/\/www.clg-berty-albrecht.ac-nice.fr\/?p=1208","title":{"rendered":"Les activit\u00e9s de d\u00e9but d&rsquo;ann\u00e9e 2020-2021 de la classe 6C Sciences et Espaces"},"content":{"rendered":"<h2>&#8211; Fabrication de maquettes du syst\u00e8me solaire.<\/h2>\n<p>Dans le cadre de l&rsquo;\u00e9tude des mat\u00e9riaux, les \u00e9l\u00e8ves ont construit des maquettes du syst\u00e8me solaire avec des mat\u00e9riaux diff\u00e9rents. Ils ont ensuite pr\u00e9sent\u00e9 les mat\u00e9riaux utilis\u00e9s devant les autres \u00e9l\u00e8ves de la classe. Ces maquettes seront r\u00e9utilis\u00e9es lors de l&rsquo;exposition de fin d&rsquo;ann\u00e9e de la classe.<\/p>\n<p><a href=\"https:\/\/www.clg-berty-albrecht.ac-nice.fr\/wp-content\/uploads\/sites\/120\/2021\/01\/Systeme2.jpg\"><img loading=\"lazy\" decoding=\"async\" class=\"alignnone wp-image-1206\" src=\"https:\/\/www.clg-berty-albrecht.ac-nice.fr\/wp-content\/uploads\/sites\/120\/2021\/01\/Systeme2.jpg\" alt=\"\" width=\"919\" height=\"434\" srcset=\"https:\/\/www.clg-berty-albrecht.ac-nice.fr\/wp-content\/uploads\/sites\/120\/2021\/01\/Systeme2.jpg 1500w, https:\/\/www.clg-berty-albrecht.ac-nice.fr\/wp-content\/uploads\/sites\/120\/2021\/01\/Systeme2-300x142.jpg 300w, https:\/\/www.clg-berty-albrecht.ac-nice.fr\/wp-content\/uploads\/sites\/120\/2021\/01\/Systeme2-1024x483.jpg 1024w, https:\/\/www.clg-berty-albrecht.ac-nice.fr\/wp-content\/uploads\/sites\/120\/2021\/01\/Systeme2-768x362.jpg 768w\" sizes=\"auto, (max-width: 919px) 100vw, 919px\" \/><\/a> <a href=\"https:\/\/www.clg-berty-albrecht.ac-nice.fr\/wp-content\/uploads\/sites\/120\/2021\/01\/Systeme1.jpg\"><img loading=\"lazy\" decoding=\"async\" class=\"alignnone wp-image-1205\" src=\"https:\/\/www.clg-berty-albrecht.ac-nice.fr\/wp-content\/uploads\/sites\/120\/2021\/01\/Systeme1.jpg\" alt=\"\" width=\"920\" height=\"398\" srcset=\"https:\/\/www.clg-berty-albrecht.ac-nice.fr\/wp-content\/uploads\/sites\/120\/2021\/01\/Systeme1.jpg 1500w, https:\/\/www.clg-berty-albrecht.ac-nice.fr\/wp-content\/uploads\/sites\/120\/2021\/01\/Systeme1-300x130.jpg 300w, https:\/\/www.clg-berty-albrecht.ac-nice.fr\/wp-content\/uploads\/sites\/120\/2021\/01\/Systeme1-1024x443.jpg 1024w, https:\/\/www.clg-berty-albrecht.ac-nice.fr\/wp-content\/uploads\/sites\/120\/2021\/01\/Systeme1-768x332.jpg 768w\" sizes=\"auto, (max-width: 920px) 100vw, 920px\" \/><\/a><\/p>\n<h2>&#8211; Soir\u00e9e astronomie<\/h2>\n<p>Quoi de mieux que d&rsquo;observer le ciel pour se rendre compte de l&rsquo;immensit\u00e9 de l&rsquo;Univers et de la place que nous occupons dans le syst\u00e8me solaire&nbsp;? Cette ann\u00e9e fut exceptionnelle&nbsp;: Saturne et Jupiter, les deux plus grosses plan\u00e8tes du syst\u00e8me solaire \u00e9taient visibles gr\u00e2ce aux t\u00e9lescopes pr\u00eat\u00e9s par l&rsquo;observatoire du Pic des F\u00e9es de Hy\u00e8res. Les jumelles puissantes nous ont permis de d\u00e9couvrir les crat\u00e8res de la Lune. Constellations, amas d&rsquo;\u00e9toiles \u00e9taient \u00e9galement au programme. Cette soir\u00e9e va permettre la cr\u00e9ation d&rsquo;un expos\u00e9.<\/p>\n<p><a href=\"https:\/\/www.clg-berty-albrecht.ac-nice.fr\/wp-content\/uploads\/sites\/120\/2021\/01\/Astro3.jpg\"><img loading=\"lazy\" decoding=\"async\" class=\"alignnone size-full wp-image-1203\" src=\"https:\/\/www.clg-berty-albrecht.ac-nice.fr\/wp-content\/uploads\/sites\/120\/2021\/01\/Astro3.jpg\" alt=\"\" width=\"1008\" height=\"756\" srcset=\"https:\/\/www.clg-berty-albrecht.ac-nice.fr\/wp-content\/uploads\/sites\/120\/2021\/01\/Astro3.jpg 1008w, https:\/\/www.clg-berty-albrecht.ac-nice.fr\/wp-content\/uploads\/sites\/120\/2021\/01\/Astro3-300x225.jpg 300w, https:\/\/www.clg-berty-albrecht.ac-nice.fr\/wp-content\/uploads\/sites\/120\/2021\/01\/Astro3-768x576.jpg 768w\" sizes=\"auto, (max-width: 1008px) 100vw, 1008px\" \/><\/a> <a href=\"https:\/\/www.clg-berty-albrecht.ac-nice.fr\/wp-content\/uploads\/sites\/120\/2021\/01\/Astro2.jpg\"><img loading=\"lazy\" decoding=\"async\" class=\"alignnone size-full wp-image-1202\" src=\"https:\/\/www.clg-berty-albrecht.ac-nice.fr\/wp-content\/uploads\/sites\/120\/2021\/01\/Astro2.jpg\" alt=\"\" width=\"908\" height=\"681\" srcset=\"https:\/\/www.clg-berty-albrecht.ac-nice.fr\/wp-content\/uploads\/sites\/120\/2021\/01\/Astro2.jpg 908w, https:\/\/www.clg-berty-albrecht.ac-nice.fr\/wp-content\/uploads\/sites\/120\/2021\/01\/Astro2-300x225.jpg 300w, https:\/\/www.clg-berty-albrecht.ac-nice.fr\/wp-content\/uploads\/sites\/120\/2021\/01\/Astro2-768x576.jpg 768w\" sizes=\"auto, (max-width: 908px) 100vw, 908px\" \/><\/a> <a href=\"https:\/\/www.clg-berty-albrecht.ac-nice.fr\/wp-content\/uploads\/sites\/120\/2021\/01\/Astro1.jpg\"><img loading=\"lazy\" decoding=\"async\" class=\"alignnone size-full wp-image-1201\" src=\"https:\/\/www.clg-berty-albrecht.ac-nice.fr\/wp-content\/uploads\/sites\/120\/2021\/01\/Astro1.jpg\" alt=\"\" width=\"1008\" height=\"756\" srcset=\"https:\/\/www.clg-berty-albrecht.ac-nice.fr\/wp-content\/uploads\/sites\/120\/2021\/01\/Astro1.jpg 1008w, https:\/\/www.clg-berty-albrecht.ac-nice.fr\/wp-content\/uploads\/sites\/120\/2021\/01\/Astro1-300x225.jpg 300w, https:\/\/www.clg-berty-albrecht.ac-nice.fr\/wp-content\/uploads\/sites\/120\/2021\/01\/Astro1-768x576.jpg 768w\" sizes=\"auto, (max-width: 1008px) 100vw, 1008px\" \/><\/a><\/p>\n<h2>&#8211; Article du 27 novembre 2020<\/h2>\n<p><a href=\"https:\/\/www.clg-berty-albrecht.ac-nice.fr\/wp-content\/uploads\/sites\/120\/2021\/01\/sciences.jpg\"><img loading=\"lazy\" decoding=\"async\" class=\"alignnone size-full wp-image-1204\" src=\"https:\/\/www.clg-berty-albrecht.ac-nice.fr\/wp-content\/uploads\/sites\/120\/2021\/01\/sciences.jpg\" alt=\"\" width=\"1500\" height=\"1480\" srcset=\"https:\/\/www.clg-berty-albrecht.ac-nice.fr\/wp-content\/uploads\/sites\/120\/2021\/01\/sciences.jpg 1500w, https:\/\/www.clg-berty-albrecht.ac-nice.fr\/wp-content\/uploads\/sites\/120\/2021\/01\/sciences-300x296.jpg 300w, https:\/\/www.clg-berty-albrecht.ac-nice.fr\/wp-content\/uploads\/sites\/120\/2021\/01\/sciences-1024x1010.jpg 1024w, https:\/\/www.clg-berty-albrecht.ac-nice.fr\/wp-content\/uploads\/sites\/120\/2021\/01\/sciences-768x758.jpg 768w\" sizes=\"auto, (max-width: 1500px) 100vw, 1500px\" \/><\/a><\/p>\n","protected":false},"excerpt":{"rendered":"<p>&#8211; Fabrication de maquettes du syst\u00e8me solaire. Dans le cadre de l&rsquo;\u00e9tude des mat\u00e9riaux, les \u00e9l\u00e8ves ont construit des maquettes du syst\u00e8me solaire avec des mat\u00e9riaux diff\u00e9rents. Ils ont ensuite pr\u00e9sent\u00e9 les mat\u00e9riaux utilis\u00e9s devant les autres \u00e9l\u00e8ves de la classe. Ces maquettes seront r\u00e9utilis\u00e9es lors de l&rsquo;exposition de fin d&rsquo;ann\u00e9e de la classe. &#8211; [&hellip;]<\/p>\n","protected":false},"author":649,"featured_media":0,"comment_status":"closed","ping_status":"closed","sticky":false,"template":"","format":"standard","meta":{"ngg_post_thumbnail":0,"footnotes":""},"categories":[161],"tags":[],"class_list":["post-1208","post","type-post","status-publish","format-standard","hentry","category-classes-de-6eme"],"_links":{"self":[{"href":"https:\/\/www.clg-berty-albrecht.ac-nice.fr\/index.php?rest_route=\/wp\/v2\/posts\/1208","targetHints":{"allow":["GET"]}}],"collection":[{"href":"https:\/\/www.clg-berty-albrecht.ac-nice.fr\/index.php?rest_route=\/wp\/v2\/posts"}],"about":[{"href":"https:\/\/www.clg-berty-albrecht.ac-nice.fr\/index.php?rest_route=\/wp\/v2\/types\/post"}],"author":[{"embeddable":true,"href":"https:\/\/www.clg-berty-albrecht.ac-nice.fr\/index.php?rest_route=\/wp\/v2\/users\/649"}],"replies":[{"embeddable":true,"href":"https:\/\/www.clg-berty-albrecht.ac-nice.fr\/index.php?rest_route=%2Fwp%2Fv2%2Fcomments&post=1208"}],"version-history":[{"count":0,"href":"https:\/\/www.clg-berty-albrecht.ac-nice.fr\/index.php?rest_route=\/wp\/v2\/posts\/1208\/revisions"}],"wp:attachment":[{"href":"https:\/\/www.clg-berty-albrecht.ac-nice.fr\/index.php?rest_route=%2Fwp%2Fv2%2Fmedia&parent=1208"}],"wp:term":[{"taxonomy":"category","embeddable":true,"href":"https:\/\/www.clg-berty-albrecht.ac-nice.fr\/index.php?rest_route=%2Fwp%2Fv2%2Fcategories&post=1208"},{"taxonomy":"post_tag","embeddable":true,"href":"https:\/\/www.clg-berty-albrecht.ac-nice.fr\/index.php?rest_route=%2Fwp%2Fv2%2Ftags&post=1208"}],"curies":[{"name":"wp","href":"https:\/\/api.w.org\/{rel}","templated":true}]}}