{"id":1180,"date":"2020-09-20T11:27:20","date_gmt":"2020-09-20T09:27:20","guid":{"rendered":"https:\/\/www.clg-berty-albrecht.ac-nice.fr\/?p=1180"},"modified":"2020-09-20T11:27:20","modified_gmt":"2020-09-20T09:27:20","slug":"6c-sciences-et-espace-2019-2020","status":"publish","type":"post","link":"https:\/\/www.clg-berty-albrecht.ac-nice.fr\/?p=1180","title":{"rendered":"6C Sciences et Espace  2019 -2020"},"content":{"rendered":"<p>Monsieur Mesi\u00e8res et ses \u00e9l\u00e8ves de la classe sciences et espace<\/p>\n<p>Visite de l&rsquo;observatoire de Hy\u00e8res&nbsp;&nbsp;&nbsp;&nbsp;&nbsp;&nbsp;&nbsp;&nbsp;&nbsp;&nbsp;&nbsp;&nbsp;&nbsp;&nbsp;&nbsp;&nbsp;&nbsp;&nbsp;&nbsp; Les cadrans solaires<\/p>\n<p><a href=\"https:\/\/www.clg-berty-albrecht.ac-nice.fr\/wp-content\/uploads\/sites\/120\/2020\/09\/6C-Observatoire-Hyeres.pdf\"><img loading=\"lazy\" decoding=\"async\" class=\"alignnone size-medium wp-image-1181\" src=\"https:\/\/www.clg-berty-albrecht.ac-nice.fr\/wp-content\/uploads\/sites\/120\/2020\/09\/6C-ELEVES-2019-2020-300x183.jpg\" alt=\"\" width=\"300\" height=\"183\" srcset=\"https:\/\/www.clg-berty-albrecht.ac-nice.fr\/wp-content\/uploads\/sites\/120\/2020\/09\/6C-ELEVES-2019-2020-300x183.jpg 300w, https:\/\/www.clg-berty-albrecht.ac-nice.fr\/wp-content\/uploads\/sites\/120\/2020\/09\/6C-ELEVES-2019-2020.jpg 609w\" sizes=\"auto, (max-width: 300px) 100vw, 300px\" \/> &nbsp;&nbsp; <\/a><a href=\"https:\/\/www.clg-berty-albrecht.ac-nice.fr\/wp-content\/uploads\/sites\/120\/2020\/09\/6C-Cadrans-solaires.pdf\"><img loading=\"lazy\" decoding=\"async\" class=\"alignnone size-full wp-image-1182\" src=\"https:\/\/www.clg-berty-albrecht.ac-nice.fr\/wp-content\/uploads\/sites\/120\/2020\/09\/cadran.jpg\" alt=\"\" width=\"160\" height=\"146\"><\/a><\/p>\n<p>Fus\u00e9es au d\u00e9collage<\/p>\n<p><a href=\"https:\/\/www.clg-berty-albrecht.ac-nice.fr\/wp-content\/uploads\/sites\/120\/2020\/09\/6C-Fusees-au-decollage.pdf\"><img loading=\"lazy\" decoding=\"async\" class=\"alignnone  wp-image-1183\" src=\"https:\/\/www.clg-berty-albrecht.ac-nice.fr\/wp-content\/uploads\/sites\/120\/2020\/09\/fusee-en-construction-300x224.jpg\" alt=\"\" width=\"478\" height=\"357\" srcset=\"https:\/\/www.clg-berty-albrecht.ac-nice.fr\/wp-content\/uploads\/sites\/120\/2020\/09\/fusee-en-construction-300x224.jpg 300w, https:\/\/www.clg-berty-albrecht.ac-nice.fr\/wp-content\/uploads\/sites\/120\/2020\/09\/fusee-en-construction-768x572.jpg 768w, https:\/\/www.clg-berty-albrecht.ac-nice.fr\/wp-content\/uploads\/sites\/120\/2020\/09\/fusee-en-construction.jpg 801w\" sizes=\"auto, (max-width: 478px) 100vw, 478px\" \/><\/a><\/p>\n<p>Cliquez sur les photos pour acc\u00e9der aux reportages.<\/p>\n","protected":false},"excerpt":{"rendered":"<p>Monsieur Mesi\u00e8res et ses \u00e9l\u00e8ves de la classe sciences et espace Visite de l&rsquo;observatoire de Hy\u00e8res&nbsp;&nbsp;&nbsp;&nbsp;&nbsp;&nbsp;&nbsp;&nbsp;&nbsp;&nbsp;&nbsp;&nbsp;&nbsp;&nbsp;&nbsp;&nbsp;&nbsp;&nbsp;&nbsp; Les cadrans solaires &nbsp;&nbsp; Fus\u00e9es au d\u00e9collage Cliquez sur les photos pour acc\u00e9der aux reportages.<\/p>\n","protected":false},"author":649,"featured_media":0,"comment_status":"closed","ping_status":"closed","sticky":false,"template":"","format":"standard","meta":{"ngg_post_thumbnail":0,"footnotes":""},"categories":[161],"tags":[],"class_list":["post-1180","post","type-post","status-publish","format-standard","hentry","category-classes-de-6eme"],"_links":{"self":[{"href":"https:\/\/www.clg-berty-albrecht.ac-nice.fr\/index.php?rest_route=\/wp\/v2\/posts\/1180","targetHints":{"allow":["GET"]}}],"collection":[{"href":"https:\/\/www.clg-berty-albrecht.ac-nice.fr\/index.php?rest_route=\/wp\/v2\/posts"}],"about":[{"href":"https:\/\/www.clg-berty-albrecht.ac-nice.fr\/index.php?rest_route=\/wp\/v2\/types\/post"}],"author":[{"embeddable":true,"href":"https:\/\/www.clg-berty-albrecht.ac-nice.fr\/index.php?rest_route=\/wp\/v2\/users\/649"}],"replies":[{"embeddable":true,"href":"https:\/\/www.clg-berty-albrecht.ac-nice.fr\/index.php?rest_route=%2Fwp%2Fv2%2Fcomments&post=1180"}],"version-history":[{"count":0,"href":"https:\/\/www.clg-berty-albrecht.ac-nice.fr\/index.php?rest_route=\/wp\/v2\/posts\/1180\/revisions"}],"wp:attachment":[{"href":"https:\/\/www.clg-berty-albrecht.ac-nice.fr\/index.php?rest_route=%2Fwp%2Fv2%2Fmedia&parent=1180"}],"wp:term":[{"taxonomy":"category","embeddable":true,"href":"https:\/\/www.clg-berty-albrecht.ac-nice.fr\/index.php?rest_route=%2Fwp%2Fv2%2Fcategories&post=1180"},{"taxonomy":"post_tag","embeddable":true,"href":"https:\/\/www.clg-berty-albrecht.ac-nice.fr\/index.php?rest_route=%2Fwp%2Fv2%2Ftags&post=1180"}],"curies":[{"name":"wp","href":"https:\/\/api.w.org\/{rel}","templated":true}]}}