{"id":1164,"date":"2020-08-28T21:47:12","date_gmt":"2020-08-28T19:47:12","guid":{"rendered":"https:\/\/www.clg-berty-albrecht.ac-nice.fr\/?p=1164"},"modified":"2020-08-28T21:47:12","modified_gmt":"2020-08-28T19:47:12","slug":"rentree-septembre-2020","status":"publish","type":"post","link":"https:\/\/www.clg-berty-albrecht.ac-nice.fr\/?p=1164","title":{"rendered":"RENTREE SEPTEMBRE 2020"},"content":{"rendered":"<p>Mesdames, messieurs,<\/p>\n<p>&nbsp;<\/p>\n<p>Nous sommes tr\u00e8s heureux de pouvoir retrouver vos enfants au coll\u00e8ge d\u00e8s mardi 01 septembre. Nous vous transmettons ci-dessous diff\u00e9rents documents qui vous renseigneront sur :<\/p>\n<p>&#8211; les horaires d&rsquo;accueil des \u00e9l\u00e8ves par niveau (la cantine sera assur\u00e9e).<\/p>\n<p>&#8211; les informations sanitaires concernant les familles (l&rsquo;acc\u00e8s au coll\u00e8ge par les parents ne sera pas possible le jour de la rentr\u00e9e).<\/p>\n<p>&#8211; le protocole sanitaire national \u00e9tabli fin ao\u00fbt (le port du masque est obligatoire pour l&rsquo;ensemble des \u00e9l\u00e8ves et des personnels dans l&rsquo;enceinte de l&rsquo;\u00e9tablissement).<\/p>\n<p>Nous demandons \u00e9galement aux parents de porter le masque lorsque ces derniers se pr\u00e9senteront aux abords de l&rsquo;\u00e9tablissement.<\/p>\n<p>Dans l&rsquo;attente d&rsquo;accueillir vos enfants, nous vous souhaitons une belle rentr\u00e9e.<\/p>\n<p>&nbsp;<\/p>\n<p>Cordialement,<\/p>\n<p>La direction du coll\u00e8ge Berty Albrecht<\/p>\n<table style=\"border-collapse: collapse;width: 100%;height: 27px\">\n<tbody>\n<tr style=\"height: 27px\">\n<td style=\"width: 33.3333%;height: 27px\"><a href=\"https:\/\/www.clg-berty-albrecht.ac-nice.fr\/wp-content\/uploads\/sites\/120\/2020\/08\/CALENDRIER-DE-LA-RENTREE-DES-CLASSES.pdf\" target=\"_blank\" rel=\"noopener noreferrer\">CALENDRIER DE RENTREE 2020<\/a><\/td>\n<td style=\"width: 33.3333%;height: 27px\"><a href=\"https:\/\/www.clg-berty-albrecht.ac-nice.fr\/wp-content\/uploads\/sites\/120\/2020\/08\/protocole-sanitaire-ann-e-scolaire-2021-2021-71258.pdf\" target=\"_blank\" rel=\"noopener noreferrer\">PROTOCOLE SANITAIRE<\/a><\/td>\n<td style=\"width: 33.3333%;height: 27px\"><a href=\"https:\/\/www.clg-berty-albrecht.ac-nice.fr\/wp-content\/uploads\/sites\/120\/2020\/08\/livret-parents-rentree-2020-covid19-71224.pdf\" target=\"_blank\" rel=\"noopener noreferrer\">INFORMATIONS SANITAIRES FAMILLES<\/a><\/td>\n<\/tr>\n<\/tbody>\n<\/table>\n","protected":false},"excerpt":{"rendered":"<p>Mesdames, messieurs, &nbsp; Nous sommes tr\u00e8s heureux de pouvoir retrouver vos enfants au coll\u00e8ge d\u00e8s mardi 01 septembre. Nous vous transmettons ci-dessous diff\u00e9rents documents qui vous renseigneront sur : &#8211; les horaires d&rsquo;accueil des \u00e9l\u00e8ves par niveau (la cantine sera assur\u00e9e). &#8211; les informations sanitaires concernant les familles (l&rsquo;acc\u00e8s au coll\u00e8ge par les parents ne [&hellip;]<\/p>\n","protected":false},"author":649,"featured_media":0,"comment_status":"closed","ping_status":"closed","sticky":false,"template":"","format":"standard","meta":{"ngg_post_thumbnail":0,"footnotes":""},"categories":[61],"tags":[],"class_list":["post-1164","post","type-post","status-publish","format-standard","hentry","category-actualites"],"_links":{"self":[{"href":"https:\/\/www.clg-berty-albrecht.ac-nice.fr\/index.php?rest_route=\/wp\/v2\/posts\/1164","targetHints":{"allow":["GET"]}}],"collection":[{"href":"https:\/\/www.clg-berty-albrecht.ac-nice.fr\/index.php?rest_route=\/wp\/v2\/posts"}],"about":[{"href":"https:\/\/www.clg-berty-albrecht.ac-nice.fr\/index.php?rest_route=\/wp\/v2\/types\/post"}],"author":[{"embeddable":true,"href":"https:\/\/www.clg-berty-albrecht.ac-nice.fr\/index.php?rest_route=\/wp\/v2\/users\/649"}],"replies":[{"embeddable":true,"href":"https:\/\/www.clg-berty-albrecht.ac-nice.fr\/index.php?rest_route=%2Fwp%2Fv2%2Fcomments&post=1164"}],"version-history":[{"count":0,"href":"https:\/\/www.clg-berty-albrecht.ac-nice.fr\/index.php?rest_route=\/wp\/v2\/posts\/1164\/revisions"}],"wp:attachment":[{"href":"https:\/\/www.clg-berty-albrecht.ac-nice.fr\/index.php?rest_route=%2Fwp%2Fv2%2Fmedia&parent=1164"}],"wp:term":[{"taxonomy":"category","embeddable":true,"href":"https:\/\/www.clg-berty-albrecht.ac-nice.fr\/index.php?rest_route=%2Fwp%2Fv2%2Fcategories&post=1164"},{"taxonomy":"post_tag","embeddable":true,"href":"https:\/\/www.clg-berty-albrecht.ac-nice.fr\/index.php?rest_route=%2Fwp%2Fv2%2Ftags&post=1164"}],"curies":[{"name":"wp","href":"https:\/\/api.w.org\/{rel}","templated":true}]}}